{"id":9847,"date":"2022-03-29T08:02:00","date_gmt":"2022-03-29T06:02:00","guid":{"rendered":"https:\/\/www.vss-sezana.si\/?p=9847"},"modified":"2022-03-29T08:01:41","modified_gmt":"2022-03-29T06:01:41","slug":"program-usposabljanja-avdiovizualno-ustvarjanje-znotraj-delovnega-procesa","status":"publish","type":"post","link":"https:\/\/www.vss-sezana.si\/?p=9847","title":{"rendered":"Program usposabljanja &#8211; Avdiovizualno ustvarjanje znotraj delovnega procesa"},"content":{"rendered":"\n<p>Ob nenehnem napredku IKT tehnologije, avdio-video snemalne opreme, programske opreme za monta\u017eo in obdelavo slike in zvoka ter razmahu novih distribucijskih kanalov avdio-video vsebin kot so Youtube in socialna omre\u017eja, sodi osnovno poznavanje avdio-video produkcije k splo\u0161no uporabnim in iskanim znanjem, ki se pri\u010dakujejo od vedno \u0161ir\u0161ega kroga zaposlenih na raznovrstnih podro\u010djih.<\/p>\n\n\n\n<p>\u010ce se tudi vi \u017eelite spoznati z razli\u010dnimi tipi avdio-video snemalne tehnike, s programskim orodjem za video monta\u017eo in postprodukcijo slike in zvoka ter pripravo avdio-video vsebin za razli\u010dne spletne distribucijske kanale, vas vabimo na usposabljanje, ki ga pripravljamo na Vi\u0161ji strokovni \u0161oli Se\u017eana.<\/p>\n\n\n\n<p><strong>Usposabljanje je brezpla\u010dno za vse zaposlene in poteka v okviru projekta Munera 3.<\/strong><\/p>\n\n\n\n<p>Uvodno sre\u010danje bo v <strong>ponedeljek, 4. 4. 2022 ob 17.00<\/strong>; usposabljanja bodo potekala ob ponedeljkih in \u010detrtkih (17.00\u201320.00), dva termina pa bosta predvidoma tudi v soboto (v dogovoru z udele\u017eenci usposabljanja).<\/p>\n\n\n\n<p>Ve\u010d informacij o programu usposabljanja: <\/p>\n\n\n\n<div class=\"wp-block-file\"><a id=\"wp-block-file--media-2eb582fb-d89c-4640-8a44-fd972daff591\" href=\"https:\/\/www.vss-sezana.si\/wp-content\/uploads\/2022\/03\/Munera_avdiovizualno-ustvarjanje-znotraj-delovnega-procesa.docx\">Munera_avdiovizualno-ustvarjanje-znotraj-delovnega-procesa<\/a><a href=\"https:\/\/www.vss-sezana.si\/wp-content\/uploads\/2022\/03\/Munera_avdiovizualno-ustvarjanje-znotraj-delovnega-procesa.docx\" class=\"wp-block-file__button\" download aria-describedby=\"wp-block-file--media-2eb582fb-d89c-4640-8a44-fd972daff591\">Prenos<\/a><\/div>\n\n\n\n<p>Za prijave in dodatne informacije lahko pi\u0161ete na elektronski naslov&nbsp;<a href=\"info@vss-sezana.si\">info@vss-sezana.si<\/a> oziroma pokli\u010dete na telefonsko \u0161tevilko 05 731 35 16.<\/p>\n\n\n\n<figure class=\"wp-block-image size-large\"><img data-recalc-dims=\"1\" loading=\"lazy\" decoding=\"async\" width=\"1030\" height=\"687\" data-attachment-id=\"9848\" data-permalink=\"https:\/\/www.vss-sezana.si\/?attachment_id=9848\" data-orig-file=\"https:\/\/i0.wp.com\/www.vss-sezana.si\/wp-content\/uploads\/2022\/03\/Mitski_Park_2020_Foto_Marko_Klancar_2376_72ppi.jpg?fit=2250%2C1500&amp;ssl=1\" data-orig-size=\"2250,1500\" data-comments-opened=\"1\" data-image-meta=\"{&quot;aperture&quot;:&quot;2.8&quot;,&quot;credit&quot;:&quot;Marko Klancar&quot;,&quot;camera&quot;:&quot;Canon EOS 90D&quot;,&quot;caption&quot;:&quot;Mitski Park; Slovenija (Rodik) Koncna Tocka RTV inteviu s \\u0160pela \\u0160edivy&quot;,&quot;created_timestamp&quot;:&quot;1592037589&quot;,&quot;copyright&quot;:&quot;\\u00a9Marko Klan\\u010dar&quot;,&quot;focal_length&quot;:&quot;100&quot;,&quot;iso&quot;:&quot;640&quot;,&quot;shutter_speed&quot;:&quot;0.00625&quot;,&quot;title&quot;:&quot;Mitski Park&quot;,&quot;orientation&quot;:&quot;1&quot;}\" data-image-title=\"Mitski Park\" data-image-description=\"\" data-image-caption=\"&lt;p&gt;Mitski Park; Slovenija (Rodik) Koncna Tocka RTV inteviu s \u0160pela \u0160edivy&lt;\/p&gt;\n\" data-large-file=\"https:\/\/i0.wp.com\/www.vss-sezana.si\/wp-content\/uploads\/2022\/03\/Mitski_Park_2020_Foto_Marko_Klancar_2376_72ppi.jpg?fit=1030%2C687&amp;ssl=1\" src=\"https:\/\/i0.wp.com\/www.vss-sezana.si\/wp-content\/uploads\/2022\/03\/Mitski_Park_2020_Foto_Marko_Klancar_2376_72ppi.jpg?resize=1030%2C687&#038;ssl=1\" alt=\"\" class=\"wp-image-9848\" srcset=\"https:\/\/i0.wp.com\/www.vss-sezana.si\/wp-content\/uploads\/2022\/03\/Mitski_Park_2020_Foto_Marko_Klancar_2376_72ppi.jpg?resize=1030%2C687&amp;ssl=1 1030w, https:\/\/i0.wp.com\/www.vss-sezana.si\/wp-content\/uploads\/2022\/03\/Mitski_Park_2020_Foto_Marko_Klancar_2376_72ppi.jpg?resize=300%2C200&amp;ssl=1 300w, https:\/\/i0.wp.com\/www.vss-sezana.si\/wp-content\/uploads\/2022\/03\/Mitski_Park_2020_Foto_Marko_Klancar_2376_72ppi.jpg?resize=768%2C512&amp;ssl=1 768w, https:\/\/i0.wp.com\/www.vss-sezana.si\/wp-content\/uploads\/2022\/03\/Mitski_Park_2020_Foto_Marko_Klancar_2376_72ppi.jpg?resize=1536%2C1024&amp;ssl=1 1536w, https:\/\/i0.wp.com\/www.vss-sezana.si\/wp-content\/uploads\/2022\/03\/Mitski_Park_2020_Foto_Marko_Klancar_2376_72ppi.jpg?resize=2048%2C1365&amp;ssl=1 2048w, https:\/\/i0.wp.com\/www.vss-sezana.si\/wp-content\/uploads\/2022\/03\/Mitski_Park_2020_Foto_Marko_Klancar_2376_72ppi.jpg?resize=1500%2C1000&amp;ssl=1 1500w, https:\/\/i0.wp.com\/www.vss-sezana.si\/wp-content\/uploads\/2022\/03\/Mitski_Park_2020_Foto_Marko_Klancar_2376_72ppi.jpg?resize=705%2C470&amp;ssl=1 705w, https:\/\/i0.wp.com\/www.vss-sezana.si\/wp-content\/uploads\/2022\/03\/Mitski_Park_2020_Foto_Marko_Klancar_2376_72ppi.jpg?resize=450%2C300&amp;ssl=1 450w\" sizes=\"auto, (max-width: 1030px) 100vw, 1030px\" \/><figcaption>Fotografija: Marko Klan\u010dar<\/figcaption><\/figure>\n\n\n\n<figure class=\"wp-block-image size-full\"><img data-recalc-dims=\"1\" loading=\"lazy\" decoding=\"async\" width=\"585\" height=\"90\" data-attachment-id=\"9856\" data-permalink=\"https:\/\/www.vss-sezana.si\/?attachment_id=9856\" data-orig-file=\"https:\/\/i0.wp.com\/www.vss-sezana.si\/wp-content\/uploads\/2022\/03\/logo-Munera-3.jpg?fit=585%2C90&amp;ssl=1\" data-orig-size=\"585,90\" data-comments-opened=\"1\" data-image-meta=\"{&quot;aperture&quot;:&quot;0&quot;,&quot;credit&quot;:&quot;&quot;,&quot;camera&quot;:&quot;&quot;,&quot;caption&quot;:&quot;&quot;,&quot;created_timestamp&quot;:&quot;0&quot;,&quot;copyright&quot;:&quot;&quot;,&quot;focal_length&quot;:&quot;0&quot;,&quot;iso&quot;:&quot;0&quot;,&quot;shutter_speed&quot;:&quot;0&quot;,&quot;title&quot;:&quot;&quot;,&quot;orientation&quot;:&quot;0&quot;}\" data-image-title=\"logo-Munera-3\" data-image-description=\"\" data-image-caption=\"\" data-large-file=\"https:\/\/i0.wp.com\/www.vss-sezana.si\/wp-content\/uploads\/2022\/03\/logo-Munera-3.jpg?fit=585%2C90&amp;ssl=1\" src=\"https:\/\/i0.wp.com\/www.vss-sezana.si\/wp-content\/uploads\/2022\/03\/logo-Munera-3.jpg?resize=585%2C90&#038;ssl=1\" alt=\"\" class=\"wp-image-9856\" srcset=\"https:\/\/i0.wp.com\/www.vss-sezana.si\/wp-content\/uploads\/2022\/03\/logo-Munera-3.jpg?w=585&amp;ssl=1 585w, https:\/\/i0.wp.com\/www.vss-sezana.si\/wp-content\/uploads\/2022\/03\/logo-Munera-3.jpg?resize=300%2C46&amp;ssl=1 300w, https:\/\/i0.wp.com\/www.vss-sezana.si\/wp-content\/uploads\/2022\/03\/logo-Munera-3.jpg?resize=450%2C69&amp;ssl=1 450w\" sizes=\"auto, (max-width: 585px) 100vw, 585px\" \/><\/figure>\n","protected":false},"excerpt":{"rendered":"<p>Ob nenehnem napredku IKT tehnologije, avdio-video snemalne opreme, programske opreme za monta\u017eo in obdelavo slike in zvoka ter razmahu novih distribucijskih kanalov avdio-video vsebin kot so Youtube in socialna omre\u017eja, sodi osnovno poznavanje avdio-video produkcije k splo\u0161no uporabnim in iskanim znanjem, ki se pri\u010dakujejo od vedno \u0161ir\u0161ega kroga zaposlenih na raznovrstnih podro\u010djih. \u010ce se tudi [&hellip;]<\/p>\n","protected":false},"author":2,"featured_media":0,"comment_status":"open","ping_status":"open","sticky":false,"template":"","format":"standard","meta":{"_jetpack_newsletter_access":"","_jetpack_dont_email_post_to_subs":false,"_jetpack_newsletter_tier_id":0,"_jetpack_memberships_contains_paywalled_content":false,"_jetpack_memberships_contains_paid_content":false,"footnotes":""},"categories":[1],"tags":[],"class_list":["post-9847","post","type-post","status-publish","format-standard","hentry","category-nekategorizirano"],"aioseo_notices":[],"jetpack_featured_media_url":"","jetpack_sharing_enabled":true,"jetpack_shortlink":"https:\/\/wp.me\/p6N9ot-2yP","jetpack-related-posts":[],"_links":{"self":[{"href":"https:\/\/www.vss-sezana.si\/index.php?rest_route=\/wp\/v2\/posts\/9847","targetHints":{"allow":["GET"]}}],"collection":[{"href":"https:\/\/www.vss-sezana.si\/index.php?rest_route=\/wp\/v2\/posts"}],"about":[{"href":"https:\/\/www.vss-sezana.si\/index.php?rest_route=\/wp\/v2\/types\/post"}],"author":[{"embeddable":true,"href":"https:\/\/www.vss-sezana.si\/index.php?rest_route=\/wp\/v2\/users\/2"}],"replies":[{"embeddable":true,"href":"https:\/\/www.vss-sezana.si\/index.php?rest_route=%2Fwp%2Fv2%2Fcomments&post=9847"}],"version-history":[{"count":3,"href":"https:\/\/www.vss-sezana.si\/index.php?rest_route=\/wp\/v2\/posts\/9847\/revisions"}],"predecessor-version":[{"id":9862,"href":"https:\/\/www.vss-sezana.si\/index.php?rest_route=\/wp\/v2\/posts\/9847\/revisions\/9862"}],"wp:attachment":[{"href":"https:\/\/www.vss-sezana.si\/index.php?rest_route=%2Fwp%2Fv2%2Fmedia&parent=9847"}],"wp:term":[{"taxonomy":"category","embeddable":true,"href":"https:\/\/www.vss-sezana.si\/index.php?rest_route=%2Fwp%2Fv2%2Fcategories&post=9847"},{"taxonomy":"post_tag","embeddable":true,"href":"https:\/\/www.vss-sezana.si\/index.php?rest_route=%2Fwp%2Fv2%2Ftags&post=9847"}],"curies":[{"name":"wp","href":"https:\/\/api.w.org\/{rel}","templated":true}]}}