{"id":9815,"date":"2022-03-07T10:14:57","date_gmt":"2022-03-07T09:14:57","guid":{"rendered":"https:\/\/www.vss-sezana.si\/?p=9815"},"modified":"2022-03-07T10:28:29","modified_gmt":"2022-03-07T09:28:29","slug":"razstave-od-dnevu-zena","status":"publish","type":"post","link":"https:\/\/www.vss-sezana.si\/?p=9815","title":{"rendered":"Dan \u017eena: 3 umetnice, 3 galerije, 3 razstave"},"content":{"rendered":"\n<p>Ob dnevu \u017eena so v POU Buje\/UPA Buie pripravili tri razstave izjemno nadarjenih umetnic, ki bodo postavljene na treh razli\u010dnih lokacijah v mestu. Vljudno vabljeni, da se v <strong>torek, 8. marca<\/strong> z njimi sprehodite skozi umetnost Nata\u0161e Bezi\u0107, Elizabete Ru\u017ei\u0107 in na\u0161e diplomantke Tee \u0160tokovac. Za\u010detek poti je ob 18.30 v Kuli sv. Martina.<\/p>\n\n\n\n<p>Kuratorka razstav je na\u0161a predavateljica MgA. Jasna Klan\u010di\u0161ar. <\/p>\n\n\n\n<p>Ve\u010d informacij: <a href=\"https:\/\/www.facebook.com\/events\/503601821393271?ref=newsfeed\">https:\/\/www.facebook.com\/events\/503601821393271?ref=newsfeed<\/a><\/p>\n\n\n\n<figure class=\"wp-block-image size-large\"><img data-recalc-dims=\"1\" loading=\"lazy\" decoding=\"async\" width=\"1030\" height=\"539\" data-attachment-id=\"9816\" data-permalink=\"https:\/\/www.vss-sezana.si\/?attachment_id=9816\" data-orig-file=\"https:\/\/i0.wp.com\/www.vss-sezana.si\/wp-content\/uploads\/2022\/03\/275066424_2616198288513680_2850098832008178117_n.jpg?fit=2048%2C1072&amp;ssl=1\" data-orig-size=\"2048,1072\" data-comments-opened=\"1\" data-image-meta=\"{&quot;aperture&quot;:&quot;0&quot;,&quot;credit&quot;:&quot;&quot;,&quot;camera&quot;:&quot;&quot;,&quot;caption&quot;:&quot;&quot;,&quot;created_timestamp&quot;:&quot;0&quot;,&quot;copyright&quot;:&quot;&quot;,&quot;focal_length&quot;:&quot;0&quot;,&quot;iso&quot;:&quot;0&quot;,&quot;shutter_speed&quot;:&quot;0&quot;,&quot;title&quot;:&quot;&quot;,&quot;orientation&quot;:&quot;0&quot;}\" data-image-title=\"275066424_2616198288513680_2850098832008178117_n\" data-image-description=\"\" data-image-caption=\"\" data-large-file=\"https:\/\/i0.wp.com\/www.vss-sezana.si\/wp-content\/uploads\/2022\/03\/275066424_2616198288513680_2850098832008178117_n.jpg?fit=1030%2C539&amp;ssl=1\" src=\"https:\/\/i0.wp.com\/www.vss-sezana.si\/wp-content\/uploads\/2022\/03\/275066424_2616198288513680_2850098832008178117_n.jpg?resize=1030%2C539&#038;ssl=1\" alt=\"\" class=\"wp-image-9816\" srcset=\"https:\/\/i0.wp.com\/www.vss-sezana.si\/wp-content\/uploads\/2022\/03\/275066424_2616198288513680_2850098832008178117_n.jpg?resize=1030%2C539&amp;ssl=1 1030w, https:\/\/i0.wp.com\/www.vss-sezana.si\/wp-content\/uploads\/2022\/03\/275066424_2616198288513680_2850098832008178117_n.jpg?resize=300%2C157&amp;ssl=1 300w, https:\/\/i0.wp.com\/www.vss-sezana.si\/wp-content\/uploads\/2022\/03\/275066424_2616198288513680_2850098832008178117_n.jpg?resize=768%2C402&amp;ssl=1 768w, https:\/\/i0.wp.com\/www.vss-sezana.si\/wp-content\/uploads\/2022\/03\/275066424_2616198288513680_2850098832008178117_n.jpg?resize=1536%2C804&amp;ssl=1 1536w, https:\/\/i0.wp.com\/www.vss-sezana.si\/wp-content\/uploads\/2022\/03\/275066424_2616198288513680_2850098832008178117_n.jpg?resize=1500%2C785&amp;ssl=1 1500w, https:\/\/i0.wp.com\/www.vss-sezana.si\/wp-content\/uploads\/2022\/03\/275066424_2616198288513680_2850098832008178117_n.jpg?resize=705%2C369&amp;ssl=1 705w, https:\/\/i0.wp.com\/www.vss-sezana.si\/wp-content\/uploads\/2022\/03\/275066424_2616198288513680_2850098832008178117_n.jpg?resize=450%2C236&amp;ssl=1 450w, https:\/\/i0.wp.com\/www.vss-sezana.si\/wp-content\/uploads\/2022\/03\/275066424_2616198288513680_2850098832008178117_n.jpg?w=2048&amp;ssl=1 2048w\" sizes=\"auto, (max-width: 1030px) 100vw, 1030px\" \/><\/figure>\n\n\n\n<p> <\/p>\n","protected":false},"excerpt":{"rendered":"<p>Ob dnevu \u017eena so v POU Buje\/UPA Buie pripravili tri razstave izjemno nadarjenih umetnic, ki bodo postavljene na treh razli\u010dnih lokacijah v mestu. Vljudno vabljeni, da se v torek, 8. marca z njimi sprehodite skozi umetnost Nata\u0161e Bezi\u0107, Elizabete Ru\u017ei\u0107 in na\u0161e diplomantke Tee \u0160tokovac. Za\u010detek poti je ob 18.30 v Kuli sv. Martina. Kuratorka [&hellip;]<\/p>\n","protected":false},"author":2,"featured_media":0,"comment_status":"open","ping_status":"open","sticky":false,"template":"","format":"standard","meta":{"_jetpack_newsletter_access":"","_jetpack_dont_email_post_to_subs":false,"_jetpack_newsletter_tier_id":0,"_jetpack_memberships_contains_paywalled_content":false,"_jetpack_memberships_contains_paid_content":false,"footnotes":""},"categories":[1],"tags":[],"class_list":["post-9815","post","type-post","status-publish","format-standard","hentry","category-nekategorizirano"],"aioseo_notices":[],"jetpack_featured_media_url":"","jetpack_sharing_enabled":true,"jetpack_shortlink":"https:\/\/wp.me\/p6N9ot-2yj","jetpack-related-posts":[],"_links":{"self":[{"href":"https:\/\/www.vss-sezana.si\/index.php?rest_route=\/wp\/v2\/posts\/9815","targetHints":{"allow":["GET"]}}],"collection":[{"href":"https:\/\/www.vss-sezana.si\/index.php?rest_route=\/wp\/v2\/posts"}],"about":[{"href":"https:\/\/www.vss-sezana.si\/index.php?rest_route=\/wp\/v2\/types\/post"}],"author":[{"embeddable":true,"href":"https:\/\/www.vss-sezana.si\/index.php?rest_route=\/wp\/v2\/users\/2"}],"replies":[{"embeddable":true,"href":"https:\/\/www.vss-sezana.si\/index.php?rest_route=%2Fwp%2Fv2%2Fcomments&post=9815"}],"version-history":[{"count":3,"href":"https:\/\/www.vss-sezana.si\/index.php?rest_route=\/wp\/v2\/posts\/9815\/revisions"}],"predecessor-version":[{"id":9819,"href":"https:\/\/www.vss-sezana.si\/index.php?rest_route=\/wp\/v2\/posts\/9815\/revisions\/9819"}],"wp:attachment":[{"href":"https:\/\/www.vss-sezana.si\/index.php?rest_route=%2Fwp%2Fv2%2Fmedia&parent=9815"}],"wp:term":[{"taxonomy":"category","embeddable":true,"href":"https:\/\/www.vss-sezana.si\/index.php?rest_route=%2Fwp%2Fv2%2Fcategories&post=9815"},{"taxonomy":"post_tag","embeddable":true,"href":"https:\/\/www.vss-sezana.si\/index.php?rest_route=%2Fwp%2Fv2%2Ftags&post=9815"}],"curies":[{"name":"wp","href":"https:\/\/api.w.org\/{rel}","templated":true}]}}