{"id":9799,"date":"2022-03-14T09:09:00","date_gmt":"2022-03-14T08:09:00","guid":{"rendered":"https:\/\/www.vss-sezana.si\/?p=9799"},"modified":"2022-03-02T09:10:16","modified_gmt":"2022-03-02T08:10:16","slug":"filmsula-morena","status":"publish","type":"post","link":"https:\/\/www.vss-sezana.si\/?p=9799","title":{"rendered":"Film\u0161ula: &#8220;Morena&#8221;"},"content":{"rendered":"\n<p>\u0160estnajstletna Julija \u017eivi z gospodovalnim o\u010detom in mlado materjo na odmaknjenem hrva\u0161kem otoku. Dneve pre\u017eivlja med potapljanjem po azurnem morju, lovom na morene ter opazovanjem turistov, ki se zabavajo v bli\u017enjem zalivu. Napetost med h\u010derko in o\u010detom pa za\u010dne nara\u0161\u010dati, ko na otok prispe star dru\u017einski prijatelj Javier. Medtem ko sku\u0161a o\u010de z njim skleniti velik posel, svetovljanski in karizmati\u010dni tujec v Juliji prebudi slo po svobodi \u2026<\/p>\n\n\n\n<p>Vabljeni na ogled filma v\u00a0<strong>petek, 18. marca 2022 ob 15.00<\/strong>\u00a0v Kosovelov dom Se\u017eana.<\/p>\n\n\n\n<p>Po filmu bo pogovor, ki ga bo vodila Lu\u010dka Berlot.<\/p>\n\n\n\n<p>Vstopnina: redna cena 3 EUR, za dijake in \u0161tudente\u00a0<strong>brezpla\u010dno<\/strong>.<\/p>\n\n\n\n<p>Ve\u010d o programu Film\u0161ulskih projekcij najdete na spletni strani: <a href=\"http:\/\/film\u0161ula.si\/\">http:\/\/film\u0161ula.si\/<\/a><\/p>\n\n\n\n<figure class=\"wp-block-image\"><img data-recalc-dims=\"1\" decoding=\"async\" src=\"https:\/\/i0.wp.com\/kosovelovdom.si\/wp-content\/uploads\/2022\/02\/Morena.jpg?w=1500&#038;ssl=1\" alt=\"\"\/><\/figure>\n\n\n\n<p>Partnerji programa FILM\u0160ULA v sezoni 2021\/2022 smo:<br>Kosovelov dom Se\u017eana, Mladinski center Podlaga, Klub \u0161tudentov Se\u017eana, \u0160CSK Se\u017eana gimnazija in ekonomska \u0161ola, Vi\u0161ja strokovna \u0161ola.<\/p>\n\n\n\n<p>Projekt sofinancira Slovenski filmski center.<\/p>\n","protected":false},"excerpt":{"rendered":"<p>\u0160estnajstletna Julija \u017eivi z gospodovalnim o\u010detom in mlado materjo na odmaknjenem hrva\u0161kem otoku. Dneve pre\u017eivlja med potapljanjem po azurnem morju, lovom na morene ter opazovanjem turistov, ki se zabavajo v bli\u017enjem zalivu. Napetost med h\u010derko in o\u010detom pa za\u010dne nara\u0161\u010dati, ko na otok prispe star dru\u017einski prijatelj Javier. Medtem ko sku\u0161a o\u010de z njim skleniti [&hellip;]<\/p>\n","protected":false},"author":2,"featured_media":0,"comment_status":"open","ping_status":"open","sticky":false,"template":"","format":"standard","meta":{"_jetpack_newsletter_access":"","_jetpack_dont_email_post_to_subs":false,"_jetpack_newsletter_tier_id":0,"_jetpack_memberships_contains_paywalled_content":false,"_jetpack_memberships_contains_paid_content":false,"footnotes":""},"categories":[1],"tags":[],"class_list":["post-9799","post","type-post","status-publish","format-standard","hentry","category-nekategorizirano"],"aioseo_notices":[],"jetpack_featured_media_url":"","jetpack_sharing_enabled":true,"jetpack_shortlink":"https:\/\/wp.me\/p6N9ot-2y3","jetpack-related-posts":[],"_links":{"self":[{"href":"https:\/\/www.vss-sezana.si\/index.php?rest_route=\/wp\/v2\/posts\/9799","targetHints":{"allow":["GET"]}}],"collection":[{"href":"https:\/\/www.vss-sezana.si\/index.php?rest_route=\/wp\/v2\/posts"}],"about":[{"href":"https:\/\/www.vss-sezana.si\/index.php?rest_route=\/wp\/v2\/types\/post"}],"author":[{"embeddable":true,"href":"https:\/\/www.vss-sezana.si\/index.php?rest_route=\/wp\/v2\/users\/2"}],"replies":[{"embeddable":true,"href":"https:\/\/www.vss-sezana.si\/index.php?rest_route=%2Fwp%2Fv2%2Fcomments&post=9799"}],"version-history":[{"count":3,"href":"https:\/\/www.vss-sezana.si\/index.php?rest_route=\/wp\/v2\/posts\/9799\/revisions"}],"predecessor-version":[{"id":9802,"href":"https:\/\/www.vss-sezana.si\/index.php?rest_route=\/wp\/v2\/posts\/9799\/revisions\/9802"}],"wp:attachment":[{"href":"https:\/\/www.vss-sezana.si\/index.php?rest_route=%2Fwp%2Fv2%2Fmedia&parent=9799"}],"wp:term":[{"taxonomy":"category","embeddable":true,"href":"https:\/\/www.vss-sezana.si\/index.php?rest_route=%2Fwp%2Fv2%2Fcategories&post=9799"},{"taxonomy":"post_tag","embeddable":true,"href":"https:\/\/www.vss-sezana.si\/index.php?rest_route=%2Fwp%2Fv2%2Ftags&post=9799"}],"curies":[{"name":"wp","href":"https:\/\/api.w.org\/{rel}","templated":true}]}}