{"id":9794,"date":"2022-03-02T15:15:00","date_gmt":"2022-03-02T14:15:00","guid":{"rendered":"https:\/\/www.vss-sezana.si\/?p=9794"},"modified":"2022-03-03T06:59:29","modified_gmt":"2022-03-03T05:59:29","slug":"dan-odprtih-vrat-studij-fotografije-in-oblikovanja-materialov","status":"publish","type":"post","link":"https:\/\/www.vss-sezana.si\/?p=9794","title":{"rendered":"DAN ODPRTIH VRAT: \u0161tudij FOTOGRAFIJE in OBLIKOVANJA MATERIALOV"},"content":{"rendered":"\n<p>Na Vi\u0161ji strokovni \u0161oli v Se\u017eani, kjer izobra\u017eujemo na podro\u010dju&nbsp;<strong>fotografije in oblikovanja materialov<\/strong>, pripravljamo&nbsp;<strong>8. MARCA 2022<\/strong>&nbsp;dan odprtih vrat, ko bodo zainteresirani lahko sodelovali na na\u0161ih laboratorijskih vajah, predavanjih, kro\u017ekih in ostalih \u0161tudijskih dejavnostih.&nbsp;<\/p>\n\n\n\n<p>Pripravljamo tudi voden ogled \u0161ole ob 10., 15. in 17. uri ter \u010dajanko ob 16. uri.<\/p>\n\n\n\n<p>Dan odprtih vrat bo potekal od 10.00 do 19.00 ure v prostorih VS\u0160 Se\u017eana, Kra\u0161ka ulica 2, Se\u017eana. Prijave niso potrebne.&nbsp;<\/p>\n\n\n\n<p>Oba programa, ki ju izvajamo, sta dvoletna in podkrepljena z 10 tedensko prakso v gospodarstvu, saj se zavedamo pomena uporabnega\/aplikativnega znanja in ve\u0161\u010din. Programa sta kreditno ovrednotena po sistemu ECTS, izvajamo tudi&nbsp;<strong>projekte mednarodne mobilnosti<\/strong>.<\/p>\n\n\n\n<p>\u0160tudij po vi\u0161je\u0161olskem programu&nbsp;<strong>fotografija<\/strong>&nbsp;seznanja \u0161tudente s fotografskimi in video materiali, z metodami dela, s postopki in tehnologijami na podro\u010djih fotografije in videa. Skupno bazo iz prvega letnika, v drugem nadgradite z izbirnimi moduli&nbsp;<strong>ateljejske, kreativne, reporta\u017ene fotografije ali videa.<\/strong><\/p>\n\n\n\n<p>\u0160tudij po vi\u0161je\u0161olskem programu oblikovanje materialov \u0161tudente usposobi za re\u0161evanje razli\u010dnih&nbsp;<strong>oblikovalskih nalog<\/strong>, od manj\u0161ih obrtnih izdelkov do kompleksnej\u0161ih javnih skulptur. \u0160tudij, organiziran v obliki predavanj in vaj, je naravnan k prakti\u010dnemu, kreativnemu delu.&nbsp;<strong>Kako zelo se u\u010ditelji in \u0161tudentje dopolnjujejo v razli\u010dnih prakti\u010dnih izzivih, jasno sporo\u010da misti\u010den projekt, ki je zdru\u017eil delo na\u0161ih \u0161tudentov in predavateljev vseh smeri:&nbsp;&nbsp;<\/strong><\/p>\n\n\n\n<p><a href=\"https:\/\/www.youtube.com\/watch?v=LAhFYCa_svg\" target=\"_blank\" rel=\"noreferrer noopener\"><strong>40 ton kamenja, 41 skulptur, 12 lokacij = #mitskipark<\/strong><\/a><\/p>\n\n\n\n<p>O kakovosti obeh programov pri\u010dajo dose\u017eki na\u0161ih \u0161tudentov in diplomantov, saj na\u0161i diplomanti svoj \u0161tudij pogosto nadaljujejo na priznanih umetni\u0161kih akademijah, dosegajo vrhunske rezultate na tekmovanjih in nate\u010dajih v Sloveniji in tujini ter so hitro in uspe\u0161no zaposljivi.&nbsp;<\/p>\n\n\n\n<p><strong>Virtualna predstavitev \u0161ole<\/strong> <\/p>\n\n\n\n<p><a href=\"https:\/\/www.youtube.com\/watch?v=OlgxyLA1Jwc\">https:\/\/www.youtube.com\/watch?v=OlgxyLA1Jwc<\/a><\/p>\n\n\n\n<p><a href=\"https:\/\/www.youtube.com\/watch?v=hahJ-QDnv8o\">https:\/\/www.youtube.com\/watch?v=hahJ-QDnv8o<\/a><\/p>\n\n\n\n<p>Podrobneje nas lahko spoznate tudi na na\u0161ih&nbsp;dru\u017ebenih omre\u017ejih <a href=\"https:\/\/www.facebook.com\/fotografijakamen\" target=\"_blank\" rel=\"noreferrer noopener\">FACEBOOK<\/a>,&nbsp;<a href=\"https:\/\/www.instagram.com\/visja_sola_sezana\/\" target=\"_blank\" rel=\"noreferrer noopener\">Instagram<\/a>&nbsp;in&nbsp;<a href=\"https:\/\/www.youtube.com\/watch?v=OlgxyLA1Jwc\" target=\"_blank\" rel=\"noreferrer noopener\">YouTube<\/a>.<\/p>\n\n\n\n<p>Na programih na\u0161ih dvoletnih \u0161tudijev si \u017eelimo kreativnih posameznikov z \u017eeljo delovati na umetni\u0161kem podro\u010dju, saj sta \u0161tudija tako ustvarjalno kot prakti\u010dno naravnana.<\/p>\n\n\n\n<p>Veselimo se sre\u010danja z vami!<\/p>\n\n\n\n<figure class=\"wp-block-gallery has-nested-images columns-default is-cropped wp-block-gallery-1 is-layout-flex wp-block-gallery-is-layout-flex\">\n<figure class=\"wp-block-image size-large\"><img data-recalc-dims=\"1\" loading=\"lazy\" decoding=\"async\" width=\"1030\" height=\"1030\" data-attachment-id=\"9803\" data-permalink=\"https:\/\/www.vss-sezana.si\/?attachment_id=9803\" data-orig-file=\"https:\/\/i0.wp.com\/www.vss-sezana.si\/wp-content\/uploads\/2022\/03\/IG-dov-2022-1-scaled.jpg?fit=2560%2C2560&amp;ssl=1\" data-orig-size=\"2560,2560\" data-comments-opened=\"1\" data-image-meta=\"{&quot;aperture&quot;:&quot;0&quot;,&quot;credit&quot;:&quot;&quot;,&quot;camera&quot;:&quot;&quot;,&quot;caption&quot;:&quot;&quot;,&quot;created_timestamp&quot;:&quot;0&quot;,&quot;copyright&quot;:&quot;&quot;,&quot;focal_length&quot;:&quot;0&quot;,&quot;iso&quot;:&quot;0&quot;,&quot;shutter_speed&quot;:&quot;0&quot;,&quot;title&quot;:&quot;IG dov 2022&quot;,&quot;orientation&quot;:&quot;1&quot;}\" data-image-title=\"IG dov 2022\" data-image-description=\"\" data-image-caption=\"\" data-large-file=\"https:\/\/i0.wp.com\/www.vss-sezana.si\/wp-content\/uploads\/2022\/03\/IG-dov-2022-1-scaled.jpg?fit=1030%2C1030&amp;ssl=1\" data-id=\"9803\" src=\"https:\/\/i0.wp.com\/www.vss-sezana.si\/wp-content\/uploads\/2022\/03\/IG-dov-2022-1.jpg?resize=1030%2C1030&#038;ssl=1\" alt=\"\" class=\"wp-image-9803\" srcset=\"https:\/\/i0.wp.com\/www.vss-sezana.si\/wp-content\/uploads\/2022\/03\/IG-dov-2022-1-scaled.jpg?resize=1030%2C1030&amp;ssl=1 1030w, https:\/\/i0.wp.com\/www.vss-sezana.si\/wp-content\/uploads\/2022\/03\/IG-dov-2022-1-scaled.jpg?resize=300%2C300&amp;ssl=1 300w, https:\/\/i0.wp.com\/www.vss-sezana.si\/wp-content\/uploads\/2022\/03\/IG-dov-2022-1-scaled.jpg?resize=100%2C100&amp;ssl=1 100w, https:\/\/i0.wp.com\/www.vss-sezana.si\/wp-content\/uploads\/2022\/03\/IG-dov-2022-1-scaled.jpg?resize=768%2C768&amp;ssl=1 768w, https:\/\/i0.wp.com\/www.vss-sezana.si\/wp-content\/uploads\/2022\/03\/IG-dov-2022-1-scaled.jpg?resize=1536%2C1536&amp;ssl=1 1536w, https:\/\/i0.wp.com\/www.vss-sezana.si\/wp-content\/uploads\/2022\/03\/IG-dov-2022-1-scaled.jpg?resize=2048%2C2048&amp;ssl=1 2048w, https:\/\/i0.wp.com\/www.vss-sezana.si\/wp-content\/uploads\/2022\/03\/IG-dov-2022-1-scaled.jpg?resize=36%2C36&amp;ssl=1 36w, https:\/\/i0.wp.com\/www.vss-sezana.si\/wp-content\/uploads\/2022\/03\/IG-dov-2022-1-scaled.jpg?resize=180%2C180&amp;ssl=1 180w, https:\/\/i0.wp.com\/www.vss-sezana.si\/wp-content\/uploads\/2022\/03\/IG-dov-2022-1-scaled.jpg?resize=1500%2C1500&amp;ssl=1 1500w, https:\/\/i0.wp.com\/www.vss-sezana.si\/wp-content\/uploads\/2022\/03\/IG-dov-2022-1-scaled.jpg?resize=705%2C705&amp;ssl=1 705w, https:\/\/i0.wp.com\/www.vss-sezana.si\/wp-content\/uploads\/2022\/03\/IG-dov-2022-1-scaled.jpg?resize=120%2C120&amp;ssl=1 120w, https:\/\/i0.wp.com\/www.vss-sezana.si\/wp-content\/uploads\/2022\/03\/IG-dov-2022-1-scaled.jpg?resize=450%2C450&amp;ssl=1 450w\" sizes=\"auto, (max-width: 1030px) 100vw, 1030px\" \/><\/figure>\n\n\n\n<figure class=\"wp-block-image size-large\"><img data-recalc-dims=\"1\" loading=\"lazy\" decoding=\"async\" width=\"1030\" height=\"1030\" data-attachment-id=\"9804\" data-permalink=\"https:\/\/www.vss-sezana.si\/?attachment_id=9804\" data-orig-file=\"https:\/\/i0.wp.com\/www.vss-sezana.si\/wp-content\/uploads\/2022\/03\/IG-dov-2022-2-scaled.jpg?fit=2560%2C2560&amp;ssl=1\" data-orig-size=\"2560,2560\" data-comments-opened=\"1\" data-image-meta=\"{&quot;aperture&quot;:&quot;0&quot;,&quot;credit&quot;:&quot;&quot;,&quot;camera&quot;:&quot;&quot;,&quot;caption&quot;:&quot;&quot;,&quot;created_timestamp&quot;:&quot;0&quot;,&quot;copyright&quot;:&quot;&quot;,&quot;focal_length&quot;:&quot;0&quot;,&quot;iso&quot;:&quot;0&quot;,&quot;shutter_speed&quot;:&quot;0&quot;,&quot;title&quot;:&quot;IG dov 2022&quot;,&quot;orientation&quot;:&quot;1&quot;}\" data-image-title=\"IG dov 2022\" data-image-description=\"\" data-image-caption=\"\" data-large-file=\"https:\/\/i0.wp.com\/www.vss-sezana.si\/wp-content\/uploads\/2022\/03\/IG-dov-2022-2-scaled.jpg?fit=1030%2C1030&amp;ssl=1\" data-id=\"9804\" src=\"https:\/\/i0.wp.com\/www.vss-sezana.si\/wp-content\/uploads\/2022\/03\/IG-dov-2022-2.jpg?resize=1030%2C1030&#038;ssl=1\" alt=\"\" class=\"wp-image-9804\" srcset=\"https:\/\/i0.wp.com\/www.vss-sezana.si\/wp-content\/uploads\/2022\/03\/IG-dov-2022-2-scaled.jpg?resize=1030%2C1030&amp;ssl=1 1030w, https:\/\/i0.wp.com\/www.vss-sezana.si\/wp-content\/uploads\/2022\/03\/IG-dov-2022-2-scaled.jpg?resize=300%2C300&amp;ssl=1 300w, https:\/\/i0.wp.com\/www.vss-sezana.si\/wp-content\/uploads\/2022\/03\/IG-dov-2022-2-scaled.jpg?resize=100%2C100&amp;ssl=1 100w, https:\/\/i0.wp.com\/www.vss-sezana.si\/wp-content\/uploads\/2022\/03\/IG-dov-2022-2-scaled.jpg?resize=768%2C768&amp;ssl=1 768w, https:\/\/i0.wp.com\/www.vss-sezana.si\/wp-content\/uploads\/2022\/03\/IG-dov-2022-2-scaled.jpg?resize=1536%2C1536&amp;ssl=1 1536w, https:\/\/i0.wp.com\/www.vss-sezana.si\/wp-content\/uploads\/2022\/03\/IG-dov-2022-2-scaled.jpg?resize=2048%2C2048&amp;ssl=1 2048w, https:\/\/i0.wp.com\/www.vss-sezana.si\/wp-content\/uploads\/2022\/03\/IG-dov-2022-2-scaled.jpg?resize=36%2C36&amp;ssl=1 36w, https:\/\/i0.wp.com\/www.vss-sezana.si\/wp-content\/uploads\/2022\/03\/IG-dov-2022-2-scaled.jpg?resize=180%2C180&amp;ssl=1 180w, https:\/\/i0.wp.com\/www.vss-sezana.si\/wp-content\/uploads\/2022\/03\/IG-dov-2022-2-scaled.jpg?resize=1500%2C1500&amp;ssl=1 1500w, https:\/\/i0.wp.com\/www.vss-sezana.si\/wp-content\/uploads\/2022\/03\/IG-dov-2022-2-scaled.jpg?resize=705%2C705&amp;ssl=1 705w, https:\/\/i0.wp.com\/www.vss-sezana.si\/wp-content\/uploads\/2022\/03\/IG-dov-2022-2-scaled.jpg?resize=120%2C120&amp;ssl=1 120w, https:\/\/i0.wp.com\/www.vss-sezana.si\/wp-content\/uploads\/2022\/03\/IG-dov-2022-2-scaled.jpg?resize=450%2C450&amp;ssl=1 450w\" sizes=\"auto, (max-width: 1030px) 100vw, 1030px\" \/><\/figure>\n<\/figure>\n","protected":false},"excerpt":{"rendered":"<p>Na Vi\u0161ji strokovni \u0161oli v Se\u017eani, kjer izobra\u017eujemo na podro\u010dju&nbsp;fotografije in oblikovanja materialov, pripravljamo&nbsp;8. MARCA 2022&nbsp;dan odprtih vrat, ko bodo zainteresirani lahko sodelovali na na\u0161ih laboratorijskih vajah, predavanjih, kro\u017ekih in ostalih \u0161tudijskih dejavnostih.&nbsp; Pripravljamo tudi voden ogled \u0161ole ob 10., 15. in 17. uri ter \u010dajanko ob 16. uri. Dan odprtih vrat bo potekal od [&hellip;]<\/p>\n","protected":false},"author":2,"featured_media":0,"comment_status":"open","ping_status":"open","sticky":false,"template":"","format":"standard","meta":{"_jetpack_newsletter_access":"","_jetpack_dont_email_post_to_subs":false,"_jetpack_newsletter_tier_id":0,"_jetpack_memberships_contains_paywalled_content":false,"_jetpack_memberships_contains_paid_content":false,"footnotes":""},"categories":[1],"tags":[],"class_list":["post-9794","post","type-post","status-publish","format-standard","hentry","category-nekategorizirano"],"aioseo_notices":[],"jetpack_featured_media_url":"","jetpack_sharing_enabled":true,"jetpack_shortlink":"https:\/\/wp.me\/p6N9ot-2xY","jetpack-related-posts":[],"_links":{"self":[{"href":"https:\/\/www.vss-sezana.si\/index.php?rest_route=\/wp\/v2\/posts\/9794","targetHints":{"allow":["GET"]}}],"collection":[{"href":"https:\/\/www.vss-sezana.si\/index.php?rest_route=\/wp\/v2\/posts"}],"about":[{"href":"https:\/\/www.vss-sezana.si\/index.php?rest_route=\/wp\/v2\/types\/post"}],"author":[{"embeddable":true,"href":"https:\/\/www.vss-sezana.si\/index.php?rest_route=\/wp\/v2\/users\/2"}],"replies":[{"embeddable":true,"href":"https:\/\/www.vss-sezana.si\/index.php?rest_route=%2Fwp%2Fv2%2Fcomments&post=9794"}],"version-history":[{"count":5,"href":"https:\/\/www.vss-sezana.si\/index.php?rest_route=\/wp\/v2\/posts\/9794\/revisions"}],"predecessor-version":[{"id":9805,"href":"https:\/\/www.vss-sezana.si\/index.php?rest_route=\/wp\/v2\/posts\/9794\/revisions\/9805"}],"wp:attachment":[{"href":"https:\/\/www.vss-sezana.si\/index.php?rest_route=%2Fwp%2Fv2%2Fmedia&parent=9794"}],"wp:term":[{"taxonomy":"category","embeddable":true,"href":"https:\/\/www.vss-sezana.si\/index.php?rest_route=%2Fwp%2Fv2%2Fcategories&post=9794"},{"taxonomy":"post_tag","embeddable":true,"href":"https:\/\/www.vss-sezana.si\/index.php?rest_route=%2Fwp%2Fv2%2Ftags&post=9794"}],"curies":[{"name":"wp","href":"https:\/\/api.w.org\/{rel}","templated":true}]}}