{"id":9754,"date":"2022-03-10T07:35:00","date_gmt":"2022-03-10T06:35:00","guid":{"rendered":"https:\/\/www.vss-sezana.si\/?p=9754"},"modified":"2022-03-14T09:48:55","modified_gmt":"2022-03-14T08:48:55","slug":"predavanje-od-ideje-do-avtorskih-pravic","status":"publish","type":"post","link":"https:\/\/www.vss-sezana.si\/?p=9754","title":{"rendered":"Predavanje &#8220;Od ideje do avtorskih pravic&#8221;"},"content":{"rendered":"\n<p>Filmska producentka Zale Opara bo na primeru resni\u010dnega izziva: izobra\u017eevalne TV nanizanke 50 skladb, ki so nas zapele avtorjev Valentine Smej Novak in Luke Novaka, opisala proces od ideje za koncept nanizanke do njene realizacije in poti pridobivanja avtorskih pravic: od filmskih soavtorjev in avtorjev prispevkov in izvajalcev do avtorjev in zalo\u017enikov glasbe, ki je uporabljena v nanizanki. Svoje izku\u0161nje bo delil filmski producent in soustanovitelj produkcijske hi\u0161e Vertigo, Danijel Ho\u010devar, ki je \u010dlan sveta avdiovizualne kolektivne organizacije AIPA, hkrati pa opravlja funkcijo svetovalca za urejanje avtorskih pravic filma na Hrva\u0161kem. Poleg prakti\u010dnih nasvetov bo podelil tudi svoje bogate izku\u0161nje na primeru produkcije filma Ne bom ve\u010d luzerka, re\u017eiserke Ur\u0161e Menart. <\/p>\n\n\n\n<p>Pogovor s producentko bo potekal <strong>22. 3. 2022 ob 14.00<\/strong> v predavalnici Vi\u0161je strokovne \u0161ole Se\u017eana in ob <strong>18.00<\/strong> v Gorici v organizaciji Kinoateljeja Gorica. <\/p>\n\n\n\n<p>Predavanje je del projekta FILMARIJA in Film\u0161ula Sezana ter je brezpla\u010dno, ker ga sofinancira <a href=\"https:\/\/www.facebook.com\/SlovenskiFilmskiCenter\/?__cft__[0]=AZXO-sZX64Ye45HcQVKgwsNHKQAeg8SfO94nq4f7C14p993V-Ku3W_9OgGn7AKGABVZIYeLnND1QCYRmh1CTMxFMx38H_ZVmjHpNrlHcMoxsytnefwhw8dDNW5nXFlH8XKBFmbhXUmdseLiA-9zqavwgbM6xrFz2tS256WiGN-31RHDkwdIqnfZZAN7GOBmr47CzQPk7p0PVVdNCl9LbsNFo8i8n7pXo4hFeUHBcPn2lGA&amp;__tn__=kK-R\" target=\"_blank\" rel=\"noreferrer noopener\">Slovenski filmski center \/ Slovenian Film Centre<\/a>.<\/p>\n\n\n\n<figure class=\"wp-block-gallery has-nested-images columns-default is-cropped wp-block-gallery-1 is-layout-flex wp-block-gallery-is-layout-flex\">\n<figure class=\"wp-block-image size-large\"><img data-recalc-dims=\"1\" loading=\"lazy\" decoding=\"async\" width=\"1030\" height=\"687\" data-attachment-id=\"9755\" data-permalink=\"https:\/\/www.vss-sezana.si\/?attachment_id=9755\" data-orig-file=\"https:\/\/i0.wp.com\/www.vss-sezana.si\/wp-content\/uploads\/2022\/02\/Zala-Opara-portrait-1-scaled.jpg?fit=2560%2C1706&amp;ssl=1\" data-orig-size=\"2560,1706\" data-comments-opened=\"1\" data-image-meta=\"{&quot;aperture&quot;:&quot;2.2&quot;,&quot;credit&quot;:&quot;&quot;,&quot;camera&quot;:&quot;Canon EOS 5D Mark IV&quot;,&quot;caption&quot;:&quot;&quot;,&quot;created_timestamp&quot;:&quot;1578841892&quot;,&quot;copyright&quot;:&quot;&quot;,&quot;focal_length&quot;:&quot;35&quot;,&quot;iso&quot;:&quot;200&quot;,&quot;shutter_speed&quot;:&quot;0.005&quot;,&quot;title&quot;:&quot;&quot;,&quot;orientation&quot;:&quot;1&quot;}\" data-image-title=\"Zala-Opara-portrait-1\" data-image-description=\"\" data-image-caption=\"\" data-large-file=\"https:\/\/i0.wp.com\/www.vss-sezana.si\/wp-content\/uploads\/2022\/02\/Zala-Opara-portrait-1-scaled.jpg?fit=1030%2C687&amp;ssl=1\" data-id=\"9755\" src=\"https:\/\/i0.wp.com\/www.vss-sezana.si\/wp-content\/uploads\/2022\/02\/Zala-Opara-portrait-1.jpg?resize=1030%2C687&#038;ssl=1\" alt=\"\" class=\"wp-image-9755\" srcset=\"https:\/\/i0.wp.com\/www.vss-sezana.si\/wp-content\/uploads\/2022\/02\/Zala-Opara-portrait-1-scaled.jpg?resize=1030%2C687&amp;ssl=1 1030w, https:\/\/i0.wp.com\/www.vss-sezana.si\/wp-content\/uploads\/2022\/02\/Zala-Opara-portrait-1-scaled.jpg?resize=300%2C200&amp;ssl=1 300w, https:\/\/i0.wp.com\/www.vss-sezana.si\/wp-content\/uploads\/2022\/02\/Zala-Opara-portrait-1-scaled.jpg?resize=768%2C512&amp;ssl=1 768w, https:\/\/i0.wp.com\/www.vss-sezana.si\/wp-content\/uploads\/2022\/02\/Zala-Opara-portrait-1-scaled.jpg?resize=1536%2C1024&amp;ssl=1 1536w, https:\/\/i0.wp.com\/www.vss-sezana.si\/wp-content\/uploads\/2022\/02\/Zala-Opara-portrait-1-scaled.jpg?resize=2048%2C1365&amp;ssl=1 2048w, https:\/\/i0.wp.com\/www.vss-sezana.si\/wp-content\/uploads\/2022\/02\/Zala-Opara-portrait-1-scaled.jpg?resize=1500%2C1000&amp;ssl=1 1500w, https:\/\/i0.wp.com\/www.vss-sezana.si\/wp-content\/uploads\/2022\/02\/Zala-Opara-portrait-1-scaled.jpg?resize=705%2C470&amp;ssl=1 705w, https:\/\/i0.wp.com\/www.vss-sezana.si\/wp-content\/uploads\/2022\/02\/Zala-Opara-portrait-1-scaled.jpg?resize=450%2C300&amp;ssl=1 450w\" sizes=\"auto, (max-width: 1030px) 100vw, 1030px\" \/><\/figure>\n\n\n\n<figure class=\"wp-block-image size-large\"><img data-recalc-dims=\"1\" loading=\"lazy\" decoding=\"async\" width=\"1030\" height=\"687\" data-attachment-id=\"9756\" data-permalink=\"https:\/\/www.vss-sezana.si\/?attachment_id=9756\" data-orig-file=\"https:\/\/i0.wp.com\/www.vss-sezana.si\/wp-content\/uploads\/2022\/02\/Zbudi-me_Zala-Opara_2021-3.jpg?fit=1488%2C992&amp;ssl=1\" data-orig-size=\"1488,992\" data-comments-opened=\"1\" data-image-meta=\"{&quot;aperture&quot;:&quot;1.4&quot;,&quot;credit&quot;:&quot;&quot;,&quot;camera&quot;:&quot;X-T2&quot;,&quot;caption&quot;:&quot;&quot;,&quot;created_timestamp&quot;:&quot;1613294772&quot;,&quot;copyright&quot;:&quot;&quot;,&quot;focal_length&quot;:&quot;56&quot;,&quot;iso&quot;:&quot;800&quot;,&quot;shutter_speed&quot;:&quot;0.008&quot;,&quot;title&quot;:&quot;&quot;,&quot;orientation&quot;:&quot;0&quot;}\" data-image-title=\"Zbudi-me_Zala-Opara_2021-3\" data-image-description=\"\" data-image-caption=\"\" data-large-file=\"https:\/\/i0.wp.com\/www.vss-sezana.si\/wp-content\/uploads\/2022\/02\/Zbudi-me_Zala-Opara_2021-3.jpg?fit=1030%2C687&amp;ssl=1\" data-id=\"9756\" src=\"https:\/\/i0.wp.com\/www.vss-sezana.si\/wp-content\/uploads\/2022\/02\/Zbudi-me_Zala-Opara_2021-3.jpg?resize=1030%2C687&#038;ssl=1\" alt=\"\" class=\"wp-image-9756\" srcset=\"https:\/\/i0.wp.com\/www.vss-sezana.si\/wp-content\/uploads\/2022\/02\/Zbudi-me_Zala-Opara_2021-3.jpg?resize=1030%2C687&amp;ssl=1 1030w, https:\/\/i0.wp.com\/www.vss-sezana.si\/wp-content\/uploads\/2022\/02\/Zbudi-me_Zala-Opara_2021-3.jpg?resize=300%2C200&amp;ssl=1 300w, https:\/\/i0.wp.com\/www.vss-sezana.si\/wp-content\/uploads\/2022\/02\/Zbudi-me_Zala-Opara_2021-3.jpg?resize=768%2C512&amp;ssl=1 768w, https:\/\/i0.wp.com\/www.vss-sezana.si\/wp-content\/uploads\/2022\/02\/Zbudi-me_Zala-Opara_2021-3.jpg?resize=705%2C470&amp;ssl=1 705w, https:\/\/i0.wp.com\/www.vss-sezana.si\/wp-content\/uploads\/2022\/02\/Zbudi-me_Zala-Opara_2021-3.jpg?resize=450%2C300&amp;ssl=1 450w, https:\/\/i0.wp.com\/www.vss-sezana.si\/wp-content\/uploads\/2022\/02\/Zbudi-me_Zala-Opara_2021-3.jpg?w=1488&amp;ssl=1 1488w\" sizes=\"auto, (max-width: 1030px) 100vw, 1030px\" \/><\/figure>\n<figcaption class=\"blocks-gallery-caption\">Fotografije: Zala Opara<\/figcaption><\/figure>\n\n\n\n<p><\/p>\n","protected":false},"excerpt":{"rendered":"<p>Filmska producentka Zale Opara bo na primeru resni\u010dnega izziva: izobra\u017eevalne TV nanizanke 50 skladb, ki so nas zapele avtorjev Valentine Smej Novak in Luke Novaka, opisala proces od ideje za koncept nanizanke do njene realizacije in poti pridobivanja avtorskih pravic: od filmskih soavtorjev in avtorjev prispevkov in izvajalcev do avtorjev in zalo\u017enikov glasbe, ki je [&hellip;]<\/p>\n","protected":false},"author":2,"featured_media":0,"comment_status":"open","ping_status":"open","sticky":false,"template":"","format":"standard","meta":{"_jetpack_newsletter_access":"","_jetpack_dont_email_post_to_subs":false,"_jetpack_newsletter_tier_id":0,"_jetpack_memberships_contains_paywalled_content":false,"_jetpack_memberships_contains_paid_content":false,"footnotes":""},"categories":[1],"tags":[],"class_list":["post-9754","post","type-post","status-publish","format-standard","hentry","category-nekategorizirano"],"aioseo_notices":[],"jetpack_featured_media_url":"","jetpack_sharing_enabled":true,"jetpack_shortlink":"https:\/\/wp.me\/p6N9ot-2xk","jetpack-related-posts":[],"_links":{"self":[{"href":"https:\/\/www.vss-sezana.si\/index.php?rest_route=\/wp\/v2\/posts\/9754","targetHints":{"allow":["GET"]}}],"collection":[{"href":"https:\/\/www.vss-sezana.si\/index.php?rest_route=\/wp\/v2\/posts"}],"about":[{"href":"https:\/\/www.vss-sezana.si\/index.php?rest_route=\/wp\/v2\/types\/post"}],"author":[{"embeddable":true,"href":"https:\/\/www.vss-sezana.si\/index.php?rest_route=\/wp\/v2\/users\/2"}],"replies":[{"embeddable":true,"href":"https:\/\/www.vss-sezana.si\/index.php?rest_route=%2Fwp%2Fv2%2Fcomments&post=9754"}],"version-history":[{"count":4,"href":"https:\/\/www.vss-sezana.si\/index.php?rest_route=\/wp\/v2\/posts\/9754\/revisions"}],"predecessor-version":[{"id":9828,"href":"https:\/\/www.vss-sezana.si\/index.php?rest_route=\/wp\/v2\/posts\/9754\/revisions\/9828"}],"wp:attachment":[{"href":"https:\/\/www.vss-sezana.si\/index.php?rest_route=%2Fwp%2Fv2%2Fmedia&parent=9754"}],"wp:term":[{"taxonomy":"category","embeddable":true,"href":"https:\/\/www.vss-sezana.si\/index.php?rest_route=%2Fwp%2Fv2%2Fcategories&post=9754"},{"taxonomy":"post_tag","embeddable":true,"href":"https:\/\/www.vss-sezana.si\/index.php?rest_route=%2Fwp%2Fv2%2Ftags&post=9754"}],"curies":[{"name":"wp","href":"https:\/\/api.w.org\/{rel}","templated":true}]}}