{"id":9737,"date":"2022-02-17T08:16:00","date_gmt":"2022-02-17T07:16:00","guid":{"rendered":"https:\/\/www.vss-sezana.si\/?p=9737"},"modified":"2022-02-17T08:14:44","modified_gmt":"2022-02-17T07:14:44","slug":"fotografski-natecaj-moja-super-moc","status":"publish","type":"post","link":"https:\/\/www.vss-sezana.si\/?p=9737","title":{"rendered":"Fotografski nate\u010daj &#8211; &#8220;Moja super mo\u010d&#8221;"},"content":{"rendered":"\n<p>Ob evropskem letu mladih 2022, Mladinski center Nova Gorica organizira fotografski nate\u010daj na temo &#8220;Moja super mo\u010d&#8221;. Nate\u010daja se lahko udele\u017eijo vsi mladi, od 15 do 29 let. <\/p>\n\n\n\n<p>Vsak udele\u017eenec naj po\u0161lje dve med seboj povezani fotografiji, s katerima prikazuje fotografsko zgodbo \u00bbMoja super mo\u010d\u00ab. Fotografske zgodbe naj bodo naslovljene ter dopolnjene s kratkimi opisi.&nbsp;20 najbolj\u0161ih fotografskih zgodb, bo razstavljenih na fotografski razstavi, 3 pa bodo dodatno nagrajene. <\/p>\n\n\n\n<p>Ve\u010d informacij o nate\u010daju je na voljo na spletni strani Mladinskega centra Nova Gorica: <a href=\"https:\/\/www.mc-novagorica.si\/mc-za-vse\/prireditve\/\">https:\/\/www.mc-novagorica.si\/mc-za-vse\/prireditve\/<\/a> <\/p>\n\n\n\n<div class=\"wp-block-file\"><a href=\"https:\/\/www.vss-sezana.si\/wp-content\/uploads\/2022\/02\/Prijavnica.doc\">Prijavnica<\/a><a href=\"https:\/\/www.vss-sezana.si\/wp-content\/uploads\/2022\/02\/Prijavnica.doc\" class=\"wp-block-file__button\" download>Prenos<\/a><\/div>\n\n\n\n<div class=\"wp-block-file\"><a href=\"https:\/\/www.vss-sezana.si\/wp-content\/uploads\/2022\/02\/Moja-super-moc\u030c_brez-nagrad.docx\">Moja-super-moc\u030c_besedilo javnega nate\u010daja<\/a><a href=\"https:\/\/www.vss-sezana.si\/wp-content\/uploads\/2022\/02\/Moja-super-moc\u030c_brez-nagrad.docx\" class=\"wp-block-file__button\" download>Prenos<\/a><\/div>\n\n\n\n<figure class=\"wp-block-image size-large\"><img data-recalc-dims=\"1\" loading=\"lazy\" decoding=\"async\" width=\"727\" height=\"1030\" data-attachment-id=\"9738\" data-permalink=\"https:\/\/www.vss-sezana.si\/?attachment_id=9738\" data-orig-file=\"https:\/\/i0.wp.com\/www.vss-sezana.si\/wp-content\/uploads\/2022\/02\/za-objavo.jpg?fit=741%2C1050&amp;ssl=1\" data-orig-size=\"741,1050\" data-comments-opened=\"1\" data-image-meta=\"{&quot;aperture&quot;:&quot;0&quot;,&quot;credit&quot;:&quot;&quot;,&quot;camera&quot;:&quot;&quot;,&quot;caption&quot;:&quot;&quot;,&quot;created_timestamp&quot;:&quot;1644404149&quot;,&quot;copyright&quot;:&quot;&quot;,&quot;focal_length&quot;:&quot;0&quot;,&quot;iso&quot;:&quot;0&quot;,&quot;shutter_speed&quot;:&quot;0&quot;,&quot;title&quot;:&quot;&quot;,&quot;orientation&quot;:&quot;1&quot;}\" data-image-title=\"za-objavo\" data-image-description=\"\" data-image-caption=\"\" data-large-file=\"https:\/\/i0.wp.com\/www.vss-sezana.si\/wp-content\/uploads\/2022\/02\/za-objavo.jpg?fit=727%2C1030&amp;ssl=1\" src=\"https:\/\/i0.wp.com\/www.vss-sezana.si\/wp-content\/uploads\/2022\/02\/za-objavo.jpg?resize=727%2C1030&#038;ssl=1\" alt=\"\" class=\"wp-image-9738\" srcset=\"https:\/\/i0.wp.com\/www.vss-sezana.si\/wp-content\/uploads\/2022\/02\/za-objavo.jpg?resize=727%2C1030&amp;ssl=1 727w, https:\/\/i0.wp.com\/www.vss-sezana.si\/wp-content\/uploads\/2022\/02\/za-objavo.jpg?resize=212%2C300&amp;ssl=1 212w, https:\/\/i0.wp.com\/www.vss-sezana.si\/wp-content\/uploads\/2022\/02\/za-objavo.jpg?resize=498%2C705&amp;ssl=1 498w, https:\/\/i0.wp.com\/www.vss-sezana.si\/wp-content\/uploads\/2022\/02\/za-objavo.jpg?resize=450%2C638&amp;ssl=1 450w, https:\/\/i0.wp.com\/www.vss-sezana.si\/wp-content\/uploads\/2022\/02\/za-objavo.jpg?w=741&amp;ssl=1 741w\" sizes=\"auto, (max-width: 727px) 100vw, 727px\" \/><\/figure>\n","protected":false},"excerpt":{"rendered":"<p>Ob evropskem letu mladih 2022, Mladinski center Nova Gorica organizira fotografski nate\u010daj na temo &#8220;Moja super mo\u010d&#8221;. Nate\u010daja se lahko udele\u017eijo vsi mladi, od 15 do 29 let. Vsak udele\u017eenec naj po\u0161lje dve med seboj povezani fotografiji, s katerima prikazuje fotografsko zgodbo \u00bbMoja super mo\u010d\u00ab. Fotografske zgodbe naj bodo naslovljene ter dopolnjene s kratkimi opisi.&nbsp;20 [&hellip;]<\/p>\n","protected":false},"author":2,"featured_media":0,"comment_status":"open","ping_status":"open","sticky":false,"template":"","format":"standard","meta":{"_jetpack_newsletter_access":"","_jetpack_dont_email_post_to_subs":false,"_jetpack_newsletter_tier_id":0,"_jetpack_memberships_contains_paywalled_content":false,"_jetpack_memberships_contains_paid_content":false,"footnotes":""},"categories":[1],"tags":[],"class_list":["post-9737","post","type-post","status-publish","format-standard","hentry","category-nekategorizirano"],"aioseo_notices":[],"jetpack_featured_media_url":"","jetpack_sharing_enabled":true,"jetpack_shortlink":"https:\/\/wp.me\/p6N9ot-2x3","jetpack-related-posts":[],"_links":{"self":[{"href":"https:\/\/www.vss-sezana.si\/index.php?rest_route=\/wp\/v2\/posts\/9737","targetHints":{"allow":["GET"]}}],"collection":[{"href":"https:\/\/www.vss-sezana.si\/index.php?rest_route=\/wp\/v2\/posts"}],"about":[{"href":"https:\/\/www.vss-sezana.si\/index.php?rest_route=\/wp\/v2\/types\/post"}],"author":[{"embeddable":true,"href":"https:\/\/www.vss-sezana.si\/index.php?rest_route=\/wp\/v2\/users\/2"}],"replies":[{"embeddable":true,"href":"https:\/\/www.vss-sezana.si\/index.php?rest_route=%2Fwp%2Fv2%2Fcomments&post=9737"}],"version-history":[{"count":3,"href":"https:\/\/www.vss-sezana.si\/index.php?rest_route=\/wp\/v2\/posts\/9737\/revisions"}],"predecessor-version":[{"id":9766,"href":"https:\/\/www.vss-sezana.si\/index.php?rest_route=\/wp\/v2\/posts\/9737\/revisions\/9766"}],"wp:attachment":[{"href":"https:\/\/www.vss-sezana.si\/index.php?rest_route=%2Fwp%2Fv2%2Fmedia&parent=9737"}],"wp:term":[{"taxonomy":"category","embeddable":true,"href":"https:\/\/www.vss-sezana.si\/index.php?rest_route=%2Fwp%2Fv2%2Fcategories&post=9737"},{"taxonomy":"post_tag","embeddable":true,"href":"https:\/\/www.vss-sezana.si\/index.php?rest_route=%2Fwp%2Fv2%2Ftags&post=9737"}],"curies":[{"name":"wp","href":"https:\/\/api.w.org\/{rel}","templated":true}]}}