{"id":9719,"date":"2022-02-17T08:15:00","date_gmt":"2022-02-17T07:15:00","guid":{"rendered":"https:\/\/www.vss-sezana.si\/?p=9719"},"modified":"2022-02-22T11:04:02","modified_gmt":"2022-02-22T10:04:02","slug":"razpis-za-vpis-v-visje-strokovno-izobrazevanje-za-studijsko-leto-2022-2023","status":"publish","type":"post","link":"https:\/\/www.vss-sezana.si\/?p=9719","title":{"rendered":"Razpis za vpis v vi\u0161je strokovno izobra\u017eevanje za \u0161tudijsko leto 2022\/2023"},"content":{"rendered":"\n<p><strong>V torek, 1. februarja 2022, je iz\u0161el razpis za vpis v vi\u0161je strokovno izobra\u017eevanje za \u0161tudijsko leto 2022\/23, ki si ga lahko ogledate na naslednji povezavi:<\/strong> <a href=\"https:\/\/www.gov.si\/assets\/ministrstva\/MIZS\/Dokumenti\/Visje-strokovno-izobrazevanje\/Vpis-v-VSS-2022\/23\/Razpis-2022-23_1.2_b.pdf\">https:\/\/www.gov.si\/assets\/ministrstva\/MIZS\/Dokumenti\/Visje-strokovno-izobrazevanje\/Vpis-v-VSS-2022\/23\/Razpis-2022-23_1.2_b.pdf<\/a><\/p>\n\n\n\n<p>Na Vi\u0161ji strokovni \u0161oli Se\u017eana imamo dva \u0161tudijska programa:<\/p>\n\n\n\n<ul class=\"wp-block-list\"><li>Fotografija<\/li><li>Oblikovanje materialov<\/li><\/ul>\n\n\n\n<p><strong>Prvi prijavni rok<\/strong><\/p>\n\n\n\n<p>Kandidati za vpis v vi\u0161je strokovne \u0161ole se na razpis lahko prijavite <strong>od 15. februarja do 18. marca 2022<\/strong> z elektronskim prijavnim obrazcem na spletni strani Vi\u0161je\u0161olske prijavne slu\u017ebe http:\/\/www.vss-ce.com\/vps. Izpolnjen prijavni obrazec natisnite s spletne strani in ga po\u0161ljite s priporo\u010deno po\u0161iljko Vi\u0161je\u0161olski prijavni slu\u017ebi, na naslov: Vi\u0161je\u0161olska prijavna slu\u017eba, \u0160olski center Celje, Pot na Lavo 22, 3000 Celje ali skeniranega na e-naslov: prijava.vps@sc-celje-si<\/p>\n\n\n\n<p>Oddati smete samo eno prijavo, na katero pa lahko napi\u0161ete oziroma se prijavite v najve\u010d tri vi\u0161je strokovne \u0161ole oziroma v tri razli\u010dne vi\u0161je\u0161olske \u0161tudijske programe. V prijavi po prednostnem vrstnem redu navedite, v katere vi\u0161je\u0161olske \u0161tudijske programe se \u017eelite vpisati. \u0160teje se, da se prijavljate v razli\u010dne vi\u0161je\u0161olske \u0161tudijske programe, \u010de se za vpis v isti program prijavite za redni \u0161tudij, izredni \u0161tudij, na sede\u017eu vi\u0161je strokovne \u0161ole oziroma v drugem kraju. Vrstni red zapisanih \u0161ol in vi\u0161je\u0161olskih \u0161tudijskih programov je zelo pomemben, saj boste uvr\u0161\u010deni v prvega, za katerega boste izpolnili vse vpisne pogoje.<\/p>\n\n\n\n<p><strong>Zadnji dan za prijavo je 18. marec 2022<\/strong>. Po tem datumu vrstnega reda zapisanih vi\u0161je\u0161olskih \u0161tudijskih programov oziroma \u0161tudijskih \u017eelja ni mogo\u010de ve\u010d spremeniti.<\/p>\n\n\n\n<p>Vi\u0161je\u0161olska prijavna slu\u017eba bo <strong>do 21. julija 2022<\/strong> kandidate, ki so se za vpis prijavili s prvo prijavo, pisno seznanila z izidom izbirnega postopka. Kandidati, ki so izbrani na podlagi Prijave za vpis in o tem obve\u0161\u010deni s strani Vi\u0161je\u0161olske prijavne slu\u017ebe, se na povabilo vi\u0161je strokovne \u0161ole vpi\u0161ejo <strong>do 22. avgusta 2022<\/strong>.<\/p>\n","protected":false},"excerpt":{"rendered":"<p>V torek, 1. februarja 2022, je iz\u0161el razpis za vpis v vi\u0161je strokovno izobra\u017eevanje za \u0161tudijsko leto 2022\/23, ki si ga lahko ogledate na naslednji povezavi: https:\/\/www.gov.si\/assets\/ministrstva\/MIZS\/Dokumenti\/Visje-strokovno-izobrazevanje\/Vpis-v-VSS-2022\/23\/Razpis-2022-23_1.2_b.pdf Na Vi\u0161ji strokovni \u0161oli Se\u017eana imamo dva \u0161tudijska programa: Fotografija Oblikovanje materialov Prvi prijavni rok Kandidati za vpis v vi\u0161je strokovne \u0161ole se na razpis lahko prijavite od [&hellip;]<\/p>\n","protected":false},"author":2,"featured_media":0,"comment_status":"open","ping_status":"open","sticky":true,"template":"","format":"standard","meta":{"_jetpack_newsletter_access":"","_jetpack_dont_email_post_to_subs":false,"_jetpack_newsletter_tier_id":0,"_jetpack_memberships_contains_paywalled_content":false,"_jetpack_memberships_contains_paid_content":false,"footnotes":""},"categories":[1],"tags":[],"class_list":["post-9719","post","type-post","status-publish","format-standard","hentry","category-nekategorizirano"],"aioseo_notices":[],"jetpack_featured_media_url":"","jetpack_sharing_enabled":true,"jetpack_shortlink":"https:\/\/wp.me\/p6N9ot-2wL","jetpack-related-posts":[],"_links":{"self":[{"href":"https:\/\/www.vss-sezana.si\/index.php?rest_route=\/wp\/v2\/posts\/9719","targetHints":{"allow":["GET"]}}],"collection":[{"href":"https:\/\/www.vss-sezana.si\/index.php?rest_route=\/wp\/v2\/posts"}],"about":[{"href":"https:\/\/www.vss-sezana.si\/index.php?rest_route=\/wp\/v2\/types\/post"}],"author":[{"embeddable":true,"href":"https:\/\/www.vss-sezana.si\/index.php?rest_route=\/wp\/v2\/users\/2"}],"replies":[{"embeddable":true,"href":"https:\/\/www.vss-sezana.si\/index.php?rest_route=%2Fwp%2Fv2%2Fcomments&post=9719"}],"version-history":[{"count":4,"href":"https:\/\/www.vss-sezana.si\/index.php?rest_route=\/wp\/v2\/posts\/9719\/revisions"}],"predecessor-version":[{"id":9772,"href":"https:\/\/www.vss-sezana.si\/index.php?rest_route=\/wp\/v2\/posts\/9719\/revisions\/9772"}],"wp:attachment":[{"href":"https:\/\/www.vss-sezana.si\/index.php?rest_route=%2Fwp%2Fv2%2Fmedia&parent=9719"}],"wp:term":[{"taxonomy":"category","embeddable":true,"href":"https:\/\/www.vss-sezana.si\/index.php?rest_route=%2Fwp%2Fv2%2Fcategories&post=9719"},{"taxonomy":"post_tag","embeddable":true,"href":"https:\/\/www.vss-sezana.si\/index.php?rest_route=%2Fwp%2Fv2%2Ftags&post=9719"}],"curies":[{"name":"wp","href":"https:\/\/api.w.org\/{rel}","templated":true}]}}