{"id":9672,"date":"2022-01-18T07:02:04","date_gmt":"2022-01-18T06:02:04","guid":{"rendered":"https:\/\/www.vss-sezana.si\/?p=9672"},"modified":"2022-01-18T07:02:07","modified_gmt":"2022-01-18T06:02:07","slug":"prekarno-delo-njegove-razlicice-in-obrazi-pogovor-z-andrazem-malijem","status":"publish","type":"post","link":"https:\/\/www.vss-sezana.si\/?p=9672","title":{"rendered":"Prekarno delo &#8211; njegove razli\u010dice in obrazi (pogovor z Andra\u017eem Malijem)"},"content":{"rendered":"\n<p>Prekarno delo postaja stalnica na vse ve\u010d delovnih mestih v razli\u010dnih panogah. Prekarne zaposlitve med delavce vna\u0161ajo razdor, saj jih razdrobijo na med seboj konkuren\u010dne si posameznike, ki so prisiljeni v tekmovanje za vse bolj fleksibilne, intenzivne in slab\u0161e pla\u010dane slu\u017ebe. S pristajanjem na vse bolj bedne delovne razmere, pa se na dolgi rok krhajo \u017ee izborjene delavske pravice, kar polo\u017eaj \u0161e slab\u0161a. Klju\u010dno vpra\u0161anje je torej, kako delitve, ki jih vsiljuje sama narava prekarnega dela, prese\u010di in vzpostaviti enotno delavsko gibanje, ki se bo tem pritiskom lahko zoperstavilo?<\/p>\n\n\n\n<p>V pogovoru z Andra\u017eem Malijem torej ne bo govora zgolj o problemih prekarnega dela, ampak tudi o potencialnih re\u0161itvah za obstoje\u010de stanje; o na\u010dinih in strategijah kako prekarne delavce organizirati ter vzbuditi razredno zavest in solidarnost med delavstvom na sploh.<\/p>\n\n\n\n<p>Vabljeni v Kulturni dom Se\u017eana v <strong>soboto, 22. januarja ob 17.00<\/strong>. <\/p>\n\n\n\n<p>Vstop je prost <em>\u2013 <\/em>brezpla\u010dne vstopnice si morate zagotoviti pri blagajni Kosovelovega doma Se\u017eana.<\/p>\n\n\n\n<p>Ve\u010d informacij: <a href=\"https:\/\/kosovelovdom.si\/dogodki\/kaksno-druzbo-odrascamo\/\">https:\/\/kosovelovdom.si\/dogodki\/kaksno-druzbo-odrascamo\/<\/a><\/p>\n","protected":false},"excerpt":{"rendered":"<p>Prekarno delo postaja stalnica na vse ve\u010d delovnih mestih v razli\u010dnih panogah. Prekarne zaposlitve med delavce vna\u0161ajo razdor, saj jih razdrobijo na med seboj konkuren\u010dne si posameznike, ki so prisiljeni v tekmovanje za vse bolj fleksibilne, intenzivne in slab\u0161e pla\u010dane slu\u017ebe. S pristajanjem na vse bolj bedne delovne razmere, pa se na dolgi rok krhajo [&hellip;]<\/p>\n","protected":false},"author":2,"featured_media":0,"comment_status":"open","ping_status":"open","sticky":false,"template":"","format":"standard","meta":{"_jetpack_newsletter_access":"","_jetpack_dont_email_post_to_subs":false,"_jetpack_newsletter_tier_id":0,"_jetpack_memberships_contains_paywalled_content":false,"_jetpack_memberships_contains_paid_content":false,"footnotes":""},"categories":[1],"tags":[],"class_list":["post-9672","post","type-post","status-publish","format-standard","hentry","category-nekategorizirano"],"aioseo_notices":[],"jetpack_featured_media_url":"","jetpack_sharing_enabled":true,"jetpack_shortlink":"https:\/\/wp.me\/p6N9ot-2w0","jetpack-related-posts":[],"_links":{"self":[{"href":"https:\/\/www.vss-sezana.si\/index.php?rest_route=\/wp\/v2\/posts\/9672","targetHints":{"allow":["GET"]}}],"collection":[{"href":"https:\/\/www.vss-sezana.si\/index.php?rest_route=\/wp\/v2\/posts"}],"about":[{"href":"https:\/\/www.vss-sezana.si\/index.php?rest_route=\/wp\/v2\/types\/post"}],"author":[{"embeddable":true,"href":"https:\/\/www.vss-sezana.si\/index.php?rest_route=\/wp\/v2\/users\/2"}],"replies":[{"embeddable":true,"href":"https:\/\/www.vss-sezana.si\/index.php?rest_route=%2Fwp%2Fv2%2Fcomments&post=9672"}],"version-history":[{"count":2,"href":"https:\/\/www.vss-sezana.si\/index.php?rest_route=\/wp\/v2\/posts\/9672\/revisions"}],"predecessor-version":[{"id":9674,"href":"https:\/\/www.vss-sezana.si\/index.php?rest_route=\/wp\/v2\/posts\/9672\/revisions\/9674"}],"wp:attachment":[{"href":"https:\/\/www.vss-sezana.si\/index.php?rest_route=%2Fwp%2Fv2%2Fmedia&parent=9672"}],"wp:term":[{"taxonomy":"category","embeddable":true,"href":"https:\/\/www.vss-sezana.si\/index.php?rest_route=%2Fwp%2Fv2%2Fcategories&post=9672"},{"taxonomy":"post_tag","embeddable":true,"href":"https:\/\/www.vss-sezana.si\/index.php?rest_route=%2Fwp%2Fv2%2Ftags&post=9672"}],"curies":[{"name":"wp","href":"https:\/\/api.w.org\/{rel}","templated":true}]}}