{"id":9577,"date":"2021-12-07T13:16:52","date_gmt":"2021-12-07T12:16:52","guid":{"rendered":"https:\/\/www.vss-sezana.si\/?p=9577"},"modified":"2021-12-07T13:16:56","modified_gmt":"2021-12-07T12:16:56","slug":"nasa-predavateljica-nova-varuhinja-pravic-gledalcev-in-poslusalcev-rtv-slovenija","status":"publish","type":"post","link":"https:\/\/www.vss-sezana.si\/?p=9577","title":{"rendered":"Na\u0161a predavateljica &#8211; nova varuhinja pravic gledalcev in poslu\u0161alcev RTV Slovenija"},"content":{"rendered":"\n<p>Programski svet Radiotelevizije Slovenija je dne 6. 12. 2021 odlo\u010dil, da bo nova varuhinja pravic gledalcev in poslu\u0161alcev RTV Slovenija novinarka Primorskih novic in na\u0161a predavateljica Marica Ur\u0161i\u010d Zupan.<\/p>\n\n\n\n<p>Iskrene \u010destitke!<\/p>\n\n\n\n<figure class=\"wp-block-gallery columns-1 is-cropped wp-block-gallery-1 is-layout-flex wp-block-gallery-is-layout-flex\"><ul class=\"blocks-gallery-grid\"><li class=\"blocks-gallery-item\"><figure><img data-recalc-dims=\"1\" loading=\"lazy\" decoding=\"async\" width=\"492\" height=\"512\" data-attachment-id=\"9578\" data-permalink=\"https:\/\/www.vss-sezana.si\/?attachment_id=9578\" data-orig-file=\"https:\/\/i0.wp.com\/www.vss-sezana.si\/wp-content\/uploads\/2021\/12\/808672_283-marica.jpg?fit=492%2C512&amp;ssl=1\" data-orig-size=\"492,512\" data-comments-opened=\"1\" data-image-meta=\"{&quot;aperture&quot;:&quot;0&quot;,&quot;credit&quot;:&quot;&quot;,&quot;camera&quot;:&quot;&quot;,&quot;caption&quot;:&quot;&quot;,&quot;created_timestamp&quot;:&quot;0&quot;,&quot;copyright&quot;:&quot;&quot;,&quot;focal_length&quot;:&quot;0&quot;,&quot;iso&quot;:&quot;0&quot;,&quot;shutter_speed&quot;:&quot;0&quot;,&quot;title&quot;:&quot;&quot;,&quot;orientation&quot;:&quot;0&quot;}\" data-image-title=\"808672_283-marica\" data-image-description=\"\" data-image-caption=\"\" data-large-file=\"https:\/\/i0.wp.com\/www.vss-sezana.si\/wp-content\/uploads\/2021\/12\/808672_283-marica.jpg?fit=492%2C512&amp;ssl=1\" src=\"https:\/\/i0.wp.com\/www.vss-sezana.si\/wp-content\/uploads\/2021\/12\/808672_283-marica.jpg?resize=492%2C512&#038;ssl=1\" alt=\"\" data-id=\"9578\" data-full-url=\"https:\/\/www.vss-sezana.si\/wp-content\/uploads\/2021\/12\/808672_283-marica.jpg\" data-link=\"https:\/\/www.vss-sezana.si\/?attachment_id=9578\" class=\"wp-image-9578\" srcset=\"https:\/\/i0.wp.com\/www.vss-sezana.si\/wp-content\/uploads\/2021\/12\/808672_283-marica.jpg?w=492&amp;ssl=1 492w, https:\/\/i0.wp.com\/www.vss-sezana.si\/wp-content\/uploads\/2021\/12\/808672_283-marica.jpg?resize=288%2C300&amp;ssl=1 288w, https:\/\/i0.wp.com\/www.vss-sezana.si\/wp-content\/uploads\/2021\/12\/808672_283-marica.jpg?resize=36%2C36&amp;ssl=1 36w, https:\/\/i0.wp.com\/www.vss-sezana.si\/wp-content\/uploads\/2021\/12\/808672_283-marica.jpg?resize=450%2C468&amp;ssl=1 450w\" sizes=\"auto, (max-width: 492px) 100vw, 492px\" \/><\/figure><\/li><\/ul><figcaption class=\"blocks-gallery-caption\">Fotografija: Primorske novice <\/figcaption><\/figure>\n","protected":false},"excerpt":{"rendered":"<p>Programski svet Radiotelevizije Slovenija je dne 6. 12. 2021 odlo\u010dil, da bo nova varuhinja pravic gledalcev in poslu\u0161alcev RTV Slovenija novinarka Primorskih novic in na\u0161a predavateljica Marica Ur\u0161i\u010d Zupan. Iskrene \u010destitke!<\/p>\n","protected":false},"author":2,"featured_media":0,"comment_status":"open","ping_status":"open","sticky":false,"template":"","format":"standard","meta":{"_jetpack_newsletter_access":"","_jetpack_dont_email_post_to_subs":false,"_jetpack_newsletter_tier_id":0,"_jetpack_memberships_contains_paywalled_content":false,"_jetpack_memberships_contains_paid_content":false,"footnotes":""},"categories":[1],"tags":[],"class_list":["post-9577","post","type-post","status-publish","format-standard","hentry","category-nekategorizirano"],"aioseo_notices":[],"jetpack_featured_media_url":"","jetpack_sharing_enabled":true,"jetpack_shortlink":"https:\/\/wp.me\/p6N9ot-2ut","jetpack-related-posts":[],"_links":{"self":[{"href":"https:\/\/www.vss-sezana.si\/index.php?rest_route=\/wp\/v2\/posts\/9577","targetHints":{"allow":["GET"]}}],"collection":[{"href":"https:\/\/www.vss-sezana.si\/index.php?rest_route=\/wp\/v2\/posts"}],"about":[{"href":"https:\/\/www.vss-sezana.si\/index.php?rest_route=\/wp\/v2\/types\/post"}],"author":[{"embeddable":true,"href":"https:\/\/www.vss-sezana.si\/index.php?rest_route=\/wp\/v2\/users\/2"}],"replies":[{"embeddable":true,"href":"https:\/\/www.vss-sezana.si\/index.php?rest_route=%2Fwp%2Fv2%2Fcomments&post=9577"}],"version-history":[{"count":2,"href":"https:\/\/www.vss-sezana.si\/index.php?rest_route=\/wp\/v2\/posts\/9577\/revisions"}],"predecessor-version":[{"id":9580,"href":"https:\/\/www.vss-sezana.si\/index.php?rest_route=\/wp\/v2\/posts\/9577\/revisions\/9580"}],"wp:attachment":[{"href":"https:\/\/www.vss-sezana.si\/index.php?rest_route=%2Fwp%2Fv2%2Fmedia&parent=9577"}],"wp:term":[{"taxonomy":"category","embeddable":true,"href":"https:\/\/www.vss-sezana.si\/index.php?rest_route=%2Fwp%2Fv2%2Fcategories&post=9577"},{"taxonomy":"post_tag","embeddable":true,"href":"https:\/\/www.vss-sezana.si\/index.php?rest_route=%2Fwp%2Fv2%2Ftags&post=9577"}],"curies":[{"name":"wp","href":"https:\/\/api.w.org\/{rel}","templated":true}]}}