{"id":9557,"date":"2021-11-29T07:00:00","date_gmt":"2021-11-29T06:00:00","guid":{"rendered":"https:\/\/www.vss-sezana.si\/?p=9557"},"modified":"2021-11-26T11:01:16","modified_gmt":"2021-11-26T10:01:16","slug":"mala-sola-permakulture","status":"publish","type":"post","link":"https:\/\/www.vss-sezana.si\/?p=9557","title":{"rendered":"Mala \u0161ola permakulture"},"content":{"rendered":"\n<p><strong>Vabljeni na predstavitveno predavanje Male \u0161ole permakulture, projekta Erasmus+<\/strong><\/p>\n\n\n\n<p>Predavanje in predstavitev bosta potekala\u00a0<strong>v \u010detrtek, 2.12., ob 18. uri preko spletne platforme.<\/strong><\/p>\n\n\n\n<p>Za pridru\u017eitev na predavanje je potrebna predhodna prijava: <a href=\"https:\/\/docs.google.com\/forms\/d\/e\/1FAIpQLSd511aAIAXEsMBlnsf8cickw_lvWpeGCIGR5vOUgGefsod9YA\/viewform\" title=\"https:\/\/docs.google.com\/forms\/d\/e\/1FAIpQLSd511aAIAXEsMBlnsf8cickw_lvWpeGCIGR5vOUgGefsod9YA\/viewform\">https:\/\/docs.google.com\/forms\/d\/e\/1FAIpQLSd511aAIAXEsMBlnsf8cickw_lvWpeGCIGR5vOUgGefsod9YA\/viewform<\/a><\/p>\n\n\n\n<p>Namen te\u010daja je udele\u017eencem ponuditi nova znanja in ve\u0161\u010dine, ki jih bodo vodili in podpirali na njihovi poti trajnostnega \u017eivljenja ter navigiranju nesigurne prihodnosti.&nbsp;<\/p>\n\n\n\n<p>Projekt je zasnovan kot spletni te\u010daj preko katerega se bodo udele\u017eenci med 17 in 30 let&nbsp;zbli\u017eali s \u0161irnim svetom permakulturnih etik, na\u010del in praks. Hkrati bi radi ponudili prilo\u017enost&nbsp;mladim, da se pove\u017eejo, medsebojno podpirajo in skupaj naredijo svoje prve korake v&nbsp;&nbsp;permakulturnem na\u010drtovanju.<\/p>\n\n\n\n<p>Te\u010daj se bo za\u010del februarja 2022 in bo potekal 16 tednov. Osnova te\u010daja so spletna&nbsp;izobra\u017eevanja, imeli pa bomo tudi nekaj sre\u010danj v \u017eivo. Udele\u017eenci bodo te\u010daju in&nbsp;izobra\u017eevanju namenili okrog 2 do 3 uri \u010dasa na teden. Del spletnega te\u010daja predstavlja&nbsp;samostojno u\u010denje s pred pripravljenimi vsebinami, drugi del pa predstavlja spletno&nbsp;sre\u010danje, kjer mentorji skupaj z udele\u017eenci pregledamo nau\u010dena znanja.&nbsp;<\/p>\n\n\n\n<p>Ve\u010d informacij o projektu Mala \u0161ola permakulture boste dobili na spletni predstavitvi, kjer bo&nbsp;\u010das tudi za odprta vpra\u0161anja in odgovore.<\/p>\n","protected":false},"excerpt":{"rendered":"<p>Vabljeni na predstavitveno predavanje Male \u0161ole permakulture, projekta Erasmus+ Predavanje in predstavitev bosta potekala\u00a0v \u010detrtek, 2.12., ob 18. uri preko spletne platforme. Za pridru\u017eitev na predavanje je potrebna predhodna prijava: https:\/\/docs.google.com\/forms\/d\/e\/1FAIpQLSd511aAIAXEsMBlnsf8cickw_lvWpeGCIGR5vOUgGefsod9YA\/viewform Namen te\u010daja je udele\u017eencem ponuditi nova znanja in ve\u0161\u010dine, ki jih bodo vodili in podpirali na njihovi poti trajnostnega \u017eivljenja ter navigiranju nesigurne prihodnosti.&nbsp; [&hellip;]<\/p>\n","protected":false},"author":2,"featured_media":0,"comment_status":"open","ping_status":"open","sticky":false,"template":"","format":"standard","meta":{"_jetpack_newsletter_access":"","_jetpack_dont_email_post_to_subs":false,"_jetpack_newsletter_tier_id":0,"_jetpack_memberships_contains_paywalled_content":false,"_jetpack_memberships_contains_paid_content":false,"footnotes":""},"categories":[1],"tags":[],"class_list":["post-9557","post","type-post","status-publish","format-standard","hentry","category-nekategorizirano"],"aioseo_notices":[],"jetpack_featured_media_url":"","jetpack_sharing_enabled":true,"jetpack_shortlink":"https:\/\/wp.me\/p6N9ot-2u9","jetpack-related-posts":[],"_links":{"self":[{"href":"https:\/\/www.vss-sezana.si\/index.php?rest_route=\/wp\/v2\/posts\/9557","targetHints":{"allow":["GET"]}}],"collection":[{"href":"https:\/\/www.vss-sezana.si\/index.php?rest_route=\/wp\/v2\/posts"}],"about":[{"href":"https:\/\/www.vss-sezana.si\/index.php?rest_route=\/wp\/v2\/types\/post"}],"author":[{"embeddable":true,"href":"https:\/\/www.vss-sezana.si\/index.php?rest_route=\/wp\/v2\/users\/2"}],"replies":[{"embeddable":true,"href":"https:\/\/www.vss-sezana.si\/index.php?rest_route=%2Fwp%2Fv2%2Fcomments&post=9557"}],"version-history":[{"count":1,"href":"https:\/\/www.vss-sezana.si\/index.php?rest_route=\/wp\/v2\/posts\/9557\/revisions"}],"predecessor-version":[{"id":9558,"href":"https:\/\/www.vss-sezana.si\/index.php?rest_route=\/wp\/v2\/posts\/9557\/revisions\/9558"}],"wp:attachment":[{"href":"https:\/\/www.vss-sezana.si\/index.php?rest_route=%2Fwp%2Fv2%2Fmedia&parent=9557"}],"wp:term":[{"taxonomy":"category","embeddable":true,"href":"https:\/\/www.vss-sezana.si\/index.php?rest_route=%2Fwp%2Fv2%2Fcategories&post=9557"},{"taxonomy":"post_tag","embeddable":true,"href":"https:\/\/www.vss-sezana.si\/index.php?rest_route=%2Fwp%2Fv2%2Ftags&post=9557"}],"curies":[{"name":"wp","href":"https:\/\/api.w.org\/{rel}","templated":true}]}}