{"id":9514,"date":"2021-11-15T07:52:51","date_gmt":"2021-11-15T06:52:51","guid":{"rendered":"https:\/\/www.vss-sezana.si\/?p=9514"},"modified":"2021-11-15T07:52:54","modified_gmt":"2021-11-15T06:52:54","slug":"fantasticno-potovanje-v-nabrezinski-kamen","status":"publish","type":"post","link":"https:\/\/www.vss-sezana.si\/?p=9514","title":{"rendered":"Fantasti\u010dno potovanje v Nabre\u017einski kamen"},"content":{"rendered":"\n<p>V&nbsp; Nabre\u017eini je v septembru potekala \u017ee sedma edicija festivala vetra in kamna \u2013 Energija krajev. Del festivala je bil tudi projekt \u00bbFantasti\u010dno potovanje v Nabre\u017einski kamen\u00ab, ki je nastal po zamisli Fabiole Faidiga in Maddalene Giuffrida.<\/p>\n\n\n\n<p>V sklopu projekta sta v kamnu ustvarjala po dva \u0161tudenta z Akademije lepih umetnosti v Benetkah in na\u0161e Vi\u0161je strokovne \u0161ole Se\u017eana. Sibila Leskovec, Tom Winkler, Jasmine Stefanutto in Marco Maculan so ustvarjali pod mentorstvom Edija Carrereja in Alberta Fiorina. Kustozinja extempora je bila Eva Comuzzi.<\/p>\n\n\n\n<p>Nastali izdelki bodo naslednje \u0161tiri mesece na ogled pred Domom Iga Grudna v Nabre\u017eini.<\/p>\n\n\n\n<figure class=\"wp-block-gallery columns-3 is-cropped wp-block-gallery-1 is-layout-flex wp-block-gallery-is-layout-flex\"><ul class=\"blocks-gallery-grid\"><li class=\"blocks-gallery-item\"><figure><img data-recalc-dims=\"1\" loading=\"lazy\" decoding=\"async\" width=\"1030\" height=\"687\" data-attachment-id=\"9515\" data-permalink=\"https:\/\/www.vss-sezana.si\/?attachment_id=9515\" data-orig-file=\"https:\/\/i0.wp.com\/www.vss-sezana.si\/wp-content\/uploads\/2021\/11\/Nabrizina_proslava_foto_Marcel_Kump_October_2021_1-scaled.jpg?fit=2560%2C1707&amp;ssl=1\" data-orig-size=\"2560,1707\" data-comments-opened=\"1\" data-image-meta=\"{&quot;aperture&quot;:&quot;8&quot;,&quot;credit&quot;:&quot;Marcel Kump&quot;,&quot;camera&quot;:&quot;Canon EOS 5D Mark III&quot;,&quot;caption&quot;:&quot;&quot;,&quot;created_timestamp&quot;:&quot;1635606301&quot;,&quot;copyright&quot;:&quot;All Copyright To Marcel Kump&quot;,&quot;focal_length&quot;:&quot;24&quot;,&quot;iso&quot;:&quot;100&quot;,&quot;shutter_speed&quot;:&quot;0.008&quot;,&quot;title&quot;:&quot;&quot;,&quot;orientation&quot;:&quot;0&quot;}\" data-image-title=\"Nabrizina_proslava_foto_Marcel_Kump_October_2021_1\" data-image-description=\"\" data-image-caption=\"\" data-large-file=\"https:\/\/i0.wp.com\/www.vss-sezana.si\/wp-content\/uploads\/2021\/11\/Nabrizina_proslava_foto_Marcel_Kump_October_2021_1-scaled.jpg?fit=1030%2C687&amp;ssl=1\" src=\"https:\/\/i0.wp.com\/www.vss-sezana.si\/wp-content\/uploads\/2021\/11\/Nabrizina_proslava_foto_Marcel_Kump_October_2021_1.jpg?resize=1030%2C687&#038;ssl=1\" alt=\"\" data-id=\"9515\" data-full-url=\"https:\/\/www.vss-sezana.si\/wp-content\/uploads\/2021\/11\/Nabrizina_proslava_foto_Marcel_Kump_October_2021_1-scaled.jpg\" data-link=\"https:\/\/www.vss-sezana.si\/?attachment_id=9515\" class=\"wp-image-9515\" srcset=\"https:\/\/i0.wp.com\/www.vss-sezana.si\/wp-content\/uploads\/2021\/11\/Nabrizina_proslava_foto_Marcel_Kump_October_2021_1-scaled.jpg?resize=1030%2C687&amp;ssl=1 1030w, https:\/\/i0.wp.com\/www.vss-sezana.si\/wp-content\/uploads\/2021\/11\/Nabrizina_proslava_foto_Marcel_Kump_October_2021_1-scaled.jpg?resize=300%2C200&amp;ssl=1 300w, https:\/\/i0.wp.com\/www.vss-sezana.si\/wp-content\/uploads\/2021\/11\/Nabrizina_proslava_foto_Marcel_Kump_October_2021_1-scaled.jpg?resize=768%2C512&amp;ssl=1 768w, https:\/\/i0.wp.com\/www.vss-sezana.si\/wp-content\/uploads\/2021\/11\/Nabrizina_proslava_foto_Marcel_Kump_October_2021_1-scaled.jpg?resize=1536%2C1024&amp;ssl=1 1536w, https:\/\/i0.wp.com\/www.vss-sezana.si\/wp-content\/uploads\/2021\/11\/Nabrizina_proslava_foto_Marcel_Kump_October_2021_1-scaled.jpg?resize=2048%2C1365&amp;ssl=1 2048w, https:\/\/i0.wp.com\/www.vss-sezana.si\/wp-content\/uploads\/2021\/11\/Nabrizina_proslava_foto_Marcel_Kump_October_2021_1-scaled.jpg?resize=1500%2C1000&amp;ssl=1 1500w, https:\/\/i0.wp.com\/www.vss-sezana.si\/wp-content\/uploads\/2021\/11\/Nabrizina_proslava_foto_Marcel_Kump_October_2021_1-scaled.jpg?resize=705%2C470&amp;ssl=1 705w, https:\/\/i0.wp.com\/www.vss-sezana.si\/wp-content\/uploads\/2021\/11\/Nabrizina_proslava_foto_Marcel_Kump_October_2021_1-scaled.jpg?resize=450%2C300&amp;ssl=1 450w\" sizes=\"auto, (max-width: 1030px) 100vw, 1030px\" \/><\/figure><\/li><li class=\"blocks-gallery-item\"><figure><img data-recalc-dims=\"1\" loading=\"lazy\" decoding=\"async\" width=\"1030\" height=\"687\" data-attachment-id=\"9516\" data-permalink=\"https:\/\/www.vss-sezana.si\/?attachment_id=9516\" data-orig-file=\"https:\/\/i0.wp.com\/www.vss-sezana.si\/wp-content\/uploads\/2021\/11\/Nabrizina_proslava_foto_Marcel_Kump_October_2021_2-scaled.jpg?fit=2560%2C1707&amp;ssl=1\" data-orig-size=\"2560,1707\" data-comments-opened=\"1\" data-image-meta=\"{&quot;aperture&quot;:&quot;8&quot;,&quot;credit&quot;:&quot;Marcel Kump&quot;,&quot;camera&quot;:&quot;Canon EOS 5D Mark III&quot;,&quot;caption&quot;:&quot;&quot;,&quot;created_timestamp&quot;:&quot;1635606410&quot;,&quot;copyright&quot;:&quot;All Copyright To Marcel Kump&quot;,&quot;focal_length&quot;:&quot;24&quot;,&quot;iso&quot;:&quot;100&quot;,&quot;shutter_speed&quot;:&quot;0.01&quot;,&quot;title&quot;:&quot;&quot;,&quot;orientation&quot;:&quot;0&quot;}\" data-image-title=\"Nabrizina_proslava_foto_Marcel_Kump_October_2021_2\" data-image-description=\"\" data-image-caption=\"\" data-large-file=\"https:\/\/i0.wp.com\/www.vss-sezana.si\/wp-content\/uploads\/2021\/11\/Nabrizina_proslava_foto_Marcel_Kump_October_2021_2-scaled.jpg?fit=1030%2C687&amp;ssl=1\" src=\"https:\/\/i0.wp.com\/www.vss-sezana.si\/wp-content\/uploads\/2021\/11\/Nabrizina_proslava_foto_Marcel_Kump_October_2021_2.jpg?resize=1030%2C687&#038;ssl=1\" alt=\"\" data-id=\"9516\" data-full-url=\"https:\/\/www.vss-sezana.si\/wp-content\/uploads\/2021\/11\/Nabrizina_proslava_foto_Marcel_Kump_October_2021_2-scaled.jpg\" data-link=\"https:\/\/www.vss-sezana.si\/?attachment_id=9516\" class=\"wp-image-9516\" srcset=\"https:\/\/i0.wp.com\/www.vss-sezana.si\/wp-content\/uploads\/2021\/11\/Nabrizina_proslava_foto_Marcel_Kump_October_2021_2-scaled.jpg?resize=1030%2C687&amp;ssl=1 1030w, https:\/\/i0.wp.com\/www.vss-sezana.si\/wp-content\/uploads\/2021\/11\/Nabrizina_proslava_foto_Marcel_Kump_October_2021_2-scaled.jpg?resize=300%2C200&amp;ssl=1 300w, https:\/\/i0.wp.com\/www.vss-sezana.si\/wp-content\/uploads\/2021\/11\/Nabrizina_proslava_foto_Marcel_Kump_October_2021_2-scaled.jpg?resize=768%2C512&amp;ssl=1 768w, https:\/\/i0.wp.com\/www.vss-sezana.si\/wp-content\/uploads\/2021\/11\/Nabrizina_proslava_foto_Marcel_Kump_October_2021_2-scaled.jpg?resize=1536%2C1024&amp;ssl=1 1536w, https:\/\/i0.wp.com\/www.vss-sezana.si\/wp-content\/uploads\/2021\/11\/Nabrizina_proslava_foto_Marcel_Kump_October_2021_2-scaled.jpg?resize=2048%2C1365&amp;ssl=1 2048w, https:\/\/i0.wp.com\/www.vss-sezana.si\/wp-content\/uploads\/2021\/11\/Nabrizina_proslava_foto_Marcel_Kump_October_2021_2-scaled.jpg?resize=1500%2C1000&amp;ssl=1 1500w, https:\/\/i0.wp.com\/www.vss-sezana.si\/wp-content\/uploads\/2021\/11\/Nabrizina_proslava_foto_Marcel_Kump_October_2021_2-scaled.jpg?resize=705%2C470&amp;ssl=1 705w, https:\/\/i0.wp.com\/www.vss-sezana.si\/wp-content\/uploads\/2021\/11\/Nabrizina_proslava_foto_Marcel_Kump_October_2021_2-scaled.jpg?resize=450%2C300&amp;ssl=1 450w\" sizes=\"auto, (max-width: 1030px) 100vw, 1030px\" \/><\/figure><\/li><li class=\"blocks-gallery-item\"><figure><img data-recalc-dims=\"1\" loading=\"lazy\" decoding=\"async\" width=\"1030\" height=\"687\" data-attachment-id=\"9517\" data-permalink=\"https:\/\/www.vss-sezana.si\/?attachment_id=9517\" data-orig-file=\"https:\/\/i0.wp.com\/www.vss-sezana.si\/wp-content\/uploads\/2021\/11\/Nabrizina_proslava_foto_Marcel_Kump_October_2021_7-scaled.jpg?fit=2560%2C1707&amp;ssl=1\" data-orig-size=\"2560,1707\" data-comments-opened=\"1\" data-image-meta=\"{&quot;aperture&quot;:&quot;8&quot;,&quot;credit&quot;:&quot;Marcel Kump&quot;,&quot;camera&quot;:&quot;Canon EOS 5D Mark III&quot;,&quot;caption&quot;:&quot;&quot;,&quot;created_timestamp&quot;:&quot;1635607224&quot;,&quot;copyright&quot;:&quot;All Copyright To Marcel Kump&quot;,&quot;focal_length&quot;:&quot;24&quot;,&quot;iso&quot;:&quot;200&quot;,&quot;shutter_speed&quot;:&quot;0.0125&quot;,&quot;title&quot;:&quot;&quot;,&quot;orientation&quot;:&quot;0&quot;}\" data-image-title=\"Nabrizina_proslava_foto_Marcel_Kump_October_2021_7\" data-image-description=\"\" data-image-caption=\"\" data-large-file=\"https:\/\/i0.wp.com\/www.vss-sezana.si\/wp-content\/uploads\/2021\/11\/Nabrizina_proslava_foto_Marcel_Kump_October_2021_7-scaled.jpg?fit=1030%2C687&amp;ssl=1\" src=\"https:\/\/i0.wp.com\/www.vss-sezana.si\/wp-content\/uploads\/2021\/11\/Nabrizina_proslava_foto_Marcel_Kump_October_2021_7.jpg?resize=1030%2C687&#038;ssl=1\" alt=\"\" data-id=\"9517\" data-full-url=\"https:\/\/www.vss-sezana.si\/wp-content\/uploads\/2021\/11\/Nabrizina_proslava_foto_Marcel_Kump_October_2021_7-scaled.jpg\" data-link=\"https:\/\/www.vss-sezana.si\/?attachment_id=9517\" class=\"wp-image-9517\" srcset=\"https:\/\/i0.wp.com\/www.vss-sezana.si\/wp-content\/uploads\/2021\/11\/Nabrizina_proslava_foto_Marcel_Kump_October_2021_7-scaled.jpg?resize=1030%2C687&amp;ssl=1 1030w, https:\/\/i0.wp.com\/www.vss-sezana.si\/wp-content\/uploads\/2021\/11\/Nabrizina_proslava_foto_Marcel_Kump_October_2021_7-scaled.jpg?resize=300%2C200&amp;ssl=1 300w, https:\/\/i0.wp.com\/www.vss-sezana.si\/wp-content\/uploads\/2021\/11\/Nabrizina_proslava_foto_Marcel_Kump_October_2021_7-scaled.jpg?resize=768%2C512&amp;ssl=1 768w, https:\/\/i0.wp.com\/www.vss-sezana.si\/wp-content\/uploads\/2021\/11\/Nabrizina_proslava_foto_Marcel_Kump_October_2021_7-scaled.jpg?resize=1536%2C1024&amp;ssl=1 1536w, https:\/\/i0.wp.com\/www.vss-sezana.si\/wp-content\/uploads\/2021\/11\/Nabrizina_proslava_foto_Marcel_Kump_October_2021_7-scaled.jpg?resize=2048%2C1365&amp;ssl=1 2048w, https:\/\/i0.wp.com\/www.vss-sezana.si\/wp-content\/uploads\/2021\/11\/Nabrizina_proslava_foto_Marcel_Kump_October_2021_7-scaled.jpg?resize=1500%2C1000&amp;ssl=1 1500w, https:\/\/i0.wp.com\/www.vss-sezana.si\/wp-content\/uploads\/2021\/11\/Nabrizina_proslava_foto_Marcel_Kump_October_2021_7-scaled.jpg?resize=705%2C470&amp;ssl=1 705w, https:\/\/i0.wp.com\/www.vss-sezana.si\/wp-content\/uploads\/2021\/11\/Nabrizina_proslava_foto_Marcel_Kump_October_2021_7-scaled.jpg?resize=450%2C300&amp;ssl=1 450w\" sizes=\"auto, (max-width: 1030px) 100vw, 1030px\" \/><\/figure><\/li><li class=\"blocks-gallery-item\"><figure><img data-recalc-dims=\"1\" loading=\"lazy\" decoding=\"async\" width=\"1030\" height=\"687\" data-attachment-id=\"9518\" data-permalink=\"https:\/\/www.vss-sezana.si\/?attachment_id=9518\" data-orig-file=\"https:\/\/i0.wp.com\/www.vss-sezana.si\/wp-content\/uploads\/2021\/11\/Nabrizina_proslava_foto_Marcel_Kump_October_2021_8-scaled.jpg?fit=2560%2C1707&amp;ssl=1\" data-orig-size=\"2560,1707\" data-comments-opened=\"1\" data-image-meta=\"{&quot;aperture&quot;:&quot;8&quot;,&quot;credit&quot;:&quot;Marcel Kump&quot;,&quot;camera&quot;:&quot;Canon EOS 5D Mark III&quot;,&quot;caption&quot;:&quot;&quot;,&quot;created_timestamp&quot;:&quot;1635607280&quot;,&quot;copyright&quot;:&quot;All Copyright To Marcel Kump&quot;,&quot;focal_length&quot;:&quot;32&quot;,&quot;iso&quot;:&quot;200&quot;,&quot;shutter_speed&quot;:&quot;0.0125&quot;,&quot;title&quot;:&quot;&quot;,&quot;orientation&quot;:&quot;0&quot;}\" data-image-title=\"Nabrizina_proslava_foto_Marcel_Kump_October_2021_8\" data-image-description=\"\" data-image-caption=\"\" data-large-file=\"https:\/\/i0.wp.com\/www.vss-sezana.si\/wp-content\/uploads\/2021\/11\/Nabrizina_proslava_foto_Marcel_Kump_October_2021_8-scaled.jpg?fit=1030%2C687&amp;ssl=1\" src=\"https:\/\/i0.wp.com\/www.vss-sezana.si\/wp-content\/uploads\/2021\/11\/Nabrizina_proslava_foto_Marcel_Kump_October_2021_8.jpg?resize=1030%2C687&#038;ssl=1\" alt=\"\" data-id=\"9518\" data-full-url=\"https:\/\/www.vss-sezana.si\/wp-content\/uploads\/2021\/11\/Nabrizina_proslava_foto_Marcel_Kump_October_2021_8-scaled.jpg\" data-link=\"https:\/\/www.vss-sezana.si\/?attachment_id=9518\" class=\"wp-image-9518\" srcset=\"https:\/\/i0.wp.com\/www.vss-sezana.si\/wp-content\/uploads\/2021\/11\/Nabrizina_proslava_foto_Marcel_Kump_October_2021_8-scaled.jpg?resize=1030%2C687&amp;ssl=1 1030w, https:\/\/i0.wp.com\/www.vss-sezana.si\/wp-content\/uploads\/2021\/11\/Nabrizina_proslava_foto_Marcel_Kump_October_2021_8-scaled.jpg?resize=300%2C200&amp;ssl=1 300w, https:\/\/i0.wp.com\/www.vss-sezana.si\/wp-content\/uploads\/2021\/11\/Nabrizina_proslava_foto_Marcel_Kump_October_2021_8-scaled.jpg?resize=768%2C512&amp;ssl=1 768w, https:\/\/i0.wp.com\/www.vss-sezana.si\/wp-content\/uploads\/2021\/11\/Nabrizina_proslava_foto_Marcel_Kump_October_2021_8-scaled.jpg?resize=1536%2C1024&amp;ssl=1 1536w, https:\/\/i0.wp.com\/www.vss-sezana.si\/wp-content\/uploads\/2021\/11\/Nabrizina_proslava_foto_Marcel_Kump_October_2021_8-scaled.jpg?resize=2048%2C1365&amp;ssl=1 2048w, https:\/\/i0.wp.com\/www.vss-sezana.si\/wp-content\/uploads\/2021\/11\/Nabrizina_proslava_foto_Marcel_Kump_October_2021_8-scaled.jpg?resize=1500%2C1000&amp;ssl=1 1500w, https:\/\/i0.wp.com\/www.vss-sezana.si\/wp-content\/uploads\/2021\/11\/Nabrizina_proslava_foto_Marcel_Kump_October_2021_8-scaled.jpg?resize=705%2C470&amp;ssl=1 705w, https:\/\/i0.wp.com\/www.vss-sezana.si\/wp-content\/uploads\/2021\/11\/Nabrizina_proslava_foto_Marcel_Kump_October_2021_8-scaled.jpg?resize=450%2C300&amp;ssl=1 450w\" sizes=\"auto, (max-width: 1030px) 100vw, 1030px\" \/><\/figure><\/li><li class=\"blocks-gallery-item\"><figure><img data-recalc-dims=\"1\" loading=\"lazy\" decoding=\"async\" width=\"1030\" height=\"687\" data-attachment-id=\"9519\" data-permalink=\"https:\/\/www.vss-sezana.si\/?attachment_id=9519\" data-orig-file=\"https:\/\/i0.wp.com\/www.vss-sezana.si\/wp-content\/uploads\/2021\/11\/Nabrizina_proslava_foto_Marcel_Kump_October_2021_9-scaled.jpg?fit=2560%2C1707&amp;ssl=1\" data-orig-size=\"2560,1707\" data-comments-opened=\"1\" data-image-meta=\"{&quot;aperture&quot;:&quot;8&quot;,&quot;credit&quot;:&quot;Marcel Kump&quot;,&quot;camera&quot;:&quot;Canon EOS 5D Mark III&quot;,&quot;caption&quot;:&quot;&quot;,&quot;created_timestamp&quot;:&quot;1635607348&quot;,&quot;copyright&quot;:&quot;All Copyright To Marcel Kump&quot;,&quot;focal_length&quot;:&quot;24&quot;,&quot;iso&quot;:&quot;200&quot;,&quot;shutter_speed&quot;:&quot;0.004&quot;,&quot;title&quot;:&quot;&quot;,&quot;orientation&quot;:&quot;0&quot;}\" data-image-title=\"Nabrizina_proslava_foto_Marcel_Kump_October_2021_9\" data-image-description=\"\" data-image-caption=\"\" data-large-file=\"https:\/\/i0.wp.com\/www.vss-sezana.si\/wp-content\/uploads\/2021\/11\/Nabrizina_proslava_foto_Marcel_Kump_October_2021_9-scaled.jpg?fit=1030%2C687&amp;ssl=1\" src=\"https:\/\/i0.wp.com\/www.vss-sezana.si\/wp-content\/uploads\/2021\/11\/Nabrizina_proslava_foto_Marcel_Kump_October_2021_9.jpg?resize=1030%2C687&#038;ssl=1\" alt=\"\" data-id=\"9519\" data-full-url=\"https:\/\/www.vss-sezana.si\/wp-content\/uploads\/2021\/11\/Nabrizina_proslava_foto_Marcel_Kump_October_2021_9-scaled.jpg\" data-link=\"https:\/\/www.vss-sezana.si\/?attachment_id=9519\" class=\"wp-image-9519\" srcset=\"https:\/\/i0.wp.com\/www.vss-sezana.si\/wp-content\/uploads\/2021\/11\/Nabrizina_proslava_foto_Marcel_Kump_October_2021_9-scaled.jpg?resize=1030%2C687&amp;ssl=1 1030w, https:\/\/i0.wp.com\/www.vss-sezana.si\/wp-content\/uploads\/2021\/11\/Nabrizina_proslava_foto_Marcel_Kump_October_2021_9-scaled.jpg?resize=300%2C200&amp;ssl=1 300w, https:\/\/i0.wp.com\/www.vss-sezana.si\/wp-content\/uploads\/2021\/11\/Nabrizina_proslava_foto_Marcel_Kump_October_2021_9-scaled.jpg?resize=768%2C512&amp;ssl=1 768w, https:\/\/i0.wp.com\/www.vss-sezana.si\/wp-content\/uploads\/2021\/11\/Nabrizina_proslava_foto_Marcel_Kump_October_2021_9-scaled.jpg?resize=1536%2C1024&amp;ssl=1 1536w, https:\/\/i0.wp.com\/www.vss-sezana.si\/wp-content\/uploads\/2021\/11\/Nabrizina_proslava_foto_Marcel_Kump_October_2021_9-scaled.jpg?resize=2048%2C1365&amp;ssl=1 2048w, https:\/\/i0.wp.com\/www.vss-sezana.si\/wp-content\/uploads\/2021\/11\/Nabrizina_proslava_foto_Marcel_Kump_October_2021_9-scaled.jpg?resize=1500%2C1000&amp;ssl=1 1500w, https:\/\/i0.wp.com\/www.vss-sezana.si\/wp-content\/uploads\/2021\/11\/Nabrizina_proslava_foto_Marcel_Kump_October_2021_9-scaled.jpg?resize=705%2C470&amp;ssl=1 705w, https:\/\/i0.wp.com\/www.vss-sezana.si\/wp-content\/uploads\/2021\/11\/Nabrizina_proslava_foto_Marcel_Kump_October_2021_9-scaled.jpg?resize=450%2C300&amp;ssl=1 450w\" sizes=\"auto, (max-width: 1030px) 100vw, 1030px\" \/><\/figure><\/li><li class=\"blocks-gallery-item\"><figure><img data-recalc-dims=\"1\" loading=\"lazy\" decoding=\"async\" width=\"1030\" height=\"687\" data-attachment-id=\"9520\" data-permalink=\"https:\/\/www.vss-sezana.si\/?attachment_id=9520\" data-orig-file=\"https:\/\/i0.wp.com\/www.vss-sezana.si\/wp-content\/uploads\/2021\/11\/Nabrizina_proslava_foto_Marcel_Kump_October_2021_11-scaled.jpg?fit=2560%2C1707&amp;ssl=1\" data-orig-size=\"2560,1707\" data-comments-opened=\"1\" data-image-meta=\"{&quot;aperture&quot;:&quot;8&quot;,&quot;credit&quot;:&quot;Marcel Kump&quot;,&quot;camera&quot;:&quot;Canon EOS 5D Mark III&quot;,&quot;caption&quot;:&quot;&quot;,&quot;created_timestamp&quot;:&quot;1635607875&quot;,&quot;copyright&quot;:&quot;All Copyright To Marcel Kump&quot;,&quot;focal_length&quot;:&quot;24&quot;,&quot;iso&quot;:&quot;200&quot;,&quot;shutter_speed&quot;:&quot;0.016666666666667&quot;,&quot;title&quot;:&quot;&quot;,&quot;orientation&quot;:&quot;0&quot;}\" data-image-title=\"Nabrizina_proslava_foto_Marcel_Kump_October_2021_11\" data-image-description=\"\" data-image-caption=\"\" data-large-file=\"https:\/\/i0.wp.com\/www.vss-sezana.si\/wp-content\/uploads\/2021\/11\/Nabrizina_proslava_foto_Marcel_Kump_October_2021_11-scaled.jpg?fit=1030%2C687&amp;ssl=1\" src=\"https:\/\/i0.wp.com\/www.vss-sezana.si\/wp-content\/uploads\/2021\/11\/Nabrizina_proslava_foto_Marcel_Kump_October_2021_11.jpg?resize=1030%2C687&#038;ssl=1\" alt=\"\" data-id=\"9520\" data-full-url=\"https:\/\/www.vss-sezana.si\/wp-content\/uploads\/2021\/11\/Nabrizina_proslava_foto_Marcel_Kump_October_2021_11-scaled.jpg\" data-link=\"https:\/\/www.vss-sezana.si\/?attachment_id=9520\" class=\"wp-image-9520\" srcset=\"https:\/\/i0.wp.com\/www.vss-sezana.si\/wp-content\/uploads\/2021\/11\/Nabrizina_proslava_foto_Marcel_Kump_October_2021_11-scaled.jpg?resize=1030%2C687&amp;ssl=1 1030w, https:\/\/i0.wp.com\/www.vss-sezana.si\/wp-content\/uploads\/2021\/11\/Nabrizina_proslava_foto_Marcel_Kump_October_2021_11-scaled.jpg?resize=300%2C200&amp;ssl=1 300w, https:\/\/i0.wp.com\/www.vss-sezana.si\/wp-content\/uploads\/2021\/11\/Nabrizina_proslava_foto_Marcel_Kump_October_2021_11-scaled.jpg?resize=768%2C512&amp;ssl=1 768w, https:\/\/i0.wp.com\/www.vss-sezana.si\/wp-content\/uploads\/2021\/11\/Nabrizina_proslava_foto_Marcel_Kump_October_2021_11-scaled.jpg?resize=1536%2C1024&amp;ssl=1 1536w, https:\/\/i0.wp.com\/www.vss-sezana.si\/wp-content\/uploads\/2021\/11\/Nabrizina_proslava_foto_Marcel_Kump_October_2021_11-scaled.jpg?resize=2048%2C1365&amp;ssl=1 2048w, https:\/\/i0.wp.com\/www.vss-sezana.si\/wp-content\/uploads\/2021\/11\/Nabrizina_proslava_foto_Marcel_Kump_October_2021_11-scaled.jpg?resize=1500%2C1000&amp;ssl=1 1500w, https:\/\/i0.wp.com\/www.vss-sezana.si\/wp-content\/uploads\/2021\/11\/Nabrizina_proslava_foto_Marcel_Kump_October_2021_11-scaled.jpg?resize=705%2C470&amp;ssl=1 705w, https:\/\/i0.wp.com\/www.vss-sezana.si\/wp-content\/uploads\/2021\/11\/Nabrizina_proslava_foto_Marcel_Kump_October_2021_11-scaled.jpg?resize=450%2C300&amp;ssl=1 450w\" sizes=\"auto, (max-width: 1030px) 100vw, 1030px\" \/><\/figure><\/li><li class=\"blocks-gallery-item\"><figure><img data-recalc-dims=\"1\" loading=\"lazy\" decoding=\"async\" width=\"687\" height=\"1030\" data-attachment-id=\"9521\" data-permalink=\"https:\/\/www.vss-sezana.si\/?attachment_id=9521\" data-orig-file=\"https:\/\/i0.wp.com\/www.vss-sezana.si\/wp-content\/uploads\/2021\/11\/Nabrizina_proslava_foto_Marcel_Kump_October_2021_27-scaled.jpg?fit=1707%2C2560&amp;ssl=1\" data-orig-size=\"1707,2560\" data-comments-opened=\"1\" data-image-meta=\"{&quot;aperture&quot;:&quot;4&quot;,&quot;credit&quot;:&quot;Marcel Kump&quot;,&quot;camera&quot;:&quot;Canon EOS 5D Mark III&quot;,&quot;caption&quot;:&quot;&quot;,&quot;created_timestamp&quot;:&quot;1635611292&quot;,&quot;copyright&quot;:&quot;All Copyright To Marcel Kump&quot;,&quot;focal_length&quot;:&quot;50&quot;,&quot;iso&quot;:&quot;800&quot;,&quot;shutter_speed&quot;:&quot;0.004&quot;,&quot;title&quot;:&quot;&quot;,&quot;orientation&quot;:&quot;0&quot;}\" data-image-title=\"Nabrizina_proslava_foto_Marcel_Kump_October_2021_27\" data-image-description=\"\" data-image-caption=\"\" data-large-file=\"https:\/\/i0.wp.com\/www.vss-sezana.si\/wp-content\/uploads\/2021\/11\/Nabrizina_proslava_foto_Marcel_Kump_October_2021_27-scaled.jpg?fit=687%2C1030&amp;ssl=1\" src=\"https:\/\/i0.wp.com\/www.vss-sezana.si\/wp-content\/uploads\/2021\/11\/Nabrizina_proslava_foto_Marcel_Kump_October_2021_27.jpg?resize=687%2C1030&#038;ssl=1\" alt=\"\" data-id=\"9521\" data-full-url=\"https:\/\/www.vss-sezana.si\/wp-content\/uploads\/2021\/11\/Nabrizina_proslava_foto_Marcel_Kump_October_2021_27-scaled.jpg\" data-link=\"https:\/\/www.vss-sezana.si\/?attachment_id=9521\" class=\"wp-image-9521\" srcset=\"https:\/\/i0.wp.com\/www.vss-sezana.si\/wp-content\/uploads\/2021\/11\/Nabrizina_proslava_foto_Marcel_Kump_October_2021_27-scaled.jpg?resize=687%2C1030&amp;ssl=1 687w, https:\/\/i0.wp.com\/www.vss-sezana.si\/wp-content\/uploads\/2021\/11\/Nabrizina_proslava_foto_Marcel_Kump_October_2021_27-scaled.jpg?resize=200%2C300&amp;ssl=1 200w, https:\/\/i0.wp.com\/www.vss-sezana.si\/wp-content\/uploads\/2021\/11\/Nabrizina_proslava_foto_Marcel_Kump_October_2021_27-scaled.jpg?resize=768%2C1152&amp;ssl=1 768w, https:\/\/i0.wp.com\/www.vss-sezana.si\/wp-content\/uploads\/2021\/11\/Nabrizina_proslava_foto_Marcel_Kump_October_2021_27-scaled.jpg?resize=1024%2C1536&amp;ssl=1 1024w, https:\/\/i0.wp.com\/www.vss-sezana.si\/wp-content\/uploads\/2021\/11\/Nabrizina_proslava_foto_Marcel_Kump_October_2021_27-scaled.jpg?resize=1365%2C2048&amp;ssl=1 1365w, https:\/\/i0.wp.com\/www.vss-sezana.si\/wp-content\/uploads\/2021\/11\/Nabrizina_proslava_foto_Marcel_Kump_October_2021_27-scaled.jpg?resize=1000%2C1500&amp;ssl=1 1000w, https:\/\/i0.wp.com\/www.vss-sezana.si\/wp-content\/uploads\/2021\/11\/Nabrizina_proslava_foto_Marcel_Kump_October_2021_27-scaled.jpg?resize=470%2C705&amp;ssl=1 470w, https:\/\/i0.wp.com\/www.vss-sezana.si\/wp-content\/uploads\/2021\/11\/Nabrizina_proslava_foto_Marcel_Kump_October_2021_27-scaled.jpg?resize=450%2C675&amp;ssl=1 450w, https:\/\/i0.wp.com\/www.vss-sezana.si\/wp-content\/uploads\/2021\/11\/Nabrizina_proslava_foto_Marcel_Kump_October_2021_27-scaled.jpg?w=1707&amp;ssl=1 1707w\" sizes=\"auto, (max-width: 687px) 100vw, 687px\" \/><\/figure><\/li><li class=\"blocks-gallery-item\"><figure><img data-recalc-dims=\"1\" loading=\"lazy\" decoding=\"async\" width=\"687\" height=\"1030\" data-attachment-id=\"9522\" data-permalink=\"https:\/\/www.vss-sezana.si\/?attachment_id=9522\" data-orig-file=\"https:\/\/i0.wp.com\/www.vss-sezana.si\/wp-content\/uploads\/2021\/11\/Nabrizina_proslava_foto_Marcel_Kump_October_2021_28-scaled.jpg?fit=1707%2C2560&amp;ssl=1\" data-orig-size=\"1707,2560\" data-comments-opened=\"1\" data-image-meta=\"{&quot;aperture&quot;:&quot;4&quot;,&quot;credit&quot;:&quot;Marcel Kump&quot;,&quot;camera&quot;:&quot;Canon EOS 5D Mark III&quot;,&quot;caption&quot;:&quot;&quot;,&quot;created_timestamp&quot;:&quot;1635611337&quot;,&quot;copyright&quot;:&quot;All Copyright To Marcel Kump&quot;,&quot;focal_length&quot;:&quot;50&quot;,&quot;iso&quot;:&quot;800&quot;,&quot;shutter_speed&quot;:&quot;0.004&quot;,&quot;title&quot;:&quot;&quot;,&quot;orientation&quot;:&quot;0&quot;}\" data-image-title=\"Nabrizina_proslava_foto_Marcel_Kump_October_2021_28\" data-image-description=\"\" data-image-caption=\"\" data-large-file=\"https:\/\/i0.wp.com\/www.vss-sezana.si\/wp-content\/uploads\/2021\/11\/Nabrizina_proslava_foto_Marcel_Kump_October_2021_28-scaled.jpg?fit=687%2C1030&amp;ssl=1\" src=\"https:\/\/i0.wp.com\/www.vss-sezana.si\/wp-content\/uploads\/2021\/11\/Nabrizina_proslava_foto_Marcel_Kump_October_2021_28.jpg?resize=687%2C1030&#038;ssl=1\" alt=\"\" data-id=\"9522\" data-full-url=\"https:\/\/www.vss-sezana.si\/wp-content\/uploads\/2021\/11\/Nabrizina_proslava_foto_Marcel_Kump_October_2021_28-scaled.jpg\" data-link=\"https:\/\/www.vss-sezana.si\/?attachment_id=9522\" class=\"wp-image-9522\" srcset=\"https:\/\/i0.wp.com\/www.vss-sezana.si\/wp-content\/uploads\/2021\/11\/Nabrizina_proslava_foto_Marcel_Kump_October_2021_28-scaled.jpg?resize=687%2C1030&amp;ssl=1 687w, https:\/\/i0.wp.com\/www.vss-sezana.si\/wp-content\/uploads\/2021\/11\/Nabrizina_proslava_foto_Marcel_Kump_October_2021_28-scaled.jpg?resize=200%2C300&amp;ssl=1 200w, https:\/\/i0.wp.com\/www.vss-sezana.si\/wp-content\/uploads\/2021\/11\/Nabrizina_proslava_foto_Marcel_Kump_October_2021_28-scaled.jpg?resize=768%2C1152&amp;ssl=1 768w, https:\/\/i0.wp.com\/www.vss-sezana.si\/wp-content\/uploads\/2021\/11\/Nabrizina_proslava_foto_Marcel_Kump_October_2021_28-scaled.jpg?resize=1024%2C1536&amp;ssl=1 1024w, https:\/\/i0.wp.com\/www.vss-sezana.si\/wp-content\/uploads\/2021\/11\/Nabrizina_proslava_foto_Marcel_Kump_October_2021_28-scaled.jpg?resize=1365%2C2048&amp;ssl=1 1365w, https:\/\/i0.wp.com\/www.vss-sezana.si\/wp-content\/uploads\/2021\/11\/Nabrizina_proslava_foto_Marcel_Kump_October_2021_28-scaled.jpg?resize=1000%2C1500&amp;ssl=1 1000w, https:\/\/i0.wp.com\/www.vss-sezana.si\/wp-content\/uploads\/2021\/11\/Nabrizina_proslava_foto_Marcel_Kump_October_2021_28-scaled.jpg?resize=470%2C705&amp;ssl=1 470w, https:\/\/i0.wp.com\/www.vss-sezana.si\/wp-content\/uploads\/2021\/11\/Nabrizina_proslava_foto_Marcel_Kump_October_2021_28-scaled.jpg?resize=450%2C675&amp;ssl=1 450w, https:\/\/i0.wp.com\/www.vss-sezana.si\/wp-content\/uploads\/2021\/11\/Nabrizina_proslava_foto_Marcel_Kump_October_2021_28-scaled.jpg?w=1707&amp;ssl=1 1707w\" sizes=\"auto, (max-width: 687px) 100vw, 687px\" \/><\/figure><\/li><li class=\"blocks-gallery-item\"><figure><img data-recalc-dims=\"1\" loading=\"lazy\" decoding=\"async\" width=\"687\" height=\"1030\" data-attachment-id=\"9523\" data-permalink=\"https:\/\/www.vss-sezana.si\/?attachment_id=9523\" data-orig-file=\"https:\/\/i0.wp.com\/www.vss-sezana.si\/wp-content\/uploads\/2021\/11\/Nabrizina_proslava_foto_Marcel_Kump_October_2021_29-scaled.jpg?fit=1707%2C2560&amp;ssl=1\" data-orig-size=\"1707,2560\" data-comments-opened=\"1\" data-image-meta=\"{&quot;aperture&quot;:&quot;4&quot;,&quot;credit&quot;:&quot;Marcel Kump&quot;,&quot;camera&quot;:&quot;Canon EOS 5D Mark III&quot;,&quot;caption&quot;:&quot;&quot;,&quot;created_timestamp&quot;:&quot;1635611349&quot;,&quot;copyright&quot;:&quot;All Copyright To Marcel Kump&quot;,&quot;focal_length&quot;:&quot;50&quot;,&quot;iso&quot;:&quot;800&quot;,&quot;shutter_speed&quot;:&quot;0.004&quot;,&quot;title&quot;:&quot;&quot;,&quot;orientation&quot;:&quot;0&quot;}\" data-image-title=\"Nabrizina_proslava_foto_Marcel_Kump_October_2021_29\" data-image-description=\"\" data-image-caption=\"\" data-large-file=\"https:\/\/i0.wp.com\/www.vss-sezana.si\/wp-content\/uploads\/2021\/11\/Nabrizina_proslava_foto_Marcel_Kump_October_2021_29-scaled.jpg?fit=687%2C1030&amp;ssl=1\" src=\"https:\/\/i0.wp.com\/www.vss-sezana.si\/wp-content\/uploads\/2021\/11\/Nabrizina_proslava_foto_Marcel_Kump_October_2021_29.jpg?resize=687%2C1030&#038;ssl=1\" alt=\"\" data-id=\"9523\" data-full-url=\"https:\/\/www.vss-sezana.si\/wp-content\/uploads\/2021\/11\/Nabrizina_proslava_foto_Marcel_Kump_October_2021_29-scaled.jpg\" data-link=\"https:\/\/www.vss-sezana.si\/?attachment_id=9523\" class=\"wp-image-9523\" srcset=\"https:\/\/i0.wp.com\/www.vss-sezana.si\/wp-content\/uploads\/2021\/11\/Nabrizina_proslava_foto_Marcel_Kump_October_2021_29-scaled.jpg?resize=687%2C1030&amp;ssl=1 687w, https:\/\/i0.wp.com\/www.vss-sezana.si\/wp-content\/uploads\/2021\/11\/Nabrizina_proslava_foto_Marcel_Kump_October_2021_29-scaled.jpg?resize=200%2C300&amp;ssl=1 200w, https:\/\/i0.wp.com\/www.vss-sezana.si\/wp-content\/uploads\/2021\/11\/Nabrizina_proslava_foto_Marcel_Kump_October_2021_29-scaled.jpg?resize=768%2C1152&amp;ssl=1 768w, https:\/\/i0.wp.com\/www.vss-sezana.si\/wp-content\/uploads\/2021\/11\/Nabrizina_proslava_foto_Marcel_Kump_October_2021_29-scaled.jpg?resize=1024%2C1536&amp;ssl=1 1024w, https:\/\/i0.wp.com\/www.vss-sezana.si\/wp-content\/uploads\/2021\/11\/Nabrizina_proslava_foto_Marcel_Kump_October_2021_29-scaled.jpg?resize=1365%2C2048&amp;ssl=1 1365w, https:\/\/i0.wp.com\/www.vss-sezana.si\/wp-content\/uploads\/2021\/11\/Nabrizina_proslava_foto_Marcel_Kump_October_2021_29-scaled.jpg?resize=1000%2C1500&amp;ssl=1 1000w, https:\/\/i0.wp.com\/www.vss-sezana.si\/wp-content\/uploads\/2021\/11\/Nabrizina_proslava_foto_Marcel_Kump_October_2021_29-scaled.jpg?resize=470%2C705&amp;ssl=1 470w, https:\/\/i0.wp.com\/www.vss-sezana.si\/wp-content\/uploads\/2021\/11\/Nabrizina_proslava_foto_Marcel_Kump_October_2021_29-scaled.jpg?resize=450%2C675&amp;ssl=1 450w, https:\/\/i0.wp.com\/www.vss-sezana.si\/wp-content\/uploads\/2021\/11\/Nabrizina_proslava_foto_Marcel_Kump_October_2021_29-scaled.jpg?w=1707&amp;ssl=1 1707w\" sizes=\"auto, (max-width: 687px) 100vw, 687px\" \/><\/figure><\/li><li class=\"blocks-gallery-item\"><figure><img data-recalc-dims=\"1\" loading=\"lazy\" decoding=\"async\" width=\"1030\" height=\"687\" data-attachment-id=\"9524\" data-permalink=\"https:\/\/www.vss-sezana.si\/?attachment_id=9524\" data-orig-file=\"https:\/\/i0.wp.com\/www.vss-sezana.si\/wp-content\/uploads\/2021\/11\/Nabrizina_proslava_foto_Marcel_Kump_October_2021_30-scaled.jpg?fit=2560%2C1707&amp;ssl=1\" data-orig-size=\"2560,1707\" data-comments-opened=\"1\" data-image-meta=\"{&quot;aperture&quot;:&quot;4&quot;,&quot;credit&quot;:&quot;Marcel Kump&quot;,&quot;camera&quot;:&quot;Canon EOS 5D Mark III&quot;,&quot;caption&quot;:&quot;&quot;,&quot;created_timestamp&quot;:&quot;1635611464&quot;,&quot;copyright&quot;:&quot;All Copyright To Marcel Kump&quot;,&quot;focal_length&quot;:&quot;50&quot;,&quot;iso&quot;:&quot;800&quot;,&quot;shutter_speed&quot;:&quot;0.004&quot;,&quot;title&quot;:&quot;&quot;,&quot;orientation&quot;:&quot;0&quot;}\" data-image-title=\"Nabrizina_proslava_foto_Marcel_Kump_October_2021_30\" data-image-description=\"\" data-image-caption=\"\" data-large-file=\"https:\/\/i0.wp.com\/www.vss-sezana.si\/wp-content\/uploads\/2021\/11\/Nabrizina_proslava_foto_Marcel_Kump_October_2021_30-scaled.jpg?fit=1030%2C687&amp;ssl=1\" src=\"https:\/\/i0.wp.com\/www.vss-sezana.si\/wp-content\/uploads\/2021\/11\/Nabrizina_proslava_foto_Marcel_Kump_October_2021_30.jpg?resize=1030%2C687&#038;ssl=1\" alt=\"\" data-id=\"9524\" data-full-url=\"https:\/\/www.vss-sezana.si\/wp-content\/uploads\/2021\/11\/Nabrizina_proslava_foto_Marcel_Kump_October_2021_30-scaled.jpg\" data-link=\"https:\/\/www.vss-sezana.si\/?attachment_id=9524\" class=\"wp-image-9524\" srcset=\"https:\/\/i0.wp.com\/www.vss-sezana.si\/wp-content\/uploads\/2021\/11\/Nabrizina_proslava_foto_Marcel_Kump_October_2021_30-scaled.jpg?resize=1030%2C687&amp;ssl=1 1030w, https:\/\/i0.wp.com\/www.vss-sezana.si\/wp-content\/uploads\/2021\/11\/Nabrizina_proslava_foto_Marcel_Kump_October_2021_30-scaled.jpg?resize=300%2C200&amp;ssl=1 300w, https:\/\/i0.wp.com\/www.vss-sezana.si\/wp-content\/uploads\/2021\/11\/Nabrizina_proslava_foto_Marcel_Kump_October_2021_30-scaled.jpg?resize=768%2C512&amp;ssl=1 768w, https:\/\/i0.wp.com\/www.vss-sezana.si\/wp-content\/uploads\/2021\/11\/Nabrizina_proslava_foto_Marcel_Kump_October_2021_30-scaled.jpg?resize=1536%2C1024&amp;ssl=1 1536w, https:\/\/i0.wp.com\/www.vss-sezana.si\/wp-content\/uploads\/2021\/11\/Nabrizina_proslava_foto_Marcel_Kump_October_2021_30-scaled.jpg?resize=2048%2C1365&amp;ssl=1 2048w, https:\/\/i0.wp.com\/www.vss-sezana.si\/wp-content\/uploads\/2021\/11\/Nabrizina_proslava_foto_Marcel_Kump_October_2021_30-scaled.jpg?resize=1500%2C1000&amp;ssl=1 1500w, https:\/\/i0.wp.com\/www.vss-sezana.si\/wp-content\/uploads\/2021\/11\/Nabrizina_proslava_foto_Marcel_Kump_October_2021_30-scaled.jpg?resize=705%2C470&amp;ssl=1 705w, https:\/\/i0.wp.com\/www.vss-sezana.si\/wp-content\/uploads\/2021\/11\/Nabrizina_proslava_foto_Marcel_Kump_October_2021_30-scaled.jpg?resize=450%2C300&amp;ssl=1 450w\" sizes=\"auto, (max-width: 1030px) 100vw, 1030px\" \/><\/figure><\/li><li class=\"blocks-gallery-item\"><figure><img data-recalc-dims=\"1\" loading=\"lazy\" decoding=\"async\" width=\"687\" height=\"1030\" data-attachment-id=\"9525\" data-permalink=\"https:\/\/www.vss-sezana.si\/?attachment_id=9525\" data-orig-file=\"https:\/\/i0.wp.com\/www.vss-sezana.si\/wp-content\/uploads\/2021\/11\/Nabrizina_proslava_foto_Marcel_Kump_October_2021_31-scaled.jpg?fit=1707%2C2560&amp;ssl=1\" data-orig-size=\"1707,2560\" data-comments-opened=\"1\" data-image-meta=\"{&quot;aperture&quot;:&quot;8&quot;,&quot;credit&quot;:&quot;Marcel Kump&quot;,&quot;camera&quot;:&quot;Canon EOS 5D Mark III&quot;,&quot;caption&quot;:&quot;&quot;,&quot;created_timestamp&quot;:&quot;1635611504&quot;,&quot;copyright&quot;:&quot;All Copyright To Marcel Kump&quot;,&quot;focal_length&quot;:&quot;50&quot;,&quot;iso&quot;:&quot;1600&quot;,&quot;shutter_speed&quot;:&quot;0.016666666666667&quot;,&quot;title&quot;:&quot;&quot;,&quot;orientation&quot;:&quot;0&quot;}\" data-image-title=\"Nabrizina_proslava_foto_Marcel_Kump_October_2021_31\" data-image-description=\"\" data-image-caption=\"\" data-large-file=\"https:\/\/i0.wp.com\/www.vss-sezana.si\/wp-content\/uploads\/2021\/11\/Nabrizina_proslava_foto_Marcel_Kump_October_2021_31-scaled.jpg?fit=687%2C1030&amp;ssl=1\" src=\"https:\/\/i0.wp.com\/www.vss-sezana.si\/wp-content\/uploads\/2021\/11\/Nabrizina_proslava_foto_Marcel_Kump_October_2021_31.jpg?resize=687%2C1030&#038;ssl=1\" alt=\"\" data-id=\"9525\" data-full-url=\"https:\/\/www.vss-sezana.si\/wp-content\/uploads\/2021\/11\/Nabrizina_proslava_foto_Marcel_Kump_October_2021_31-scaled.jpg\" data-link=\"https:\/\/www.vss-sezana.si\/?attachment_id=9525\" class=\"wp-image-9525\" srcset=\"https:\/\/i0.wp.com\/www.vss-sezana.si\/wp-content\/uploads\/2021\/11\/Nabrizina_proslava_foto_Marcel_Kump_October_2021_31-scaled.jpg?resize=687%2C1030&amp;ssl=1 687w, https:\/\/i0.wp.com\/www.vss-sezana.si\/wp-content\/uploads\/2021\/11\/Nabrizina_proslava_foto_Marcel_Kump_October_2021_31-scaled.jpg?resize=200%2C300&amp;ssl=1 200w, https:\/\/i0.wp.com\/www.vss-sezana.si\/wp-content\/uploads\/2021\/11\/Nabrizina_proslava_foto_Marcel_Kump_October_2021_31-scaled.jpg?resize=768%2C1152&amp;ssl=1 768w, https:\/\/i0.wp.com\/www.vss-sezana.si\/wp-content\/uploads\/2021\/11\/Nabrizina_proslava_foto_Marcel_Kump_October_2021_31-scaled.jpg?resize=1024%2C1536&amp;ssl=1 1024w, https:\/\/i0.wp.com\/www.vss-sezana.si\/wp-content\/uploads\/2021\/11\/Nabrizina_proslava_foto_Marcel_Kump_October_2021_31-scaled.jpg?resize=1365%2C2048&amp;ssl=1 1365w, https:\/\/i0.wp.com\/www.vss-sezana.si\/wp-content\/uploads\/2021\/11\/Nabrizina_proslava_foto_Marcel_Kump_October_2021_31-scaled.jpg?resize=1000%2C1500&amp;ssl=1 1000w, https:\/\/i0.wp.com\/www.vss-sezana.si\/wp-content\/uploads\/2021\/11\/Nabrizina_proslava_foto_Marcel_Kump_October_2021_31-scaled.jpg?resize=470%2C705&amp;ssl=1 470w, https:\/\/i0.wp.com\/www.vss-sezana.si\/wp-content\/uploads\/2021\/11\/Nabrizina_proslava_foto_Marcel_Kump_October_2021_31-scaled.jpg?resize=450%2C675&amp;ssl=1 450w, https:\/\/i0.wp.com\/www.vss-sezana.si\/wp-content\/uploads\/2021\/11\/Nabrizina_proslava_foto_Marcel_Kump_October_2021_31-scaled.jpg?w=1707&amp;ssl=1 1707w\" sizes=\"auto, (max-width: 687px) 100vw, 687px\" \/><\/figure><\/li><li class=\"blocks-gallery-item\"><figure><img data-recalc-dims=\"1\" loading=\"lazy\" decoding=\"async\" width=\"687\" height=\"1030\" data-attachment-id=\"9526\" data-permalink=\"https:\/\/www.vss-sezana.si\/?attachment_id=9526\" data-orig-file=\"https:\/\/i0.wp.com\/www.vss-sezana.si\/wp-content\/uploads\/2021\/11\/Nabrizina_proslava_foto_Marcel_Kump_October_2021_32-scaled.jpg?fit=1707%2C2560&amp;ssl=1\" data-orig-size=\"1707,2560\" data-comments-opened=\"1\" data-image-meta=\"{&quot;aperture&quot;:&quot;8&quot;,&quot;credit&quot;:&quot;Marcel Kump&quot;,&quot;camera&quot;:&quot;Canon EOS 5D Mark III&quot;,&quot;caption&quot;:&quot;&quot;,&quot;created_timestamp&quot;:&quot;1635611574&quot;,&quot;copyright&quot;:&quot;All Copyright To Marcel Kump&quot;,&quot;focal_length&quot;:&quot;50&quot;,&quot;iso&quot;:&quot;1000&quot;,&quot;shutter_speed&quot;:&quot;0.016666666666667&quot;,&quot;title&quot;:&quot;&quot;,&quot;orientation&quot;:&quot;0&quot;}\" data-image-title=\"Nabrizina_proslava_foto_Marcel_Kump_October_2021_32\" data-image-description=\"\" data-image-caption=\"\" data-large-file=\"https:\/\/i0.wp.com\/www.vss-sezana.si\/wp-content\/uploads\/2021\/11\/Nabrizina_proslava_foto_Marcel_Kump_October_2021_32-scaled.jpg?fit=687%2C1030&amp;ssl=1\" src=\"https:\/\/i0.wp.com\/www.vss-sezana.si\/wp-content\/uploads\/2021\/11\/Nabrizina_proslava_foto_Marcel_Kump_October_2021_32.jpg?resize=687%2C1030&#038;ssl=1\" alt=\"\" data-id=\"9526\" data-full-url=\"https:\/\/www.vss-sezana.si\/wp-content\/uploads\/2021\/11\/Nabrizina_proslava_foto_Marcel_Kump_October_2021_32-scaled.jpg\" data-link=\"https:\/\/www.vss-sezana.si\/?attachment_id=9526\" class=\"wp-image-9526\" srcset=\"https:\/\/i0.wp.com\/www.vss-sezana.si\/wp-content\/uploads\/2021\/11\/Nabrizina_proslava_foto_Marcel_Kump_October_2021_32-scaled.jpg?resize=687%2C1030&amp;ssl=1 687w, https:\/\/i0.wp.com\/www.vss-sezana.si\/wp-content\/uploads\/2021\/11\/Nabrizina_proslava_foto_Marcel_Kump_October_2021_32-scaled.jpg?resize=200%2C300&amp;ssl=1 200w, https:\/\/i0.wp.com\/www.vss-sezana.si\/wp-content\/uploads\/2021\/11\/Nabrizina_proslava_foto_Marcel_Kump_October_2021_32-scaled.jpg?resize=768%2C1152&amp;ssl=1 768w, https:\/\/i0.wp.com\/www.vss-sezana.si\/wp-content\/uploads\/2021\/11\/Nabrizina_proslava_foto_Marcel_Kump_October_2021_32-scaled.jpg?resize=1024%2C1536&amp;ssl=1 1024w, https:\/\/i0.wp.com\/www.vss-sezana.si\/wp-content\/uploads\/2021\/11\/Nabrizina_proslava_foto_Marcel_Kump_October_2021_32-scaled.jpg?resize=1365%2C2048&amp;ssl=1 1365w, https:\/\/i0.wp.com\/www.vss-sezana.si\/wp-content\/uploads\/2021\/11\/Nabrizina_proslava_foto_Marcel_Kump_October_2021_32-scaled.jpg?resize=1000%2C1500&amp;ssl=1 1000w, https:\/\/i0.wp.com\/www.vss-sezana.si\/wp-content\/uploads\/2021\/11\/Nabrizina_proslava_foto_Marcel_Kump_October_2021_32-scaled.jpg?resize=470%2C705&amp;ssl=1 470w, https:\/\/i0.wp.com\/www.vss-sezana.si\/wp-content\/uploads\/2021\/11\/Nabrizina_proslava_foto_Marcel_Kump_October_2021_32-scaled.jpg?resize=450%2C675&amp;ssl=1 450w, https:\/\/i0.wp.com\/www.vss-sezana.si\/wp-content\/uploads\/2021\/11\/Nabrizina_proslava_foto_Marcel_Kump_October_2021_32-scaled.jpg?w=1707&amp;ssl=1 1707w\" sizes=\"auto, (max-width: 687px) 100vw, 687px\" \/><\/figure><\/li><li class=\"blocks-gallery-item\"><figure><img data-recalc-dims=\"1\" loading=\"lazy\" decoding=\"async\" width=\"1030\" height=\"687\" data-attachment-id=\"9527\" data-permalink=\"https:\/\/www.vss-sezana.si\/?attachment_id=9527\" data-orig-file=\"https:\/\/i0.wp.com\/www.vss-sezana.si\/wp-content\/uploads\/2021\/11\/Nabrizina_proslava_foto_Marcel_Kump_October_2021_33-scaled.jpg?fit=2560%2C1707&amp;ssl=1\" data-orig-size=\"2560,1707\" data-comments-opened=\"1\" data-image-meta=\"{&quot;aperture&quot;:&quot;8&quot;,&quot;credit&quot;:&quot;Marcel Kump&quot;,&quot;camera&quot;:&quot;Canon EOS 5D Mark III&quot;,&quot;caption&quot;:&quot;&quot;,&quot;created_timestamp&quot;:&quot;1635611607&quot;,&quot;copyright&quot;:&quot;All Copyright To Marcel Kump&quot;,&quot;focal_length&quot;:&quot;50&quot;,&quot;iso&quot;:&quot;1000&quot;,&quot;shutter_speed&quot;:&quot;0.016666666666667&quot;,&quot;title&quot;:&quot;&quot;,&quot;orientation&quot;:&quot;0&quot;}\" data-image-title=\"Nabrizina_proslava_foto_Marcel_Kump_October_2021_33\" data-image-description=\"\" data-image-caption=\"\" data-large-file=\"https:\/\/i0.wp.com\/www.vss-sezana.si\/wp-content\/uploads\/2021\/11\/Nabrizina_proslava_foto_Marcel_Kump_October_2021_33-scaled.jpg?fit=1030%2C687&amp;ssl=1\" src=\"https:\/\/i0.wp.com\/www.vss-sezana.si\/wp-content\/uploads\/2021\/11\/Nabrizina_proslava_foto_Marcel_Kump_October_2021_33.jpg?resize=1030%2C687&#038;ssl=1\" alt=\"\" data-id=\"9527\" data-full-url=\"https:\/\/www.vss-sezana.si\/wp-content\/uploads\/2021\/11\/Nabrizina_proslava_foto_Marcel_Kump_October_2021_33-scaled.jpg\" data-link=\"https:\/\/www.vss-sezana.si\/?attachment_id=9527\" class=\"wp-image-9527\" srcset=\"https:\/\/i0.wp.com\/www.vss-sezana.si\/wp-content\/uploads\/2021\/11\/Nabrizina_proslava_foto_Marcel_Kump_October_2021_33-scaled.jpg?resize=1030%2C687&amp;ssl=1 1030w, https:\/\/i0.wp.com\/www.vss-sezana.si\/wp-content\/uploads\/2021\/11\/Nabrizina_proslava_foto_Marcel_Kump_October_2021_33-scaled.jpg?resize=300%2C200&amp;ssl=1 300w, https:\/\/i0.wp.com\/www.vss-sezana.si\/wp-content\/uploads\/2021\/11\/Nabrizina_proslava_foto_Marcel_Kump_October_2021_33-scaled.jpg?resize=768%2C512&amp;ssl=1 768w, https:\/\/i0.wp.com\/www.vss-sezana.si\/wp-content\/uploads\/2021\/11\/Nabrizina_proslava_foto_Marcel_Kump_October_2021_33-scaled.jpg?resize=1536%2C1024&amp;ssl=1 1536w, https:\/\/i0.wp.com\/www.vss-sezana.si\/wp-content\/uploads\/2021\/11\/Nabrizina_proslava_foto_Marcel_Kump_October_2021_33-scaled.jpg?resize=2048%2C1365&amp;ssl=1 2048w, https:\/\/i0.wp.com\/www.vss-sezana.si\/wp-content\/uploads\/2021\/11\/Nabrizina_proslava_foto_Marcel_Kump_October_2021_33-scaled.jpg?resize=1500%2C1000&amp;ssl=1 1500w, https:\/\/i0.wp.com\/www.vss-sezana.si\/wp-content\/uploads\/2021\/11\/Nabrizina_proslava_foto_Marcel_Kump_October_2021_33-scaled.jpg?resize=705%2C470&amp;ssl=1 705w, https:\/\/i0.wp.com\/www.vss-sezana.si\/wp-content\/uploads\/2021\/11\/Nabrizina_proslava_foto_Marcel_Kump_October_2021_33-scaled.jpg?resize=450%2C300&amp;ssl=1 450w\" sizes=\"auto, (max-width: 1030px) 100vw, 1030px\" \/><\/figure><\/li><li class=\"blocks-gallery-item\"><figure><img data-recalc-dims=\"1\" loading=\"lazy\" decoding=\"async\" width=\"1030\" height=\"687\" data-attachment-id=\"9528\" data-permalink=\"https:\/\/www.vss-sezana.si\/?attachment_id=9528\" data-orig-file=\"https:\/\/i0.wp.com\/www.vss-sezana.si\/wp-content\/uploads\/2021\/11\/Nabrizina_proslava_foto_Marcel_Kump_October_2021_34-scaled.jpg?fit=2560%2C1707&amp;ssl=1\" data-orig-size=\"2560,1707\" data-comments-opened=\"1\" data-image-meta=\"{&quot;aperture&quot;:&quot;7.1&quot;,&quot;credit&quot;:&quot;Marcel Kump&quot;,&quot;camera&quot;:&quot;Canon EOS 5D Mark III&quot;,&quot;caption&quot;:&quot;&quot;,&quot;created_timestamp&quot;:&quot;1635612142&quot;,&quot;copyright&quot;:&quot;All Copyright To Marcel Kump&quot;,&quot;focal_length&quot;:&quot;50&quot;,&quot;iso&quot;:&quot;1000&quot;,&quot;shutter_speed&quot;:&quot;0.0125&quot;,&quot;title&quot;:&quot;&quot;,&quot;orientation&quot;:&quot;0&quot;}\" data-image-title=\"Nabrizina_proslava_foto_Marcel_Kump_October_2021_34\" data-image-description=\"\" data-image-caption=\"\" data-large-file=\"https:\/\/i0.wp.com\/www.vss-sezana.si\/wp-content\/uploads\/2021\/11\/Nabrizina_proslava_foto_Marcel_Kump_October_2021_34-scaled.jpg?fit=1030%2C687&amp;ssl=1\" src=\"https:\/\/i0.wp.com\/www.vss-sezana.si\/wp-content\/uploads\/2021\/11\/Nabrizina_proslava_foto_Marcel_Kump_October_2021_34.jpg?resize=1030%2C687&#038;ssl=1\" alt=\"\" data-id=\"9528\" data-full-url=\"https:\/\/www.vss-sezana.si\/wp-content\/uploads\/2021\/11\/Nabrizina_proslava_foto_Marcel_Kump_October_2021_34-scaled.jpg\" data-link=\"https:\/\/www.vss-sezana.si\/?attachment_id=9528\" class=\"wp-image-9528\" srcset=\"https:\/\/i0.wp.com\/www.vss-sezana.si\/wp-content\/uploads\/2021\/11\/Nabrizina_proslava_foto_Marcel_Kump_October_2021_34-scaled.jpg?resize=1030%2C687&amp;ssl=1 1030w, https:\/\/i0.wp.com\/www.vss-sezana.si\/wp-content\/uploads\/2021\/11\/Nabrizina_proslava_foto_Marcel_Kump_October_2021_34-scaled.jpg?resize=300%2C200&amp;ssl=1 300w, https:\/\/i0.wp.com\/www.vss-sezana.si\/wp-content\/uploads\/2021\/11\/Nabrizina_proslava_foto_Marcel_Kump_October_2021_34-scaled.jpg?resize=768%2C512&amp;ssl=1 768w, https:\/\/i0.wp.com\/www.vss-sezana.si\/wp-content\/uploads\/2021\/11\/Nabrizina_proslava_foto_Marcel_Kump_October_2021_34-scaled.jpg?resize=1536%2C1024&amp;ssl=1 1536w, https:\/\/i0.wp.com\/www.vss-sezana.si\/wp-content\/uploads\/2021\/11\/Nabrizina_proslava_foto_Marcel_Kump_October_2021_34-scaled.jpg?resize=2048%2C1365&amp;ssl=1 2048w, https:\/\/i0.wp.com\/www.vss-sezana.si\/wp-content\/uploads\/2021\/11\/Nabrizina_proslava_foto_Marcel_Kump_October_2021_34-scaled.jpg?resize=1500%2C1000&amp;ssl=1 1500w, https:\/\/i0.wp.com\/www.vss-sezana.si\/wp-content\/uploads\/2021\/11\/Nabrizina_proslava_foto_Marcel_Kump_October_2021_34-scaled.jpg?resize=705%2C470&amp;ssl=1 705w, https:\/\/i0.wp.com\/www.vss-sezana.si\/wp-content\/uploads\/2021\/11\/Nabrizina_proslava_foto_Marcel_Kump_October_2021_34-scaled.jpg?resize=450%2C300&amp;ssl=1 450w\" sizes=\"auto, (max-width: 1030px) 100vw, 1030px\" \/><\/figure><\/li><li class=\"blocks-gallery-item\"><figure><img data-recalc-dims=\"1\" loading=\"lazy\" decoding=\"async\" width=\"1030\" height=\"687\" data-attachment-id=\"9529\" data-permalink=\"https:\/\/www.vss-sezana.si\/?attachment_id=9529\" data-orig-file=\"https:\/\/i0.wp.com\/www.vss-sezana.si\/wp-content\/uploads\/2021\/11\/Nabrizina_proslava_foto_Marcel_Kump_October_2021_35-scaled.jpg?fit=2560%2C1707&amp;ssl=1\" data-orig-size=\"2560,1707\" data-comments-opened=\"1\" data-image-meta=\"{&quot;aperture&quot;:&quot;5.6&quot;,&quot;credit&quot;:&quot;Marcel Kump&quot;,&quot;camera&quot;:&quot;Canon EOS 5D Mark III&quot;,&quot;caption&quot;:&quot;&quot;,&quot;created_timestamp&quot;:&quot;1635612476&quot;,&quot;copyright&quot;:&quot;All Copyright To Marcel Kump&quot;,&quot;focal_length&quot;:&quot;50&quot;,&quot;iso&quot;:&quot;1000&quot;,&quot;shutter_speed&quot;:&quot;0.0125&quot;,&quot;title&quot;:&quot;&quot;,&quot;orientation&quot;:&quot;0&quot;}\" data-image-title=\"Nabrizina_proslava_foto_Marcel_Kump_October_2021_35\" data-image-description=\"\" data-image-caption=\"\" data-large-file=\"https:\/\/i0.wp.com\/www.vss-sezana.si\/wp-content\/uploads\/2021\/11\/Nabrizina_proslava_foto_Marcel_Kump_October_2021_35-scaled.jpg?fit=1030%2C687&amp;ssl=1\" src=\"https:\/\/i0.wp.com\/www.vss-sezana.si\/wp-content\/uploads\/2021\/11\/Nabrizina_proslava_foto_Marcel_Kump_October_2021_35.jpg?resize=1030%2C687&#038;ssl=1\" alt=\"\" data-id=\"9529\" data-full-url=\"https:\/\/www.vss-sezana.si\/wp-content\/uploads\/2021\/11\/Nabrizina_proslava_foto_Marcel_Kump_October_2021_35-scaled.jpg\" data-link=\"https:\/\/www.vss-sezana.si\/?attachment_id=9529\" class=\"wp-image-9529\" srcset=\"https:\/\/i0.wp.com\/www.vss-sezana.si\/wp-content\/uploads\/2021\/11\/Nabrizina_proslava_foto_Marcel_Kump_October_2021_35-scaled.jpg?resize=1030%2C687&amp;ssl=1 1030w, https:\/\/i0.wp.com\/www.vss-sezana.si\/wp-content\/uploads\/2021\/11\/Nabrizina_proslava_foto_Marcel_Kump_October_2021_35-scaled.jpg?resize=300%2C200&amp;ssl=1 300w, https:\/\/i0.wp.com\/www.vss-sezana.si\/wp-content\/uploads\/2021\/11\/Nabrizina_proslava_foto_Marcel_Kump_October_2021_35-scaled.jpg?resize=768%2C512&amp;ssl=1 768w, https:\/\/i0.wp.com\/www.vss-sezana.si\/wp-content\/uploads\/2021\/11\/Nabrizina_proslava_foto_Marcel_Kump_October_2021_35-scaled.jpg?resize=1536%2C1024&amp;ssl=1 1536w, https:\/\/i0.wp.com\/www.vss-sezana.si\/wp-content\/uploads\/2021\/11\/Nabrizina_proslava_foto_Marcel_Kump_October_2021_35-scaled.jpg?resize=2048%2C1365&amp;ssl=1 2048w, https:\/\/i0.wp.com\/www.vss-sezana.si\/wp-content\/uploads\/2021\/11\/Nabrizina_proslava_foto_Marcel_Kump_October_2021_35-scaled.jpg?resize=1500%2C1000&amp;ssl=1 1500w, https:\/\/i0.wp.com\/www.vss-sezana.si\/wp-content\/uploads\/2021\/11\/Nabrizina_proslava_foto_Marcel_Kump_October_2021_35-scaled.jpg?resize=705%2C470&amp;ssl=1 705w, https:\/\/i0.wp.com\/www.vss-sezana.si\/wp-content\/uploads\/2021\/11\/Nabrizina_proslava_foto_Marcel_Kump_October_2021_35-scaled.jpg?resize=450%2C300&amp;ssl=1 450w\" sizes=\"auto, (max-width: 1030px) 100vw, 1030px\" \/><\/figure><\/li><li class=\"blocks-gallery-item\"><figure><img data-recalc-dims=\"1\" loading=\"lazy\" decoding=\"async\" width=\"1030\" height=\"687\" data-attachment-id=\"9530\" data-permalink=\"https:\/\/www.vss-sezana.si\/?attachment_id=9530\" data-orig-file=\"https:\/\/i0.wp.com\/www.vss-sezana.si\/wp-content\/uploads\/2021\/11\/Nabrizina_proslava_foto_Marcel_Kump_October_2021_36-scaled.jpg?fit=2560%2C1707&amp;ssl=1\" data-orig-size=\"2560,1707\" data-comments-opened=\"1\" data-image-meta=\"{&quot;aperture&quot;:&quot;5.6&quot;,&quot;credit&quot;:&quot;Marcel Kump&quot;,&quot;camera&quot;:&quot;Canon EOS 5D Mark III&quot;,&quot;caption&quot;:&quot;&quot;,&quot;created_timestamp&quot;:&quot;1635612560&quot;,&quot;copyright&quot;:&quot;All Copyright To Marcel Kump&quot;,&quot;focal_length&quot;:&quot;50&quot;,&quot;iso&quot;:&quot;1000&quot;,&quot;shutter_speed&quot;:&quot;0.0125&quot;,&quot;title&quot;:&quot;&quot;,&quot;orientation&quot;:&quot;0&quot;}\" data-image-title=\"Nabrizina_proslava_foto_Marcel_Kump_October_2021_36\" data-image-description=\"\" data-image-caption=\"\" data-large-file=\"https:\/\/i0.wp.com\/www.vss-sezana.si\/wp-content\/uploads\/2021\/11\/Nabrizina_proslava_foto_Marcel_Kump_October_2021_36-scaled.jpg?fit=1030%2C687&amp;ssl=1\" src=\"https:\/\/i0.wp.com\/www.vss-sezana.si\/wp-content\/uploads\/2021\/11\/Nabrizina_proslava_foto_Marcel_Kump_October_2021_36.jpg?resize=1030%2C687&#038;ssl=1\" alt=\"\" data-id=\"9530\" data-full-url=\"https:\/\/www.vss-sezana.si\/wp-content\/uploads\/2021\/11\/Nabrizina_proslava_foto_Marcel_Kump_October_2021_36-scaled.jpg\" data-link=\"https:\/\/www.vss-sezana.si\/?attachment_id=9530\" class=\"wp-image-9530\" srcset=\"https:\/\/i0.wp.com\/www.vss-sezana.si\/wp-content\/uploads\/2021\/11\/Nabrizina_proslava_foto_Marcel_Kump_October_2021_36-scaled.jpg?resize=1030%2C687&amp;ssl=1 1030w, https:\/\/i0.wp.com\/www.vss-sezana.si\/wp-content\/uploads\/2021\/11\/Nabrizina_proslava_foto_Marcel_Kump_October_2021_36-scaled.jpg?resize=300%2C200&amp;ssl=1 300w, https:\/\/i0.wp.com\/www.vss-sezana.si\/wp-content\/uploads\/2021\/11\/Nabrizina_proslava_foto_Marcel_Kump_October_2021_36-scaled.jpg?resize=768%2C512&amp;ssl=1 768w, https:\/\/i0.wp.com\/www.vss-sezana.si\/wp-content\/uploads\/2021\/11\/Nabrizina_proslava_foto_Marcel_Kump_October_2021_36-scaled.jpg?resize=1536%2C1024&amp;ssl=1 1536w, https:\/\/i0.wp.com\/www.vss-sezana.si\/wp-content\/uploads\/2021\/11\/Nabrizina_proslava_foto_Marcel_Kump_October_2021_36-scaled.jpg?resize=2048%2C1365&amp;ssl=1 2048w, https:\/\/i0.wp.com\/www.vss-sezana.si\/wp-content\/uploads\/2021\/11\/Nabrizina_proslava_foto_Marcel_Kump_October_2021_36-scaled.jpg?resize=1500%2C1000&amp;ssl=1 1500w, https:\/\/i0.wp.com\/www.vss-sezana.si\/wp-content\/uploads\/2021\/11\/Nabrizina_proslava_foto_Marcel_Kump_October_2021_36-scaled.jpg?resize=705%2C470&amp;ssl=1 705w, https:\/\/i0.wp.com\/www.vss-sezana.si\/wp-content\/uploads\/2021\/11\/Nabrizina_proslava_foto_Marcel_Kump_October_2021_36-scaled.jpg?resize=450%2C300&amp;ssl=1 450w\" sizes=\"auto, (max-width: 1030px) 100vw, 1030px\" \/><\/figure><\/li><\/ul><figcaption class=\"blocks-gallery-caption\">Fotografije: Marcel Kump<\/figcaption><\/figure>\n","protected":false},"excerpt":{"rendered":"<p>V&nbsp; Nabre\u017eini je v septembru potekala \u017ee sedma edicija festivala vetra in kamna \u2013 Energija krajev. Del festivala je bil tudi projekt \u00bbFantasti\u010dno potovanje v Nabre\u017einski kamen\u00ab, ki je nastal po zamisli Fabiole Faidiga in Maddalene Giuffrida. V sklopu projekta sta v kamnu ustvarjala po dva \u0161tudenta z Akademije lepih umetnosti v Benetkah in na\u0161e [&hellip;]<\/p>\n","protected":false},"author":2,"featured_media":0,"comment_status":"open","ping_status":"open","sticky":false,"template":"","format":"standard","meta":{"_jetpack_newsletter_access":"","_jetpack_dont_email_post_to_subs":false,"_jetpack_newsletter_tier_id":0,"_jetpack_memberships_contains_paywalled_content":false,"_jetpack_memberships_contains_paid_content":false,"footnotes":""},"categories":[1],"tags":[],"class_list":["post-9514","post","type-post","status-publish","format-standard","hentry","category-nekategorizirano"],"aioseo_notices":[],"jetpack_featured_media_url":"","jetpack_sharing_enabled":true,"jetpack_shortlink":"https:\/\/wp.me\/p6N9ot-2ts","jetpack-related-posts":[],"_links":{"self":[{"href":"https:\/\/www.vss-sezana.si\/index.php?rest_route=\/wp\/v2\/posts\/9514","targetHints":{"allow":["GET"]}}],"collection":[{"href":"https:\/\/www.vss-sezana.si\/index.php?rest_route=\/wp\/v2\/posts"}],"about":[{"href":"https:\/\/www.vss-sezana.si\/index.php?rest_route=\/wp\/v2\/types\/post"}],"author":[{"embeddable":true,"href":"https:\/\/www.vss-sezana.si\/index.php?rest_route=\/wp\/v2\/users\/2"}],"replies":[{"embeddable":true,"href":"https:\/\/www.vss-sezana.si\/index.php?rest_route=%2Fwp%2Fv2%2Fcomments&post=9514"}],"version-history":[{"count":1,"href":"https:\/\/www.vss-sezana.si\/index.php?rest_route=\/wp\/v2\/posts\/9514\/revisions"}],"predecessor-version":[{"id":9531,"href":"https:\/\/www.vss-sezana.si\/index.php?rest_route=\/wp\/v2\/posts\/9514\/revisions\/9531"}],"wp:attachment":[{"href":"https:\/\/www.vss-sezana.si\/index.php?rest_route=%2Fwp%2Fv2%2Fmedia&parent=9514"}],"wp:term":[{"taxonomy":"category","embeddable":true,"href":"https:\/\/www.vss-sezana.si\/index.php?rest_route=%2Fwp%2Fv2%2Fcategories&post=9514"},{"taxonomy":"post_tag","embeddable":true,"href":"https:\/\/www.vss-sezana.si\/index.php?rest_route=%2Fwp%2Fv2%2Ftags&post=9514"}],"curies":[{"name":"wp","href":"https:\/\/api.w.org\/{rel}","templated":true}]}}