{"id":9488,"date":"2021-10-25T07:05:00","date_gmt":"2021-10-25T05:05:00","guid":{"rendered":"https:\/\/www.vss-sezana.si\/?p=9488"},"modified":"2021-10-21T07:06:21","modified_gmt":"2021-10-21T05:06:21","slug":"razstava-scepec-soli","status":"publish","type":"post","link":"https:\/\/www.vss-sezana.si\/?p=9488","title":{"rendered":"Razstava \u0160\u010depec soli"},"content":{"rendered":"\n<p>Na razstavi \u0160\u010depec soli v Prirodoslovnem\u00a0 muzeju v Ljubljani so na ogled tudi solnice ter mlin\u010dek za sol na\u0161ih \u0161tudentov in diplomantov.\u00a0<\/p>\n\n\n\n<p>O razstavi:&nbsp;<\/p>\n\n\n\n<p>Ljudje smo s soljo povezani \u017ee mnogo tiso\u010dletji. Soustvarjala je na\u0161o zgodovino, branila interese ljudstev, omogo\u010dala napredek civilizacije in \u0161e dandanes ne moremo brez nje. Je tam, kjer si jo \u017eelimo, na primer kot za\u010dimbo v hrani. Je tam, kjer je od nekdaj, pa tega niti ne vemo in je tam, kjer niti \u0161e ni stopila \u010dlove\u0161ka noga.&nbsp;<\/p>\n\n\n\n<p>Sol navadno povezujemo z drobnimi ble\u0161\u010de\u010dimi belimi kristali, slano hrano, solinami, morjem. Toda pojem soli je mnogo, mnogo \u0161ir\u0161i.&nbsp;<\/p>\n\n\n\n<p>Na razstavi o soli nas uvodoma pozdravi Martin Krpan, ki je s soljo tesno povezan. Pa ne s tisto obi\u010dajno, kuhinjsko ampak z angle\u0161ko, ki jo imenujemo tudi soliter in je bila pomembna surovina pri izdelavi smodnika.&nbsp; Zato se na za\u010detku spoznamo s soljo v kemijskem pogledu, kaj je njena definicija in kako raznoliki so minerali soli \u2013 po kemijsko.<\/p>\n\n\n\n<p>Sol po doma\u010de je naslov, ki nas privede do kuhinjske soli, s katero smo ljudje povezani \u017ee od nekdaj. Bila je strate\u0161ka surovina v \u010dasih, ko ni bilo drugih konzervansov za \u017eivila. V naravi nastaja ob izlo\u010danju morske vode, ali pa jo najdemo kot kameno sol, ki se je izlo\u010dila v geolo\u0161ki preteklosti.<\/p>\n\n\n\n<p>Kristali soli imajo zna\u010dilne kristalne forme kocke, so obi\u010dajno brezbarvni ali beli, na razstavi pa e prikazana tudi v obliki modrih kristalov. Zna\u010dilnost kristalov morske sol, z mineralo\u0161kim imenom halit, je, da robovi kocke rastejo hitreje kot osrednji deli in zato nastanejo tako imenovani skeletni kristali. Na razstavi so razstavljeni iz solin iz vzhodne obale Jadranskega morja, vse od Ulcinja, preko Stona, Nina do Se\u010dovelj in Strunjana.<\/p>\n\n\n\n<p>Sol se v naravi pojavlja tudi v obliki velikih diapirjev. To so solni \u010doki, ki so gospodarsko pomembni zaradi nahajali\u0161\u010d nafte, ki se ujamejo v strukture, ki jih ustvari solni \u010dok. Na razstavi so prikazane podobe solnega \u010doka iz Irana, nam najbli\u017eji solni \u010dok pa je v okolici Komi\u017ee na Hrva\u0161kem.<\/p>\n\n\n\n<p>Sol se v naravi izlo\u010da v okoljih, kjer je izhlapevanje morske vode intenzivno. Na precej ekstremne razmere so se prilagodila nekatere rastline in \u017eivali, kar je na razstavi predstavljeno v njenem sklepnem delu. \u010cisto za konec pa so predstavljene soli v vesolju. Ja, na\u0161li so jih na nekaterih planetih oziroma njihovih lunah, kar nas navaja na misel, da je bilo na njihovi povr\u0161ini neko\u010d dovolj teko\u010de vode, ki je nujno potrebna za \u017eivljenje kot ga razumemo sedaj.<\/p>\n\n\n\n<p>Sol je za \u010dloveka izjemno pomembna. Zakaj, koliko jo v resnici potrebujemo in kako smo z njo povezani je na razstavi predstavljeno v posebnem delu z naslovom \u010clovek in sol.<\/p>\n\n\n\n<p>Razstavo bogati kratek video z utrinki iz jadranskih solin, predstavitev grobe in drobne soli, kako jo do\u017eivljamo ljudje in kako \u017eivali.<\/p>\n\n\n\n<p>Vabljeni!<\/p>\n\n\n\n<figure class=\"wp-block-embed is-type-video is-provider-youtube wp-block-embed-youtube wp-embed-aspect-16-9 wp-has-aspect-ratio\"><div class=\"wp-block-embed__wrapper\">\n<span class=\"embed-youtube\" style=\"text-align:center; display: block;\"><iframe loading=\"lazy\" class=\"youtube-player\" width=\"1500\" height=\"844\" src=\"https:\/\/www.youtube.com\/embed\/BnN9lSGmSYI?version=3&#038;rel=1&#038;showsearch=0&#038;showinfo=1&#038;iv_load_policy=1&#038;fs=1&#038;hl=sl-SI&#038;autohide=2&#038;wmode=transparent\" allowfullscreen=\"true\" style=\"border:0;\" sandbox=\"allow-scripts allow-same-origin allow-popups allow-presentation allow-popups-to-escape-sandbox\"><\/iframe><\/span>\n<\/div><figcaption>(vir: <a href=\"https:\/\/www.pms-lj.si\/si\/razstave\/obcasne-razstave\/scepec-soli\">https:\/\/www.pms-lj.si\/si\/razstave\/obcasne-razstave\/scepec-soli<\/a>)<br><br><br><br><\/figcaption><\/figure>\n","protected":false},"excerpt":{"rendered":"<p>Na razstavi \u0160\u010depec soli v Prirodoslovnem\u00a0 muzeju v Ljubljani so na ogled tudi solnice ter mlin\u010dek za sol na\u0161ih \u0161tudentov in diplomantov.\u00a0 O razstavi:&nbsp; Ljudje smo s soljo povezani \u017ee mnogo tiso\u010dletji. Soustvarjala je na\u0161o zgodovino, branila interese ljudstev, omogo\u010dala napredek civilizacije in \u0161e dandanes ne moremo brez nje. Je tam, kjer si jo \u017eelimo, [&hellip;]<\/p>\n","protected":false},"author":2,"featured_media":0,"comment_status":"open","ping_status":"open","sticky":false,"template":"","format":"standard","meta":{"_jetpack_newsletter_access":"","_jetpack_dont_email_post_to_subs":false,"_jetpack_newsletter_tier_id":0,"_jetpack_memberships_contains_paywalled_content":false,"_jetpack_memberships_contains_paid_content":false,"footnotes":""},"categories":[1],"tags":[],"class_list":["post-9488","post","type-post","status-publish","format-standard","hentry","category-nekategorizirano"],"aioseo_notices":[],"jetpack_featured_media_url":"","jetpack_sharing_enabled":true,"jetpack_shortlink":"https:\/\/wp.me\/p6N9ot-2t2","jetpack-related-posts":[],"_links":{"self":[{"href":"https:\/\/www.vss-sezana.si\/index.php?rest_route=\/wp\/v2\/posts\/9488","targetHints":{"allow":["GET"]}}],"collection":[{"href":"https:\/\/www.vss-sezana.si\/index.php?rest_route=\/wp\/v2\/posts"}],"about":[{"href":"https:\/\/www.vss-sezana.si\/index.php?rest_route=\/wp\/v2\/types\/post"}],"author":[{"embeddable":true,"href":"https:\/\/www.vss-sezana.si\/index.php?rest_route=\/wp\/v2\/users\/2"}],"replies":[{"embeddable":true,"href":"https:\/\/www.vss-sezana.si\/index.php?rest_route=%2Fwp%2Fv2%2Fcomments&post=9488"}],"version-history":[{"count":1,"href":"https:\/\/www.vss-sezana.si\/index.php?rest_route=\/wp\/v2\/posts\/9488\/revisions"}],"predecessor-version":[{"id":9489,"href":"https:\/\/www.vss-sezana.si\/index.php?rest_route=\/wp\/v2\/posts\/9488\/revisions\/9489"}],"wp:attachment":[{"href":"https:\/\/www.vss-sezana.si\/index.php?rest_route=%2Fwp%2Fv2%2Fmedia&parent=9488"}],"wp:term":[{"taxonomy":"category","embeddable":true,"href":"https:\/\/www.vss-sezana.si\/index.php?rest_route=%2Fwp%2Fv2%2Fcategories&post=9488"},{"taxonomy":"post_tag","embeddable":true,"href":"https:\/\/www.vss-sezana.si\/index.php?rest_route=%2Fwp%2Fv2%2Ftags&post=9488"}],"curies":[{"name":"wp","href":"https:\/\/api.w.org\/{rel}","templated":true}]}}