{"id":9448,"date":"2021-10-04T08:50:37","date_gmt":"2021-10-04T06:50:37","guid":{"rendered":"https:\/\/www.vss-sezana.si\/?p=9448"},"modified":"2021-10-04T08:50:41","modified_gmt":"2021-10-04T06:50:41","slug":"branko-lenart-handwork-24-9-30-10-2021","status":"publish","type":"post","link":"https:\/\/www.vss-sezana.si\/?p=9448","title":{"rendered":"Branko Lenart &#8211; Hand:Work (24. 9.\u201330. 10. 2021)"},"content":{"rendered":"\n<p><strong>Odprtje razstave Branka Lenarta: petek, 24. september 2021, ob 19.00 uri.<\/strong><\/p>\n\n\n\n<p><strong>Galerija GONG, Kidri\u010deva ulica 20, Nova Gorica<\/strong><\/p>\n\n\n\n<p><strong>V Galeriji GONG napovedujemo razstavo mednarodno priznanega avstrijskega fotografa Branka Lenarta iz Gradca. Predstavil bo konceptualni projekt z naslovom <em>Hand:Work<\/em>, ki ga je ustvaril v dalj\u0161em \u010dasovnem razponu, od leta 1975 do 2012. Kustosinja razstave je Nata\u0161a Kov\u0161ca.<\/strong><\/p>\n\n\n\n<p><strong>Branko Lenart<\/strong> (1948) sodi med cenjene avstrijske fotografe, ki je s svojim delom pomembno zaznamoval gra\u0161ko umetni\u0161ko prizori\u0161\u010de. Pri\u0161tevamo pa ga tudi med slovenske fotografe, saj je bil rojen na Ptuju, a je s star\u0161i \u017ee leta 1954 emigriral v Avstrijo. Po diplomi na Pedago\u0161ki akademiji v Gradcu (1978) je pou\u010deval fotografijo na Visoki \u0161oli za umetnost in oblikovanje (1979 \u2013 2007) in na Univerzi za uporabne znanosti FH Joanneum v Gradcu (1996 \u2013 2003). \u017de leta 1968 je postal \u010dlan avantgardnega gra\u0161kega umetni\u0161kega dru\u0161tva Forum Stadtpark, v katerem so delovali \u0161tajerski ustvarjalci z razli\u010dnih umetni\u0161kih podro\u010dij. Bil pa je tudi soustanovitelj in dolgoletni predsednik (1994\u20132007) Kulturnega dru\u0161tva \u010clen 7 za avstrijsko \u0160tajersko \u2013 Pavlova hi\u0161a.<\/p>\n\n\n\n<p>Lenart je od leta 1968 sodeloval na \u0161tevilnih razstavah v Evropi in Severni Ameriki, samostojno pa razstavlja od leta 1970. Vrsto razstav je imel tudi v slovenskem prostoru. Njegova dela so bila vklju\u010dena v veliko pregledno razstavo <em>150 let fotografije na Slovenskem<\/em> (tretji del) v Mestni galeriji Ljubljana. Razstavljal je tudi v Obalnih galerijah v Piranu, Umetnostni galeriji Maribor, Jakopi\u010devi galeriji v Ljubljani, Pilonovi galeriji Ajdov\u0161\u010dina, Muzeju novej\u0161e zgodovine v Ljubljani, Galeriji Photon in drugod. Lenartove fotografije hranijo v mnogih fotografskih zbirkah, med drugim tudi v dunajski Albertini in ljubljanski Moderni galeriji. Dela in \u017eivi v Gradcu in Piranu.<\/p>\n\n\n\n<figure class=\"wp-block-gallery columns-2 is-cropped wp-block-gallery-1 is-layout-flex wp-block-gallery-is-layout-flex\"><ul class=\"blocks-gallery-grid\"><li class=\"blocks-gallery-item\"><figure><img data-recalc-dims=\"1\" loading=\"lazy\" decoding=\"async\" width=\"1030\" height=\"688\" data-attachment-id=\"9449\" data-permalink=\"https:\/\/www.vss-sezana.si\/?attachment_id=9449\" data-orig-file=\"https:\/\/i0.wp.com\/www.vss-sezana.si\/wp-content\/uploads\/2021\/10\/2.-Informel-2009-scaled.jpg?fit=2560%2C1709&amp;ssl=1\" data-orig-size=\"2560,1709\" data-comments-opened=\"1\" data-image-meta=\"{&quot;aperture&quot;:&quot;0&quot;,&quot;credit&quot;:&quot;&quot;,&quot;camera&quot;:&quot;SM 9800XL 9800&quot;,&quot;caption&quot;:&quot;&quot;,&quot;created_timestamp&quot;:&quot;0&quot;,&quot;copyright&quot;:&quot;&quot;,&quot;focal_length&quot;:&quot;0&quot;,&quot;iso&quot;:&quot;0&quot;,&quot;shutter_speed&quot;:&quot;0&quot;,&quot;title&quot;:&quot;&quot;,&quot;orientation&quot;:&quot;1&quot;}\" data-image-title=\"2.-Informel-2009\" data-image-description=\"\" data-image-caption=\"\" data-large-file=\"https:\/\/i0.wp.com\/www.vss-sezana.si\/wp-content\/uploads\/2021\/10\/2.-Informel-2009-scaled.jpg?fit=1030%2C688&amp;ssl=1\" src=\"https:\/\/i0.wp.com\/www.vss-sezana.si\/wp-content\/uploads\/2021\/10\/2.-Informel-2009.jpg?resize=1030%2C688&#038;ssl=1\" alt=\"\" data-id=\"9449\" data-full-url=\"https:\/\/www.vss-sezana.si\/wp-content\/uploads\/2021\/10\/2.-Informel-2009-scaled.jpg\" data-link=\"https:\/\/www.vss-sezana.si\/?attachment_id=9449\" class=\"wp-image-9449\" srcset=\"https:\/\/i0.wp.com\/www.vss-sezana.si\/wp-content\/uploads\/2021\/10\/2.-Informel-2009-scaled.jpg?resize=1030%2C688&amp;ssl=1 1030w, https:\/\/i0.wp.com\/www.vss-sezana.si\/wp-content\/uploads\/2021\/10\/2.-Informel-2009-scaled.jpg?resize=300%2C200&amp;ssl=1 300w, https:\/\/i0.wp.com\/www.vss-sezana.si\/wp-content\/uploads\/2021\/10\/2.-Informel-2009-scaled.jpg?resize=768%2C513&amp;ssl=1 768w, https:\/\/i0.wp.com\/www.vss-sezana.si\/wp-content\/uploads\/2021\/10\/2.-Informel-2009-scaled.jpg?resize=1536%2C1025&amp;ssl=1 1536w, https:\/\/i0.wp.com\/www.vss-sezana.si\/wp-content\/uploads\/2021\/10\/2.-Informel-2009-scaled.jpg?resize=2048%2C1367&amp;ssl=1 2048w, https:\/\/i0.wp.com\/www.vss-sezana.si\/wp-content\/uploads\/2021\/10\/2.-Informel-2009-scaled.jpg?resize=1500%2C1001&amp;ssl=1 1500w, https:\/\/i0.wp.com\/www.vss-sezana.si\/wp-content\/uploads\/2021\/10\/2.-Informel-2009-scaled.jpg?resize=705%2C471&amp;ssl=1 705w, https:\/\/i0.wp.com\/www.vss-sezana.si\/wp-content\/uploads\/2021\/10\/2.-Informel-2009-scaled.jpg?resize=450%2C300&amp;ssl=1 450w\" sizes=\"auto, (max-width: 1030px) 100vw, 1030px\" \/><\/figure><\/li><li class=\"blocks-gallery-item\"><figure><img data-recalc-dims=\"1\" loading=\"lazy\" decoding=\"async\" width=\"1030\" height=\"703\" data-attachment-id=\"9450\" data-permalink=\"https:\/\/www.vss-sezana.si\/?attachment_id=9450\" data-orig-file=\"https:\/\/i0.wp.com\/www.vss-sezana.si\/wp-content\/uploads\/2021\/10\/1975-Camera-Lucida-1975-scaled.jpg?fit=2560%2C1746&amp;ssl=1\" data-orig-size=\"2560,1746\" data-comments-opened=\"1\" data-image-meta=\"{&quot;aperture&quot;:&quot;0&quot;,&quot;credit&quot;:&quot;&quot;,&quot;camera&quot;:&quot;SM 9800XL 9800&quot;,&quot;caption&quot;:&quot;&quot;,&quot;created_timestamp&quot;:&quot;0&quot;,&quot;copyright&quot;:&quot;&quot;,&quot;focal_length&quot;:&quot;0&quot;,&quot;iso&quot;:&quot;0&quot;,&quot;shutter_speed&quot;:&quot;0&quot;,&quot;title&quot;:&quot;&quot;,&quot;orientation&quot;:&quot;1&quot;}\" data-image-title=\"1975-Camera-Lucida-1975\" data-image-description=\"\" data-image-caption=\"\" data-large-file=\"https:\/\/i0.wp.com\/www.vss-sezana.si\/wp-content\/uploads\/2021\/10\/1975-Camera-Lucida-1975-scaled.jpg?fit=1030%2C703&amp;ssl=1\" src=\"https:\/\/i0.wp.com\/www.vss-sezana.si\/wp-content\/uploads\/2021\/10\/1975-Camera-Lucida-1975.jpg?resize=1030%2C703&#038;ssl=1\" alt=\"\" data-id=\"9450\" data-full-url=\"https:\/\/www.vss-sezana.si\/wp-content\/uploads\/2021\/10\/1975-Camera-Lucida-1975-scaled.jpg\" data-link=\"https:\/\/www.vss-sezana.si\/?attachment_id=9450\" class=\"wp-image-9450\" srcset=\"https:\/\/i0.wp.com\/www.vss-sezana.si\/wp-content\/uploads\/2021\/10\/1975-Camera-Lucida-1975-scaled.jpg?resize=1030%2C703&amp;ssl=1 1030w, https:\/\/i0.wp.com\/www.vss-sezana.si\/wp-content\/uploads\/2021\/10\/1975-Camera-Lucida-1975-scaled.jpg?resize=300%2C205&amp;ssl=1 300w, https:\/\/i0.wp.com\/www.vss-sezana.si\/wp-content\/uploads\/2021\/10\/1975-Camera-Lucida-1975-scaled.jpg?resize=768%2C524&amp;ssl=1 768w, https:\/\/i0.wp.com\/www.vss-sezana.si\/wp-content\/uploads\/2021\/10\/1975-Camera-Lucida-1975-scaled.jpg?resize=1536%2C1048&amp;ssl=1 1536w, https:\/\/i0.wp.com\/www.vss-sezana.si\/wp-content\/uploads\/2021\/10\/1975-Camera-Lucida-1975-scaled.jpg?resize=2048%2C1397&amp;ssl=1 2048w, https:\/\/i0.wp.com\/www.vss-sezana.si\/wp-content\/uploads\/2021\/10\/1975-Camera-Lucida-1975-scaled.jpg?resize=1500%2C1023&amp;ssl=1 1500w, https:\/\/i0.wp.com\/www.vss-sezana.si\/wp-content\/uploads\/2021\/10\/1975-Camera-Lucida-1975-scaled.jpg?resize=705%2C481&amp;ssl=1 705w, https:\/\/i0.wp.com\/www.vss-sezana.si\/wp-content\/uploads\/2021\/10\/1975-Camera-Lucida-1975-scaled.jpg?resize=450%2C307&amp;ssl=1 450w\" sizes=\"auto, (max-width: 1030px) 100vw, 1030px\" \/><\/figure><\/li><\/ul><\/figure>\n\n\n\n<p><strong>Fotografski opus<\/strong> Branka Lenarta je obse\u017een ter \u017eanrsko in slogovno raznolik, saj v svojem ustvarjalnem delu nenehno prepleta dokumentarno in konceptualno fotografijo. V njegovem arhivu zasledimo vrsto dokumentarnih projektov, kot sta <em>Styrians<\/em> (1970\u20131974) in <em>Piran:Pirano<\/em> (1965\u20132007), ki ga je posvetil svojemu drugemu domu. Fotografije je ustvarjal na \u0161tevilnih potovanjih po celem svetu, predvsem v de\u017eelah Ju\u017ene Amerike. V posameznih sklopih se je ukvarjal s portretno fotografijo, od sredine sedemdesetih let 20. stoletja pa se pod vplivom konceptualne umetnosti intenzivno posve\u010da tudi razmi\u0161ljanjem o naravi fotografske podobe.&nbsp;<\/p>\n\n\n\n<p>\u00bbLenart je fotografije s konceptualno zasnovo, ki jih je ustvaril v dalj\u0161em \u010dasovnem razponu, od leta 1975 do 2012, zdru\u017eil v seriji <strong><em>Hand:Work<\/em><\/strong>. Ker so posamezne fotografije sprva pripadale drugim ciklom, kot so <em>Selfportraits<\/em> (1975\u20131978), <em>LEN-AKT-ART<\/em> (1975) in <em>Presenting Photographers<\/em> (1976), jih je opremil z novimi naslovi in postavil v nove relacije. Fotografije iz sedemdesetih let je namre\u010d sopostavil z deli, ki jih je ustvaril po letu 2002 \u2013 ravno tako z analognim fotografskim postopkom, s tem pa so podobe dobile tudi nove pomenske odtenke. Serija <em>Hand:Work<\/em> tako predstavlja dva pomembna vidika avtorjevega raziskovalnega pristopa. Prvi\u010d, ustvarjalno kontinuiteto, ki potrjuje integriteto konceptualno zasnovanega projekta, in drugi\u010d, koncept arhiva fotografske zbirke, ki avtorju omogo\u010da, da fotografije preme\u0161\u010da iz enega cikla v drugega ter jih razvr\u0161\u010da v nove vizualne konstelacije,\u00ab je o projektu zapisala kustosinja razstave Nata\u0161a Kov\u0161ca.<\/p>\n\n\n\n<p>Tokratna razstava predstavlja izbor fotografij iz ob\u0161irne serije <em>Hand:Work<\/em> in se osredoto\u010da predvsem na tista dela, ki se navezujejo na zgodovino fotografije in moderne umetnosti. Vse fotografije so narejene v Lenartovem prepoznavnem slogu, ki presega dihotomijo med avtorjem in modelom: fotograf namre\u010d stoji za kamero in je hkrati pred njo. Na posnetkih so vidne tudi avtorjeve roke, v katerih dr\u017ei razli\u010dne predmete, ki zmedejo gledal\u010devo percepcijo. Lenartove fotografije torej niso odslikava stvarnega sveta, ampak so \u00bbkonstrukcije realnosti, sestavljene iz sicer povsem obi\u010dajnih predmetov, vendar namigujejo na obstoj neke druge resni\u010dnosti.\u00ab<\/p>\n\n\n\n<p>Urnik galerije:<\/p>\n\n\n\n<p>sreda\u2013petek: 16.00\u201319.00<\/p>\n\n\n\n<p>sobota: 10.00\u201313.00<\/p>\n\n\n\n<p>Kontaktna oseba:<\/p>\n\n\n\n<p>Nata\u0161a Kov\u0161ca<\/p>\n\n\n\n<p>M&nbsp; 031 707 717<\/p>\n\n\n\n<p><a href=\"mailto:galerijagong@kate.si\">galerijagong@kate.si<\/a><\/p>\n\n\n\n<figure class=\"wp-block-image size-full\"><img data-recalc-dims=\"1\" loading=\"lazy\" decoding=\"async\" width=\"501\" height=\"193\" data-attachment-id=\"9455\" data-permalink=\"https:\/\/www.vss-sezana.si\/?attachment_id=9455\" data-orig-file=\"https:\/\/i0.wp.com\/www.vss-sezana.si\/wp-content\/uploads\/2021\/10\/slika2.png?fit=501%2C193&amp;ssl=1\" data-orig-size=\"501,193\" data-comments-opened=\"1\" data-image-meta=\"{&quot;aperture&quot;:&quot;0&quot;,&quot;credit&quot;:&quot;&quot;,&quot;camera&quot;:&quot;&quot;,&quot;caption&quot;:&quot;&quot;,&quot;created_timestamp&quot;:&quot;0&quot;,&quot;copyright&quot;:&quot;&quot;,&quot;focal_length&quot;:&quot;0&quot;,&quot;iso&quot;:&quot;0&quot;,&quot;shutter_speed&quot;:&quot;0&quot;,&quot;title&quot;:&quot;&quot;,&quot;orientation&quot;:&quot;0&quot;}\" data-image-title=\"slika2\" data-image-description=\"\" data-image-caption=\"\" data-large-file=\"https:\/\/i0.wp.com\/www.vss-sezana.si\/wp-content\/uploads\/2021\/10\/slika2.png?fit=501%2C193&amp;ssl=1\" src=\"https:\/\/i0.wp.com\/www.vss-sezana.si\/wp-content\/uploads\/2021\/10\/slika2.png?resize=501%2C193&#038;ssl=1\" alt=\"\" class=\"wp-image-9455\" srcset=\"https:\/\/i0.wp.com\/www.vss-sezana.si\/wp-content\/uploads\/2021\/10\/slika2.png?w=501&amp;ssl=1 501w, https:\/\/i0.wp.com\/www.vss-sezana.si\/wp-content\/uploads\/2021\/10\/slika2.png?resize=300%2C116&amp;ssl=1 300w, https:\/\/i0.wp.com\/www.vss-sezana.si\/wp-content\/uploads\/2021\/10\/slika2.png?resize=450%2C173&amp;ssl=1 450w\" sizes=\"auto, (max-width: 501px) 100vw, 501px\" \/><\/figure>\n\n\n\n<p>\u00a0\u00a0\u00a0\u00a0\u00a0\u00a0\u00a0\u00a0\u00a0\u00a0\u00a0\u00a0\u00a0\u00a0\u00a0\u00a0\u00a0\u00a0\u00a0<\/p>\n\n\n\n<p><\/p>\n","protected":false},"excerpt":{"rendered":"<p>Odprtje razstave Branka Lenarta: petek, 24. september 2021, ob 19.00 uri. Galerija GONG, Kidri\u010deva ulica 20, Nova Gorica V Galeriji GONG napovedujemo razstavo mednarodno priznanega avstrijskega fotografa Branka Lenarta iz Gradca. Predstavil bo konceptualni projekt z naslovom Hand:Work, ki ga je ustvaril v dalj\u0161em \u010dasovnem razponu, od leta 1975 do 2012. Kustosinja razstave je Nata\u0161a [&hellip;]<\/p>\n","protected":false},"author":2,"featured_media":0,"comment_status":"open","ping_status":"open","sticky":false,"template":"","format":"standard","meta":{"_jetpack_newsletter_access":"","_jetpack_dont_email_post_to_subs":false,"_jetpack_newsletter_tier_id":0,"_jetpack_memberships_contains_paywalled_content":false,"_jetpack_memberships_contains_paid_content":false,"footnotes":""},"categories":[1],"tags":[],"class_list":["post-9448","post","type-post","status-publish","format-standard","hentry","category-nekategorizirano"],"aioseo_notices":[],"jetpack_featured_media_url":"","jetpack_sharing_enabled":true,"jetpack_shortlink":"https:\/\/wp.me\/p6N9ot-2so","jetpack-related-posts":[],"_links":{"self":[{"href":"https:\/\/www.vss-sezana.si\/index.php?rest_route=\/wp\/v2\/posts\/9448","targetHints":{"allow":["GET"]}}],"collection":[{"href":"https:\/\/www.vss-sezana.si\/index.php?rest_route=\/wp\/v2\/posts"}],"about":[{"href":"https:\/\/www.vss-sezana.si\/index.php?rest_route=\/wp\/v2\/types\/post"}],"author":[{"embeddable":true,"href":"https:\/\/www.vss-sezana.si\/index.php?rest_route=\/wp\/v2\/users\/2"}],"replies":[{"embeddable":true,"href":"https:\/\/www.vss-sezana.si\/index.php?rest_route=%2Fwp%2Fv2%2Fcomments&post=9448"}],"version-history":[{"count":2,"href":"https:\/\/www.vss-sezana.si\/index.php?rest_route=\/wp\/v2\/posts\/9448\/revisions"}],"predecessor-version":[{"id":9456,"href":"https:\/\/www.vss-sezana.si\/index.php?rest_route=\/wp\/v2\/posts\/9448\/revisions\/9456"}],"wp:attachment":[{"href":"https:\/\/www.vss-sezana.si\/index.php?rest_route=%2Fwp%2Fv2%2Fmedia&parent=9448"}],"wp:term":[{"taxonomy":"category","embeddable":true,"href":"https:\/\/www.vss-sezana.si\/index.php?rest_route=%2Fwp%2Fv2%2Fcategories&post=9448"},{"taxonomy":"post_tag","embeddable":true,"href":"https:\/\/www.vss-sezana.si\/index.php?rest_route=%2Fwp%2Fv2%2Ftags&post=9448"}],"curies":[{"name":"wp","href":"https:\/\/api.w.org\/{rel}","templated":true}]}}