{"id":9421,"date":"2021-09-27T07:00:00","date_gmt":"2021-09-27T05:00:00","guid":{"rendered":"https:\/\/www.vss-sezana.si\/?p=9421"},"modified":"2021-09-23T11:51:34","modified_gmt":"2021-09-23T09:51:34","slug":"vabljeni-v-alumni-klub-vss-sezana","status":"publish","type":"post","link":"https:\/\/www.vss-sezana.si\/?p=9421","title":{"rendered":"Vabljeni v Alumni klub VS\u0160 Se\u017eana"},"content":{"rendered":"\n<p>Pozdravljeni, dragi \u010dlani Alumni kluba VS\u0160 Se\u017eana in bodo\u010di \u010dlani!<\/p>\n\n\n\n<p>Nekateri me \u017ee poznate, ostalim pa se bom na hitro predstavil. Sem Marcel Kump, biv\u0161i \u0161tudent oblikovanja kamna in trenutni \u0161tudent fotografije na Vi\u0161ji strokovni \u0161oli Se\u017eana. Glede na to, da sem se odlo\u010dil zaklju\u010diti oba programa \u0161ole, imam tako kot mnogi med vami, rad to \u0161olo in vzdu\u0161je.&nbsp;<\/p>\n\n\n\n<p>Pred dnevi sem bil ravno zato tudi uradno imenovan za novega predsednika Alumni Kluba VS\u0160 Se\u017eana in vas vljudno vabim, da se mi pridru\u017eite v obujanju na\u0161ega kluba. Seveda so vabljeni tudi novi \u010dlani.<\/p>\n\n\n\n<p>Zanimajo me va\u0161e ideje in predlogi za prihodnost kluba. Sam se bom potrudil, da bodo stvari izpeljane in koristne za klub in njegove \u010dlane. \u017delim si tudi, da bi se bolj redno videvali, organizirali dru\u017eenja in ka\u0161ne delavnice in tako izmenjevali ideje.<\/p>\n\n\n\n<p>Vse vas lepo pozdravljam in upam, da se kmalu vidimo.<\/p>\n\n\n\n<p>Marcel Kump<\/p>\n\n\n\n<figure class=\"wp-block-gallery columns-2 is-cropped wp-block-gallery-1 is-layout-flex wp-block-gallery-is-layout-flex\"><ul class=\"blocks-gallery-grid\"><li class=\"blocks-gallery-item\"><figure><img data-recalc-dims=\"1\" loading=\"lazy\" decoding=\"async\" width=\"686\" height=\"1030\" data-attachment-id=\"9422\" data-permalink=\"https:\/\/www.vss-sezana.si\/?attachment_id=9422\" data-orig-file=\"https:\/\/i0.wp.com\/www.vss-sezana.si\/wp-content\/uploads\/2021\/09\/Marcel_fotka_foto_Marcel_Kump_2021_marec1-scaled.jpg?fit=1706%2C2560&amp;ssl=1\" data-orig-size=\"1706,2560\" data-comments-opened=\"1\" data-image-meta=\"{&quot;aperture&quot;:&quot;8&quot;,&quot;credit&quot;:&quot;Copyright Jan Antonac&quot;,&quot;camera&quot;:&quot;Canon EOS 80D&quot;,&quot;caption&quot;:&quot;&quot;,&quot;created_timestamp&quot;:&quot;1614854005&quot;,&quot;copyright&quot;:&quot;Marcel&quot;,&quot;focal_length&quot;:&quot;59&quot;,&quot;iso&quot;:&quot;100&quot;,&quot;shutter_speed&quot;:&quot;0.008&quot;,&quot;title&quot;:&quot;&quot;,&quot;orientation&quot;:&quot;0&quot;}\" data-image-title=\"Marcel_fotka_foto_Marcel_Kump_2021_marec1\" data-image-description=\"\" data-image-caption=\"\" data-large-file=\"https:\/\/i0.wp.com\/www.vss-sezana.si\/wp-content\/uploads\/2021\/09\/Marcel_fotka_foto_Marcel_Kump_2021_marec1-scaled.jpg?fit=686%2C1030&amp;ssl=1\" src=\"https:\/\/i0.wp.com\/www.vss-sezana.si\/wp-content\/uploads\/2021\/09\/Marcel_fotka_foto_Marcel_Kump_2021_marec1.jpg?resize=686%2C1030&#038;ssl=1\" alt=\"\" data-id=\"9422\" data-full-url=\"https:\/\/www.vss-sezana.si\/wp-content\/uploads\/2021\/09\/Marcel_fotka_foto_Marcel_Kump_2021_marec1-scaled.jpg\" data-link=\"https:\/\/www.vss-sezana.si\/?attachment_id=9422\" class=\"wp-image-9422\" srcset=\"https:\/\/i0.wp.com\/www.vss-sezana.si\/wp-content\/uploads\/2021\/09\/Marcel_fotka_foto_Marcel_Kump_2021_marec1-scaled.jpg?resize=686%2C1030&amp;ssl=1 686w, https:\/\/i0.wp.com\/www.vss-sezana.si\/wp-content\/uploads\/2021\/09\/Marcel_fotka_foto_Marcel_Kump_2021_marec1-scaled.jpg?resize=200%2C300&amp;ssl=1 200w, https:\/\/i0.wp.com\/www.vss-sezana.si\/wp-content\/uploads\/2021\/09\/Marcel_fotka_foto_Marcel_Kump_2021_marec1-scaled.jpg?resize=768%2C1152&amp;ssl=1 768w, https:\/\/i0.wp.com\/www.vss-sezana.si\/wp-content\/uploads\/2021\/09\/Marcel_fotka_foto_Marcel_Kump_2021_marec1-scaled.jpg?resize=1024%2C1536&amp;ssl=1 1024w, https:\/\/i0.wp.com\/www.vss-sezana.si\/wp-content\/uploads\/2021\/09\/Marcel_fotka_foto_Marcel_Kump_2021_marec1-scaled.jpg?resize=1365%2C2048&amp;ssl=1 1365w, https:\/\/i0.wp.com\/www.vss-sezana.si\/wp-content\/uploads\/2021\/09\/Marcel_fotka_foto_Marcel_Kump_2021_marec1-scaled.jpg?resize=1000%2C1500&amp;ssl=1 1000w, https:\/\/i0.wp.com\/www.vss-sezana.si\/wp-content\/uploads\/2021\/09\/Marcel_fotka_foto_Marcel_Kump_2021_marec1-scaled.jpg?resize=470%2C705&amp;ssl=1 470w, https:\/\/i0.wp.com\/www.vss-sezana.si\/wp-content\/uploads\/2021\/09\/Marcel_fotka_foto_Marcel_Kump_2021_marec1-scaled.jpg?resize=450%2C675&amp;ssl=1 450w, https:\/\/i0.wp.com\/www.vss-sezana.si\/wp-content\/uploads\/2021\/09\/Marcel_fotka_foto_Marcel_Kump_2021_marec1-scaled.jpg?w=1706&amp;ssl=1 1706w\" sizes=\"auto, (max-width: 686px) 100vw, 686px\" \/><\/figure><\/li><li class=\"blocks-gallery-item\"><figure><img data-recalc-dims=\"1\" loading=\"lazy\" decoding=\"async\" width=\"1030\" height=\"687\" data-attachment-id=\"9423\" data-permalink=\"https:\/\/www.vss-sezana.si\/?attachment_id=9423\" data-orig-file=\"https:\/\/i0.wp.com\/www.vss-sezana.si\/wp-content\/uploads\/2021\/09\/PRI_kamnoseska.delavnica_EuroSkils_TinaFurlan_2021-9809-scaled.jpg?fit=2560%2C1707&amp;ssl=1\" data-orig-size=\"2560,1707\" data-comments-opened=\"1\" data-image-meta=\"{&quot;aperture&quot;:&quot;5.6&quot;,&quot;credit&quot;:&quot;TinaFurlan&quot;,&quot;camera&quot;:&quot;Canon EOS 80D&quot;,&quot;caption&quot;:&quot;&quot;,&quot;created_timestamp&quot;:&quot;1623847335&quot;,&quot;copyright&quot;:&quot;TINA FURLAN&quot;,&quot;focal_length&quot;:&quot;38&quot;,&quot;iso&quot;:&quot;640&quot;,&quot;shutter_speed&quot;:&quot;0.01&quot;,&quot;title&quot;:&quot;&quot;,&quot;orientation&quot;:&quot;0&quot;}\" data-image-title=\"PRI_kamnoseska.delavnica_EuroSkils_TinaFurlan_2021-9809\" data-image-description=\"\" data-image-caption=\"\" data-large-file=\"https:\/\/i0.wp.com\/www.vss-sezana.si\/wp-content\/uploads\/2021\/09\/PRI_kamnoseska.delavnica_EuroSkils_TinaFurlan_2021-9809-scaled.jpg?fit=1030%2C687&amp;ssl=1\" src=\"https:\/\/i0.wp.com\/www.vss-sezana.si\/wp-content\/uploads\/2021\/09\/PRI_kamnoseska.delavnica_EuroSkils_TinaFurlan_2021-9809.jpg?resize=1030%2C687&#038;ssl=1\" alt=\"\" data-id=\"9423\" data-full-url=\"https:\/\/www.vss-sezana.si\/wp-content\/uploads\/2021\/09\/PRI_kamnoseska.delavnica_EuroSkils_TinaFurlan_2021-9809-scaled.jpg\" data-link=\"https:\/\/www.vss-sezana.si\/?attachment_id=9423\" class=\"wp-image-9423\" srcset=\"https:\/\/i0.wp.com\/www.vss-sezana.si\/wp-content\/uploads\/2021\/09\/PRI_kamnoseska.delavnica_EuroSkils_TinaFurlan_2021-9809-scaled.jpg?resize=1030%2C687&amp;ssl=1 1030w, https:\/\/i0.wp.com\/www.vss-sezana.si\/wp-content\/uploads\/2021\/09\/PRI_kamnoseska.delavnica_EuroSkils_TinaFurlan_2021-9809-scaled.jpg?resize=300%2C200&amp;ssl=1 300w, https:\/\/i0.wp.com\/www.vss-sezana.si\/wp-content\/uploads\/2021\/09\/PRI_kamnoseska.delavnica_EuroSkils_TinaFurlan_2021-9809-scaled.jpg?resize=768%2C512&amp;ssl=1 768w, https:\/\/i0.wp.com\/www.vss-sezana.si\/wp-content\/uploads\/2021\/09\/PRI_kamnoseska.delavnica_EuroSkils_TinaFurlan_2021-9809-scaled.jpg?resize=1536%2C1024&amp;ssl=1 1536w, https:\/\/i0.wp.com\/www.vss-sezana.si\/wp-content\/uploads\/2021\/09\/PRI_kamnoseska.delavnica_EuroSkils_TinaFurlan_2021-9809-scaled.jpg?resize=2048%2C1365&amp;ssl=1 2048w, https:\/\/i0.wp.com\/www.vss-sezana.si\/wp-content\/uploads\/2021\/09\/PRI_kamnoseska.delavnica_EuroSkils_TinaFurlan_2021-9809-scaled.jpg?resize=1500%2C1000&amp;ssl=1 1500w, https:\/\/i0.wp.com\/www.vss-sezana.si\/wp-content\/uploads\/2021\/09\/PRI_kamnoseska.delavnica_EuroSkils_TinaFurlan_2021-9809-scaled.jpg?resize=705%2C470&amp;ssl=1 705w, https:\/\/i0.wp.com\/www.vss-sezana.si\/wp-content\/uploads\/2021\/09\/PRI_kamnoseska.delavnica_EuroSkils_TinaFurlan_2021-9809-scaled.jpg?resize=450%2C300&amp;ssl=1 450w\" sizes=\"auto, (max-width: 1030px) 100vw, 1030px\" \/><\/figure><\/li><\/ul><figcaption class=\"blocks-gallery-caption\">Fotografiji: Tina Furlan<\/figcaption><\/figure>\n","protected":false},"excerpt":{"rendered":"<p>Pozdravljeni, dragi \u010dlani Alumni kluba VS\u0160 Se\u017eana in bodo\u010di \u010dlani! Nekateri me \u017ee poznate, ostalim pa se bom na hitro predstavil. Sem Marcel Kump, biv\u0161i \u0161tudent oblikovanja kamna in trenutni \u0161tudent fotografije na Vi\u0161ji strokovni \u0161oli Se\u017eana. Glede na to, da sem se odlo\u010dil zaklju\u010diti oba programa \u0161ole, imam tako kot mnogi med vami, rad [&hellip;]<\/p>\n","protected":false},"author":2,"featured_media":0,"comment_status":"open","ping_status":"open","sticky":false,"template":"","format":"standard","meta":{"_jetpack_newsletter_access":"","_jetpack_dont_email_post_to_subs":false,"_jetpack_newsletter_tier_id":0,"_jetpack_memberships_contains_paywalled_content":false,"_jetpack_memberships_contains_paid_content":false,"footnotes":""},"categories":[1],"tags":[],"class_list":["post-9421","post","type-post","status-publish","format-standard","hentry","category-nekategorizirano"],"aioseo_notices":[],"jetpack_featured_media_url":"","jetpack_sharing_enabled":true,"jetpack_shortlink":"https:\/\/wp.me\/p6N9ot-2rX","jetpack-related-posts":[],"_links":{"self":[{"href":"https:\/\/www.vss-sezana.si\/index.php?rest_route=\/wp\/v2\/posts\/9421","targetHints":{"allow":["GET"]}}],"collection":[{"href":"https:\/\/www.vss-sezana.si\/index.php?rest_route=\/wp\/v2\/posts"}],"about":[{"href":"https:\/\/www.vss-sezana.si\/index.php?rest_route=\/wp\/v2\/types\/post"}],"author":[{"embeddable":true,"href":"https:\/\/www.vss-sezana.si\/index.php?rest_route=\/wp\/v2\/users\/2"}],"replies":[{"embeddable":true,"href":"https:\/\/www.vss-sezana.si\/index.php?rest_route=%2Fwp%2Fv2%2Fcomments&post=9421"}],"version-history":[{"count":2,"href":"https:\/\/www.vss-sezana.si\/index.php?rest_route=\/wp\/v2\/posts\/9421\/revisions"}],"predecessor-version":[{"id":9425,"href":"https:\/\/www.vss-sezana.si\/index.php?rest_route=\/wp\/v2\/posts\/9421\/revisions\/9425"}],"wp:attachment":[{"href":"https:\/\/www.vss-sezana.si\/index.php?rest_route=%2Fwp%2Fv2%2Fmedia&parent=9421"}],"wp:term":[{"taxonomy":"category","embeddable":true,"href":"https:\/\/www.vss-sezana.si\/index.php?rest_route=%2Fwp%2Fv2%2Fcategories&post=9421"},{"taxonomy":"post_tag","embeddable":true,"href":"https:\/\/www.vss-sezana.si\/index.php?rest_route=%2Fwp%2Fv2%2Ftags&post=9421"}],"curies":[{"name":"wp","href":"https:\/\/api.w.org\/{rel}","templated":true}]}}