{"id":9414,"date":"2021-09-20T07:00:00","date_gmt":"2021-09-20T05:00:00","guid":{"rendered":"https:\/\/www.vss-sezana.si\/?p=9414"},"modified":"2021-09-16T13:14:12","modified_gmt":"2021-09-16T11:14:12","slug":"naj-bo-kvir-razstava-lgbtiq","status":"publish","type":"post","link":"https:\/\/www.vss-sezana.si\/?p=9414","title":{"rendered":"Naj bo kvir! Razstava LGBTIQ+"},"content":{"rendered":"\n<p>V sklopu razstave se predstavljajo Andrej Brumen \u010cop, Andreja Gomi\u0161\u010dek, Ne\u017ea Knez, Andrea Knezovi\u0107, Ga\u0161per Kun\u0161i\u010d Aprilija Lu\u017ear, Miha Satler, strtgm, Filip Vurnik in na\u0161a predavateljica Jasna Klan\u010di\u0161ar.<\/p>\n\n\n\n<p>Razstava LGBTIQ+ za naslovom Naj bo Kvir! Je obse\u017een pregled ustvarjanja, ki je povezano s problematiko spolov. Razstava prina\u0161a likovne poglede in misli izbranih umetnic in umetnikov, ki so tudi dru\u017ebeno kriti\u010dni, a hkrati razvijajo sodobno avtorsko in estetsko izpovednost. Do sedaj verjetno v slovenskem prostoru tako velike in likovno raznolike ter vsebinsko jasno usmerjene razstave povezane z vpra\u0161anji LGBTIQ+ \u0161e ni bilo. Na razstavi v Mestni galeriji Ljubljana razstavlja deset ustvarjalk in ustvarjalcev, ki s prepoznavnim likovnim jezikom zaznamujejo in opredeljujejo sodobno slovensko in \u0161ir\u0161o likovno umetnost.<\/p>\n\n\n\n<p>Razstava bo na ogled do&nbsp;\ud835\udfee\ud835\udfed. \ud835\udfed\ud835\udfed. \ud835\udfee\ud835\udfec\ud835\udfee\ud835\udfed.<\/p>\n\n\n\n<p>Avtor razstave: Brane Mozeti\u010d<\/p>\n\n\n\n<p>Kustos razstave dr. Sarival Sosi\u010d <\/p>\n\n\n\n<p>Ve\u010d informacij o razstavi:  <a href=\"https:\/\/mgml.si\/sl\/mestna-galerija\/razstave\/547\/naj-bo-kvir\/\">https:\/\/mgml.si\/sl\/mestna-galerija\/razstave\/547\/naj-bo-kvir\/<\/a><\/p>\n\n\n\n<p>Vir besedila: FB stran dogodka &#8211;\u00a0| Naj bo kvir! | Razstava LGBTIQ+| odprtje razstave |<\/p>\n","protected":false},"excerpt":{"rendered":"<p>V sklopu razstave se predstavljajo Andrej Brumen \u010cop, Andreja Gomi\u0161\u010dek, Ne\u017ea Knez, Andrea Knezovi\u0107, Ga\u0161per Kun\u0161i\u010d Aprilija Lu\u017ear, Miha Satler, strtgm, Filip Vurnik in na\u0161a predavateljica Jasna Klan\u010di\u0161ar. Razstava LGBTIQ+ za naslovom Naj bo Kvir! Je obse\u017een pregled ustvarjanja, ki je povezano s problematiko spolov. Razstava prina\u0161a likovne poglede in misli izbranih umetnic in umetnikov, [&hellip;]<\/p>\n","protected":false},"author":2,"featured_media":0,"comment_status":"open","ping_status":"open","sticky":false,"template":"","format":"standard","meta":{"_jetpack_newsletter_access":"","_jetpack_dont_email_post_to_subs":false,"_jetpack_newsletter_tier_id":0,"_jetpack_memberships_contains_paywalled_content":false,"_jetpack_memberships_contains_paid_content":false,"footnotes":""},"categories":[1],"tags":[],"class_list":["post-9414","post","type-post","status-publish","format-standard","hentry","category-nekategorizirano"],"aioseo_notices":[],"jetpack_featured_media_url":"","jetpack_sharing_enabled":true,"jetpack_shortlink":"https:\/\/wp.me\/p6N9ot-2rQ","jetpack-related-posts":[],"_links":{"self":[{"href":"https:\/\/www.vss-sezana.si\/index.php?rest_route=\/wp\/v2\/posts\/9414","targetHints":{"allow":["GET"]}}],"collection":[{"href":"https:\/\/www.vss-sezana.si\/index.php?rest_route=\/wp\/v2\/posts"}],"about":[{"href":"https:\/\/www.vss-sezana.si\/index.php?rest_route=\/wp\/v2\/types\/post"}],"author":[{"embeddable":true,"href":"https:\/\/www.vss-sezana.si\/index.php?rest_route=\/wp\/v2\/users\/2"}],"replies":[{"embeddable":true,"href":"https:\/\/www.vss-sezana.si\/index.php?rest_route=%2Fwp%2Fv2%2Fcomments&post=9414"}],"version-history":[{"count":1,"href":"https:\/\/www.vss-sezana.si\/index.php?rest_route=\/wp\/v2\/posts\/9414\/revisions"}],"predecessor-version":[{"id":9415,"href":"https:\/\/www.vss-sezana.si\/index.php?rest_route=\/wp\/v2\/posts\/9414\/revisions\/9415"}],"wp:attachment":[{"href":"https:\/\/www.vss-sezana.si\/index.php?rest_route=%2Fwp%2Fv2%2Fmedia&parent=9414"}],"wp:term":[{"taxonomy":"category","embeddable":true,"href":"https:\/\/www.vss-sezana.si\/index.php?rest_route=%2Fwp%2Fv2%2Fcategories&post=9414"},{"taxonomy":"post_tag","embeddable":true,"href":"https:\/\/www.vss-sezana.si\/index.php?rest_route=%2Fwp%2Fv2%2Ftags&post=9414"}],"curies":[{"name":"wp","href":"https:\/\/api.w.org\/{rel}","templated":true}]}}