{"id":9408,"date":"2021-09-13T07:10:00","date_gmt":"2021-09-13T05:10:00","guid":{"rendered":"https:\/\/www.vss-sezana.si\/?p=9408"},"modified":"2021-09-09T12:11:18","modified_gmt":"2021-09-09T10:11:18","slug":"razstava-fotografij-po-korakih-skuc-lgbt-digitalni-arhiv-1984-2021","status":"publish","type":"post","link":"https:\/\/www.vss-sezana.si\/?p=9408","title":{"rendered":"Razstava fotografij: Po korakih &#8211; \u0160kuc LGBT digitalni arhiv 1984-2021"},"content":{"rendered":"\n<p>Suzana Tratnik je z ekipo pripravila izbor fotografij iz digitaliziranega arhiva LGBT-vsebin \u0160kuca 1984-2021 in iz tega super razstavo \u201cPo korakih,\u201d ki je na ogled pred In\u0161titutom za novej\u0161o zgodovino (Privoz 11, Ljubljana). Na razstavi je veliko fotografij na\u0161e predavateljice Jasne Klan\u010di\u0161ar, ki je \u017ee leta 1990 \u0161e kot srednje\u0161olka fotografsko bele\u017eila razli\u010dne LGBT dogodke, kar po\u010dne \u0161e danes.<\/p>\n\n\n\n<p>Na In\u0161titutu za novej\u0161o zgodovino so o razstavi zapisali:<\/p>\n\n\n\n<p>Vrsto let sta se na hodniku 4. nadstropja Kersnikove 4 pra\u0161ili zidni omari do stropa polni letakov, zapisnikov, plakatov, poro\u010dil, bro\u0161ur, nalepk, fotografij, dopisov \u2026 na LGBT teme pod okriljem Dru\u0161tva \u0160kuc od leta 1984 naprej. Legendarno arhivsko gradivo, ki bo shranjeno v NUK, je kon\u010dno digitalizirano pri In\u0161titutu za novej\u0161o zgodovino.<\/p>\n\n\n\n<p>Sodelujejo: \u0160kuc, In\u0161titut za novej\u0161o zgodovino, Suzana Tratnik, Marina Gr\u017eini\u0107, Ksenija Jus idr.<\/p>\n\n\n\n<p><a href=\"Vir: https:\/\/www.inz.si\/sl\/Dogodki\/Razstava-fotografij-Po-korakih---Skuc-LGBT-digitalni-arhiv-1984-2021\/?fbclid=IwAR3vN_ZtK9Khp87UHaWbCJtrl3khT3XgyxCCrDoUWuX9kCQiE0wKZriMmrI\">Vir: https:\/\/www.inz.si\/sl\/Dogodki\/Razstava-fotografij-Po-korakih&#8212;Skuc-LGBT-digitalni-arhiv-1984-2021\/?fbclid=IwAR3vN_ZtK9Khp87UHaWbCJtrl3khT3XgyxCCrDoUWuX9kCQiE0wKZriMmrI<\/a><\/p>\n\n\n\n<p>Jasni in ostalim avtorjem razstave iskreno \u010destitamo!<\/p>\n\n\n\n<figure class=\"wp-block-image size-large\"><img data-recalc-dims=\"1\" loading=\"lazy\" decoding=\"async\" width=\"584\" height=\"438\" data-attachment-id=\"9409\" data-permalink=\"https:\/\/www.vss-sezana.si\/?attachment_id=9409\" data-orig-file=\"https:\/\/i0.wp.com\/www.vss-sezana.si\/wp-content\/uploads\/2021\/09\/maja-licen.jpg?fit=584%2C438&amp;ssl=1\" data-orig-size=\"584,438\" data-comments-opened=\"1\" data-image-meta=\"{&quot;aperture&quot;:&quot;0&quot;,&quot;credit&quot;:&quot;&quot;,&quot;camera&quot;:&quot;&quot;,&quot;caption&quot;:&quot;&quot;,&quot;created_timestamp&quot;:&quot;0&quot;,&quot;copyright&quot;:&quot;&quot;,&quot;focal_length&quot;:&quot;0&quot;,&quot;iso&quot;:&quot;0&quot;,&quot;shutter_speed&quot;:&quot;0&quot;,&quot;title&quot;:&quot;&quot;,&quot;orientation&quot;:&quot;0&quot;}\" data-image-title=\"maja-licen\" data-image-description=\"\" data-image-caption=\"\" data-large-file=\"https:\/\/i0.wp.com\/www.vss-sezana.si\/wp-content\/uploads\/2021\/09\/maja-licen.jpg?fit=584%2C438&amp;ssl=1\" src=\"https:\/\/i0.wp.com\/www.vss-sezana.si\/wp-content\/uploads\/2021\/09\/maja-licen.jpg?resize=584%2C438&#038;ssl=1\" alt=\"\" class=\"wp-image-9409\" srcset=\"https:\/\/i0.wp.com\/www.vss-sezana.si\/wp-content\/uploads\/2021\/09\/maja-licen.jpg?w=584&amp;ssl=1 584w, https:\/\/i0.wp.com\/www.vss-sezana.si\/wp-content\/uploads\/2021\/09\/maja-licen.jpg?resize=300%2C225&amp;ssl=1 300w, https:\/\/i0.wp.com\/www.vss-sezana.si\/wp-content\/uploads\/2021\/09\/maja-licen.jpg?resize=450%2C338&amp;ssl=1 450w\" sizes=\"auto, (max-width: 584px) 100vw, 584px\" \/><\/figure>\n\n\n\n<p>Fotografija: Maja Li\u010den<\/p>\n","protected":false},"excerpt":{"rendered":"<p>Suzana Tratnik je z ekipo pripravila izbor fotografij iz digitaliziranega arhiva LGBT-vsebin \u0160kuca 1984-2021 in iz tega super razstavo \u201cPo korakih,\u201d ki je na ogled pred In\u0161titutom za novej\u0161o zgodovino (Privoz 11, Ljubljana). Na razstavi je veliko fotografij na\u0161e predavateljice Jasne Klan\u010di\u0161ar, ki je \u017ee leta 1990 \u0161e kot srednje\u0161olka fotografsko bele\u017eila razli\u010dne LGBT dogodke, [&hellip;]<\/p>\n","protected":false},"author":2,"featured_media":0,"comment_status":"open","ping_status":"open","sticky":false,"template":"","format":"standard","meta":{"_jetpack_newsletter_access":"","_jetpack_dont_email_post_to_subs":false,"_jetpack_newsletter_tier_id":0,"_jetpack_memberships_contains_paywalled_content":false,"_jetpack_memberships_contains_paid_content":false,"footnotes":""},"categories":[1],"tags":[],"class_list":["post-9408","post","type-post","status-publish","format-standard","hentry","category-nekategorizirano"],"aioseo_notices":[],"jetpack_featured_media_url":"","jetpack_sharing_enabled":true,"jetpack_shortlink":"https:\/\/wp.me\/p6N9ot-2rK","jetpack-related-posts":[],"_links":{"self":[{"href":"https:\/\/www.vss-sezana.si\/index.php?rest_route=\/wp\/v2\/posts\/9408","targetHints":{"allow":["GET"]}}],"collection":[{"href":"https:\/\/www.vss-sezana.si\/index.php?rest_route=\/wp\/v2\/posts"}],"about":[{"href":"https:\/\/www.vss-sezana.si\/index.php?rest_route=\/wp\/v2\/types\/post"}],"author":[{"embeddable":true,"href":"https:\/\/www.vss-sezana.si\/index.php?rest_route=\/wp\/v2\/users\/2"}],"replies":[{"embeddable":true,"href":"https:\/\/www.vss-sezana.si\/index.php?rest_route=%2Fwp%2Fv2%2Fcomments&post=9408"}],"version-history":[{"count":1,"href":"https:\/\/www.vss-sezana.si\/index.php?rest_route=\/wp\/v2\/posts\/9408\/revisions"}],"predecessor-version":[{"id":9410,"href":"https:\/\/www.vss-sezana.si\/index.php?rest_route=\/wp\/v2\/posts\/9408\/revisions\/9410"}],"wp:attachment":[{"href":"https:\/\/www.vss-sezana.si\/index.php?rest_route=%2Fwp%2Fv2%2Fmedia&parent=9408"}],"wp:term":[{"taxonomy":"category","embeddable":true,"href":"https:\/\/www.vss-sezana.si\/index.php?rest_route=%2Fwp%2Fv2%2Fcategories&post=9408"},{"taxonomy":"post_tag","embeddable":true,"href":"https:\/\/www.vss-sezana.si\/index.php?rest_route=%2Fwp%2Fv2%2Ftags&post=9408"}],"curies":[{"name":"wp","href":"https:\/\/api.w.org\/{rel}","templated":true}]}}