{"id":9189,"date":"2021-08-20T11:13:14","date_gmt":"2021-08-20T09:13:14","guid":{"rendered":"https:\/\/www.vss-sezana.si\/?p=9189"},"modified":"2021-08-20T11:13:18","modified_gmt":"2021-08-20T09:13:18","slug":"informativni-dan-za-vpis-v-studijsko-leto-2021-2022","status":"publish","type":"post","link":"https:\/\/www.vss-sezana.si\/?p=9189","title":{"rendered":"Informativni dan za vpis v \u0161tudijsko leto 2021\/2022"},"content":{"rendered":"\n<p>Vabljeni na informativni dan za vpis na programa&nbsp;<strong>Fotografija&nbsp;<\/strong>in&nbsp;<strong>Oblikovanje materialov<\/strong>&nbsp;v \u0161tudijskem letu 2021\/22.<br>Informativni dan bo potekal v&nbsp;<strong>petek, 20. 8. 2021,<\/strong> ob 16. uri, v prostorih \u0161ole na Kra\u0161ki ulici 2 v Se\u017eani. Prosimo, da se na informativni dan, zaradi la\u017ejega in hitrej\u0161ega obve\u0161\u010danja prijavite na info@vss-sezana.si. V primeru, da bo informativni dan potekal na daljavo, vas bomo o tem pravo\u010dasno obvestili tudi na spletni strani \u0161ole, na Facebooku in Instagramu.<\/p>\n\n\n\n<p>Po uvodni predstavitvi \u0161tudijskih programov si bomo pogledali \u0161e delovne prostore \u0161ole in poklepetali s predavatelji. <\/p>\n\n\n\n<p>Koristne povezave:<br>\u2013 vpis v jesenskem roku (2. vpisni rok):&nbsp;<a href=\"https:\/\/www.vss-sezana.si\/?page_id=82\">https:\/\/www.vss-sezana.si\/?page_id=82<\/a><br>\u2013 program Oblikovanje materialov:&nbsp;<a href=\"https:\/\/www.vss-sezana.si\/?page_id=58\">https:\/\/www.vss-sezana.si\/?page_id=58<\/a><br>\u2013 program Fotografija:&nbsp;<a href=\"https:\/\/www.vss-sezana.si\/?page_id=60\">https:\/\/www.vss-sezana.si\/?page_id=60<\/a><br>\u2013 podpora rednemu \u0161tudiju oblikovanja materialov na VS\u0160 Se\u017eana:&nbsp;<a href=\"https:\/\/www.vss-sezana.si\/?p=6571\">https:\/\/www.vss-sezana.si\/?p=6571<\/a><br>\u2013 dogodki in aktivnosti VS\u0160 Se\u017eana: <a href=\"https:\/\/www.facebook.com\/fotografijakamen\/\">https:\/\/www.facebook.com\/fotografijakamen\/<\/a><\/p>\n\n\n\n<p>&#8211;<a href=\"https:\/\/www.instagram.com\/visja_sola_sezana\/\">https:\/\/www.instagram.com\/visja_sola_sezana\/<\/a><\/p>\n\n\n\n<figure class=\"wp-block-image size-large\"><img data-recalc-dims=\"1\" loading=\"lazy\" decoding=\"async\" width=\"1030\" height=\"579\" data-attachment-id=\"9191\" data-permalink=\"https:\/\/www.vss-sezana.si\/?attachment_id=9191\" data-orig-file=\"https:\/\/i0.wp.com\/www.vss-sezana.si\/wp-content\/uploads\/2021\/07\/FB-event-scaled.jpg?fit=2560%2C1440&amp;ssl=1\" data-orig-size=\"2560,1440\" data-comments-opened=\"1\" data-image-meta=\"{&quot;aperture&quot;:&quot;0&quot;,&quot;credit&quot;:&quot;&quot;,&quot;camera&quot;:&quot;&quot;,&quot;caption&quot;:&quot;&quot;,&quot;created_timestamp&quot;:&quot;0&quot;,&quot;copyright&quot;:&quot;&quot;,&quot;focal_length&quot;:&quot;0&quot;,&quot;iso&quot;:&quot;0&quot;,&quot;shutter_speed&quot;:&quot;0&quot;,&quot;title&quot;:&quot;FB event&quot;,&quot;orientation&quot;:&quot;1&quot;}\" data-image-title=\"FB event\" data-image-description=\"\" data-image-caption=\"\" data-large-file=\"https:\/\/i0.wp.com\/www.vss-sezana.si\/wp-content\/uploads\/2021\/07\/FB-event-scaled.jpg?fit=1030%2C579&amp;ssl=1\" src=\"https:\/\/i0.wp.com\/www.vss-sezana.si\/wp-content\/uploads\/2021\/07\/FB-event-1030x579.jpg?resize=1030%2C579&#038;ssl=1\" alt=\"\" class=\"wp-image-9191\" srcset=\"https:\/\/i0.wp.com\/www.vss-sezana.si\/wp-content\/uploads\/2021\/07\/FB-event-scaled.jpg?resize=1030%2C579&amp;ssl=1 1030w, https:\/\/i0.wp.com\/www.vss-sezana.si\/wp-content\/uploads\/2021\/07\/FB-event-scaled.jpg?resize=300%2C169&amp;ssl=1 300w, https:\/\/i0.wp.com\/www.vss-sezana.si\/wp-content\/uploads\/2021\/07\/FB-event-scaled.jpg?resize=768%2C432&amp;ssl=1 768w, https:\/\/i0.wp.com\/www.vss-sezana.si\/wp-content\/uploads\/2021\/07\/FB-event-scaled.jpg?resize=1536%2C864&amp;ssl=1 1536w, https:\/\/i0.wp.com\/www.vss-sezana.si\/wp-content\/uploads\/2021\/07\/FB-event-scaled.jpg?resize=2048%2C1152&amp;ssl=1 2048w, https:\/\/i0.wp.com\/www.vss-sezana.si\/wp-content\/uploads\/2021\/07\/FB-event-scaled.jpg?resize=1500%2C844&amp;ssl=1 1500w, https:\/\/i0.wp.com\/www.vss-sezana.si\/wp-content\/uploads\/2021\/07\/FB-event-scaled.jpg?resize=705%2C397&amp;ssl=1 705w, https:\/\/i0.wp.com\/www.vss-sezana.si\/wp-content\/uploads\/2021\/07\/FB-event-scaled.jpg?resize=450%2C253&amp;ssl=1 450w\" sizes=\"auto, (max-width: 1030px) 100vw, 1030px\" \/><\/figure>\n\n\n\n<p>Fotografija: Matej \u017dupec<\/p>\n","protected":false},"excerpt":{"rendered":"<p>Vabljeni na informativni dan za vpis na programa&nbsp;Fotografija&nbsp;in&nbsp;Oblikovanje materialov&nbsp;v \u0161tudijskem letu 2021\/22.Informativni dan bo potekal v&nbsp;petek, 20. 8. 2021, ob 16. uri, v prostorih \u0161ole na Kra\u0161ki ulici 2 v Se\u017eani. Prosimo, da se na informativni dan, zaradi la\u017ejega in hitrej\u0161ega obve\u0161\u010danja prijavite na info@vss-sezana.si. V primeru, da bo informativni dan potekal na daljavo, vas [&hellip;]<\/p>\n","protected":false},"author":2,"featured_media":0,"comment_status":"open","ping_status":"open","sticky":false,"template":"","format":"standard","meta":{"_jetpack_newsletter_access":"","_jetpack_dont_email_post_to_subs":false,"_jetpack_newsletter_tier_id":0,"_jetpack_memberships_contains_paywalled_content":false,"_jetpack_memberships_contains_paid_content":false,"footnotes":""},"categories":[1],"tags":[],"class_list":["post-9189","post","type-post","status-publish","format-standard","hentry","category-nekategorizirano"],"aioseo_notices":[],"jetpack_featured_media_url":"","jetpack_sharing_enabled":true,"jetpack_shortlink":"https:\/\/wp.me\/p6N9ot-2od","jetpack-related-posts":[],"_links":{"self":[{"href":"https:\/\/www.vss-sezana.si\/index.php?rest_route=\/wp\/v2\/posts\/9189","targetHints":{"allow":["GET"]}}],"collection":[{"href":"https:\/\/www.vss-sezana.si\/index.php?rest_route=\/wp\/v2\/posts"}],"about":[{"href":"https:\/\/www.vss-sezana.si\/index.php?rest_route=\/wp\/v2\/types\/post"}],"author":[{"embeddable":true,"href":"https:\/\/www.vss-sezana.si\/index.php?rest_route=\/wp\/v2\/users\/2"}],"replies":[{"embeddable":true,"href":"https:\/\/www.vss-sezana.si\/index.php?rest_route=%2Fwp%2Fv2%2Fcomments&post=9189"}],"version-history":[{"count":5,"href":"https:\/\/www.vss-sezana.si\/index.php?rest_route=\/wp\/v2\/posts\/9189\/revisions"}],"predecessor-version":[{"id":9273,"href":"https:\/\/www.vss-sezana.si\/index.php?rest_route=\/wp\/v2\/posts\/9189\/revisions\/9273"}],"wp:attachment":[{"href":"https:\/\/www.vss-sezana.si\/index.php?rest_route=%2Fwp%2Fv2%2Fmedia&parent=9189"}],"wp:term":[{"taxonomy":"category","embeddable":true,"href":"https:\/\/www.vss-sezana.si\/index.php?rest_route=%2Fwp%2Fv2%2Fcategories&post=9189"},{"taxonomy":"post_tag","embeddable":true,"href":"https:\/\/www.vss-sezana.si\/index.php?rest_route=%2Fwp%2Fv2%2Ftags&post=9189"}],"curies":[{"name":"wp","href":"https:\/\/api.w.org\/{rel}","templated":true}]}}