{"id":8463,"date":"2020-04-23T13:16:30","date_gmt":"2020-04-23T11:16:30","guid":{"rendered":"https:\/\/www.vss-sezana.si\/?p=8463"},"modified":"2020-04-23T13:16:34","modified_gmt":"2020-04-23T11:16:34","slug":"interventni-zakon-o-omilitvi-posledic-epidemije-covid-19-prakticno-izobrazevanje-in-solidarnostni-dodatek-za-izredne-studente","status":"publish","type":"post","link":"https:\/\/www.vss-sezana.si\/?p=8463","title":{"rendered":"Interventni zakon o omilitvi posledic epidemije Covid-19: PRAKTI\u010cNO IZOBRA\u017dEVANJE in SOLIDARNOSTNI DODATEK za izredne \u0161tudente"},"content":{"rendered":"\n<p><strong><em>ZAKON O SPREMEMBAH IN DOPOLNITVAH ZAKONA O INTERVENTNIH UKREPIH ZA ZAJEZITEV EPIDEMIJE COVID-19 IN OMILITEV NJENIH POSLEDIC ZA DR\u017dAVLJANE IN GOSPODARSTVO<\/em><\/strong> se v 2 \u010dlenih dotika vi\u0161jega strokovnega \u0161olstva. Zakon je bil sprejet na 13. redni seji Vlade RS, dne 21. 4. 2020. V veljavnost stopi naslednji dan po objavi v Uradnem listu Republike Slovenije.<\/p>\n\n\n\n<p><strong>46. \u010dlen<\/strong><br>V 46. \u010dlenu se naslov \u010dlena spremeni tako, da se glasi:<br>\u00bb(prakti\u010dno usposabljanje z delom, obvezne izbirne vsebine, interesne dejavnosti)\u00ab.<\/p>\n\n\n\n<p>Prvi odstavek se spremeni tako, da se glasi:<br>\u00bb(1)\u010ce zaradi epidemije COVID-19 dijakom in vajencem v zaklju\u010dnih letnikih ni bilo omogo\u010deno prakti\u010dno usposabljanje z delom pri delodajalcih, se jim to prizna kot opravljeno, \u010de imajo zaklju\u010dene pozitivne ocene pri vseh strokovnih modulih v zaklju\u010dnem letniku.\u00ab. <\/p>\n\n\n\n<p>Obrazlo\u017eitev:<br><em>Vi\u0161je\u0161olski \u0161tudenti opravljajo prakti\u010dno izobra\u017eevanje 10 tednov. Vsebine strokovnih modulov so neposredno vezane na opravljeno prakti\u010dno izobra\u017eevanje, tako da tega dela ni mogo\u010de \u00bbavtomatsko\u00ab priznati. Prav tako pa je opravljanje prakse v 2. letniku vezano na diplomsko delo. V kolikor bi nastale te\u017eave v zvezi z opravljenim prakti\u010dnim izobra\u017eevanjem, bodo \u0161tudenti imeli mo\u017enost ponovnega vpisa. <\/em><\/p>\n\n\n\n<p><strong>58. \u010dlen<\/strong><br>\u00bb(6) Enkratni solidarnostni dodatek v vi\u0161ini 150 eurov se do 1. junija 2020 izpla\u010da \u0161tudentom s stalnim prebivali\u0161\u010dem v Republiki Sloveniji, ki se v \u0161tudijskem letu 2019\/2020 izobra\u017eujejo po javnoveljavnih \u0161tudijskih programih v Republiki Sloveniji in na dan 13. marca 2020 niso bili vklju\u010deni v obvezno pokojninsko in invalidsko zavarovanje na podlagi 14., 15., 16., 17., in 25. \u010dlena ZPIZ-2.\u00ab.<\/p>\n\n\n\n<p>Obrazlo\u017eitev: <br><em>\u010cetrti odstavek veljavnega 58. \u010dlena zakona dolo\u010da, da se solidarnostni dodatek izpla\u010da do 30. aprila vsem rednim \u0161tudentom, tako vi\u0161je\u0161olskim kot visoko\u0161olskim. S spremembo navedenega odstavka se krog upravi\u010dencev \u0161iri tudi na izredne \u0161tudente. Vse \u0161tudente, redne in izredne, se postavlja v enak polo\u017eaj, ob izpolnjevanju istih pogojev, vklju\u010dno s \u010dasom izpla\u010dila dodatka. S predlagano spremembo se prepre\u010duje tudi kopi\u010denje upravi\u010denj po tem zakonu. <\/em><\/p>\n","protected":false},"excerpt":{"rendered":"<p>ZAKON O SPREMEMBAH IN DOPOLNITVAH ZAKONA O INTERVENTNIH UKREPIH ZA ZAJEZITEV EPIDEMIJE COVID-19 IN OMILITEV NJENIH POSLEDIC ZA DR\u017dAVLJANE IN GOSPODARSTVO se v 2 \u010dlenih dotika vi\u0161jega strokovnega \u0161olstva. Zakon je bil sprejet na 13. redni seji Vlade RS, dne 21. 4. 2020. V veljavnost stopi naslednji dan po objavi v Uradnem listu Republike Slovenije. [&hellip;]<\/p>\n","protected":false},"author":2,"featured_media":0,"comment_status":"open","ping_status":"open","sticky":false,"template":"","format":"standard","meta":{"_jetpack_newsletter_access":"","_jetpack_dont_email_post_to_subs":false,"_jetpack_newsletter_tier_id":0,"_jetpack_memberships_contains_paywalled_content":false,"_jetpack_memberships_contains_paid_content":false,"footnotes":""},"categories":[1],"tags":[],"class_list":["post-8463","post","type-post","status-publish","format-standard","hentry","category-nekategorizirano"],"aioseo_notices":[],"jetpack_featured_media_url":"","jetpack_sharing_enabled":true,"jetpack_shortlink":"https:\/\/wp.me\/p6N9ot-2cv","jetpack-related-posts":[],"_links":{"self":[{"href":"https:\/\/www.vss-sezana.si\/index.php?rest_route=\/wp\/v2\/posts\/8463","targetHints":{"allow":["GET"]}}],"collection":[{"href":"https:\/\/www.vss-sezana.si\/index.php?rest_route=\/wp\/v2\/posts"}],"about":[{"href":"https:\/\/www.vss-sezana.si\/index.php?rest_route=\/wp\/v2\/types\/post"}],"author":[{"embeddable":true,"href":"https:\/\/www.vss-sezana.si\/index.php?rest_route=\/wp\/v2\/users\/2"}],"replies":[{"embeddable":true,"href":"https:\/\/www.vss-sezana.si\/index.php?rest_route=%2Fwp%2Fv2%2Fcomments&post=8463"}],"version-history":[{"count":1,"href":"https:\/\/www.vss-sezana.si\/index.php?rest_route=\/wp\/v2\/posts\/8463\/revisions"}],"predecessor-version":[{"id":8464,"href":"https:\/\/www.vss-sezana.si\/index.php?rest_route=\/wp\/v2\/posts\/8463\/revisions\/8464"}],"wp:attachment":[{"href":"https:\/\/www.vss-sezana.si\/index.php?rest_route=%2Fwp%2Fv2%2Fmedia&parent=8463"}],"wp:term":[{"taxonomy":"category","embeddable":true,"href":"https:\/\/www.vss-sezana.si\/index.php?rest_route=%2Fwp%2Fv2%2Fcategories&post=8463"},{"taxonomy":"post_tag","embeddable":true,"href":"https:\/\/www.vss-sezana.si\/index.php?rest_route=%2Fwp%2Fv2%2Ftags&post=8463"}],"curies":[{"name":"wp","href":"https:\/\/api.w.org\/{rel}","templated":true}]}}