{"id":8429,"date":"2020-04-09T13:04:01","date_gmt":"2020-04-09T11:04:01","guid":{"rendered":"https:\/\/www.vss-sezana.si\/?p=8429"},"modified":"2020-04-09T13:36:18","modified_gmt":"2020-04-09T11:36:18","slug":"ivanu-pertotu-v-slovo","status":"publish","type":"post","link":"https:\/\/www.vss-sezana.si\/?p=8429","title":{"rendered":"Ivanu Pertotu v slovo"},"content":{"rendered":"\n<p>Ivanu.<\/p>\n\n\n\n<p>Z \u017ealostjo Vam sporo\u010damo, da nas je 28. marca letos zapustil Ivan Pertot. Umrl je na svojem domu v Nabre\u017eini v starosti 87 let. Po izobrazbi je bil arhitekt, diplomant ljubljanske \u0161ole, v mladih letih pa tudi odli\u010den atlet, \u0161printer. Pozneje se je dokazoval kot mentor \u0161tevilnim mladim atletom v ljubljanski Olimpiji in na Krasu. <\/p>\n\n\n\n<p>Na na\u0161i \u0161oli smo Ivana poznali predvsem po njegovi neizmerni energiji in velikemu doprinosu k pedago\u0161kemu procesu pri izobra\u017eevanju kamnosekov v Sloveniji, kot v zamejstvu. Dolga leta je bil hrbtenica izobra\u017eevanja mladih in \u017ee uveljavljenih kamnosekov. Napisal je ve\u010d u\u010dbenikov s podro\u010dja kamnose\u0161tva, predvsem v povezavi z estetiko, arhitekturo in tako ljubim kra\u0161kim prostorom. Poslednjega, ki \u0161e ima ugledati lu\u010d sveta, prav v zadnjih obdobju svojega \u017eivljenja. <\/p>\n\n\n\n<p>Z Ivanom smo se nau\u010dili sistemati\u010dnosti, ki jo je s svojimi deli uvedel v kamnose\u0161tvo. Na svojem podro\u010dju je oral ledino v na\u0161em prostoru. Navdihovala nas je njegova samoiniciativnost in predanost pri opravljanju svojega dela, saj nobena naloga zanj ni bila nepotrebna ali prete\u017eka. Ob\u010dudovali smo njegov ob\u010dutek za oblikovanje kamna, saj je vedno na\u0161el re\u0161itev, ki je bila dopadljiva tako o\u010desu kot mojstrovi roki. Nenazadnje je bil Ivan tudi nezamenljiv kompanjon vseh na\u0161ih dru\u017eenj. Vedno z iskro v o\u010deh.<\/p>\n\n\n\n<p>Dragi Ivan, na\u0161a kamnose\u0161ka eminenca, pogre\u0161amo Te!<\/p>\n\n\n\n<p>Maja \u0160tembal Capuder, Matej Per\u010di\u010d, Damjan \u0160vara, Anton Marn<\/p>\n\n\n\n<p>Foto: Marica Ur\u0161i\u010d Zupan, Primorske novice (Ivan Pertot na se\u017eanski \u017eelezni\u0161ki postaji) <\/p>\n\n\n\n<figure class=\"wp-block-image size-large\"><img loading=\"lazy\" decoding=\"async\" width=\"1250\" height=\"938\" data-attachment-id=\"8430\" data-permalink=\"https:\/\/www.vss-sezana.si\/?attachment_id=8430\" data-orig-file=\"https:\/\/i0.wp.com\/www.vss-sezana.si\/wp-content\/uploads\/2020\/04\/211-VLAK-LJ-TS_-pertot.jpg?fit=1250%2C938&amp;ssl=1\" data-orig-size=\"1250,938\" data-comments-opened=\"1\" data-image-meta=\"{&quot;aperture&quot;:&quot;0&quot;,&quot;credit&quot;:&quot;&quot;,&quot;camera&quot;:&quot;&quot;,&quot;caption&quot;:&quot;&quot;,&quot;created_timestamp&quot;:&quot;0&quot;,&quot;copyright&quot;:&quot;&quot;,&quot;focal_length&quot;:&quot;0&quot;,&quot;iso&quot;:&quot;0&quot;,&quot;shutter_speed&quot;:&quot;0&quot;,&quot;title&quot;:&quot;&quot;,&quot;orientation&quot;:&quot;0&quot;}\" data-image-title=\"211-VLAK-LJ-TS_-pertot\" data-image-description=\"\" data-image-caption=\"\" data-large-file=\"https:\/\/i0.wp.com\/www.vss-sezana.si\/wp-content\/uploads\/2020\/04\/211-VLAK-LJ-TS_-pertot.jpg?fit=1030%2C773&amp;ssl=1\" src=\"https:\/\/i2.wp.com\/www.vss-sezana.si\/wp-content\/uploads\/2020\/04\/211-VLAK-LJ-TS_-pertot.jpg?fit=1030%2C773&amp;ssl=1\" alt=\"\" class=\"wp-image-8430\" srcset=\"https:\/\/i0.wp.com\/www.vss-sezana.si\/wp-content\/uploads\/2020\/04\/211-VLAK-LJ-TS_-pertot.jpg?w=1250&amp;ssl=1 1250w, https:\/\/i0.wp.com\/www.vss-sezana.si\/wp-content\/uploads\/2020\/04\/211-VLAK-LJ-TS_-pertot.jpg?resize=300%2C225&amp;ssl=1 300w, https:\/\/i0.wp.com\/www.vss-sezana.si\/wp-content\/uploads\/2020\/04\/211-VLAK-LJ-TS_-pertot.jpg?resize=1030%2C773&amp;ssl=1 1030w, https:\/\/i0.wp.com\/www.vss-sezana.si\/wp-content\/uploads\/2020\/04\/211-VLAK-LJ-TS_-pertot.jpg?resize=768%2C576&amp;ssl=1 768w, https:\/\/i0.wp.com\/www.vss-sezana.si\/wp-content\/uploads\/2020\/04\/211-VLAK-LJ-TS_-pertot.jpg?resize=705%2C529&amp;ssl=1 705w, https:\/\/i0.wp.com\/www.vss-sezana.si\/wp-content\/uploads\/2020\/04\/211-VLAK-LJ-TS_-pertot.jpg?resize=450%2C338&amp;ssl=1 450w\" sizes=\"auto, (max-width: 1250px) 100vw, 1250px\" \/><\/figure>\n\n\n\n<p>Foto: Ven\u010deslav Japelj, Primorske novice <\/p>\n\n\n\n<figure class=\"wp-block-image size-large\"><img loading=\"lazy\" decoding=\"async\" width=\"1280\" height=\"960\" data-attachment-id=\"8432\" data-permalink=\"https:\/\/www.vss-sezana.si\/?attachment_id=8432\" data-orig-file=\"https:\/\/i0.wp.com\/www.vss-sezana.si\/wp-content\/uploads\/2020\/04\/Ivan-Pertot.jpg?fit=1280%2C960&amp;ssl=1\" data-orig-size=\"1280,960\" data-comments-opened=\"1\" data-image-meta=\"{&quot;aperture&quot;:&quot;0&quot;,&quot;credit&quot;:&quot;&quot;,&quot;camera&quot;:&quot;&quot;,&quot;caption&quot;:&quot;&quot;,&quot;created_timestamp&quot;:&quot;0&quot;,&quot;copyright&quot;:&quot;&quot;,&quot;focal_length&quot;:&quot;0&quot;,&quot;iso&quot;:&quot;0&quot;,&quot;shutter_speed&quot;:&quot;0&quot;,&quot;title&quot;:&quot;&quot;,&quot;orientation&quot;:&quot;0&quot;}\" data-image-title=\"Ivan-Pertot\" data-image-description=\"\" data-image-caption=\"\" data-large-file=\"https:\/\/i0.wp.com\/www.vss-sezana.si\/wp-content\/uploads\/2020\/04\/Ivan-Pertot.jpg?fit=1030%2C773&amp;ssl=1\" src=\"https:\/\/i2.wp.com\/www.vss-sezana.si\/wp-content\/uploads\/2020\/04\/Ivan-Pertot.jpg?fit=1030%2C773&amp;ssl=1\" alt=\"\" class=\"wp-image-8432\" srcset=\"https:\/\/i0.wp.com\/www.vss-sezana.si\/wp-content\/uploads\/2020\/04\/Ivan-Pertot.jpg?w=1280&amp;ssl=1 1280w, https:\/\/i0.wp.com\/www.vss-sezana.si\/wp-content\/uploads\/2020\/04\/Ivan-Pertot.jpg?resize=300%2C225&amp;ssl=1 300w, https:\/\/i0.wp.com\/www.vss-sezana.si\/wp-content\/uploads\/2020\/04\/Ivan-Pertot.jpg?resize=1030%2C773&amp;ssl=1 1030w, https:\/\/i0.wp.com\/www.vss-sezana.si\/wp-content\/uploads\/2020\/04\/Ivan-Pertot.jpg?resize=768%2C576&amp;ssl=1 768w, https:\/\/i0.wp.com\/www.vss-sezana.si\/wp-content\/uploads\/2020\/04\/Ivan-Pertot.jpg?resize=705%2C529&amp;ssl=1 705w, https:\/\/i0.wp.com\/www.vss-sezana.si\/wp-content\/uploads\/2020\/04\/Ivan-Pertot.jpg?resize=450%2C338&amp;ssl=1 450w\" sizes=\"auto, (max-width: 1280px) 100vw, 1280px\" \/><\/figure>\n","protected":false},"excerpt":{"rendered":"<p>Ivanu. Z \u017ealostjo Vam sporo\u010damo, da nas je 28. marca letos zapustil Ivan Pertot. Umrl je na svojem domu v Nabre\u017eini v starosti 87 let. Po izobrazbi je bil arhitekt, diplomant ljubljanske \u0161ole, v mladih letih pa tudi odli\u010den atlet, \u0161printer. Pozneje se je dokazoval kot mentor \u0161tevilnim mladim atletom v ljubljanski Olimpiji in na [&hellip;]<\/p>\n","protected":false},"author":2,"featured_media":0,"comment_status":"open","ping_status":"open","sticky":false,"template":"","format":"standard","meta":{"_jetpack_newsletter_access":"","_jetpack_dont_email_post_to_subs":false,"_jetpack_newsletter_tier_id":0,"_jetpack_memberships_contains_paywalled_content":false,"_jetpack_memberships_contains_paid_content":false,"footnotes":""},"categories":[1],"tags":[],"class_list":["post-8429","post","type-post","status-publish","format-standard","hentry","category-nekategorizirano"],"aioseo_notices":[],"jetpack_featured_media_url":"","jetpack_sharing_enabled":true,"jetpack_shortlink":"https:\/\/wp.me\/p6N9ot-2bX","jetpack-related-posts":[],"_links":{"self":[{"href":"https:\/\/www.vss-sezana.si\/index.php?rest_route=\/wp\/v2\/posts\/8429","targetHints":{"allow":["GET"]}}],"collection":[{"href":"https:\/\/www.vss-sezana.si\/index.php?rest_route=\/wp\/v2\/posts"}],"about":[{"href":"https:\/\/www.vss-sezana.si\/index.php?rest_route=\/wp\/v2\/types\/post"}],"author":[{"embeddable":true,"href":"https:\/\/www.vss-sezana.si\/index.php?rest_route=\/wp\/v2\/users\/2"}],"replies":[{"embeddable":true,"href":"https:\/\/www.vss-sezana.si\/index.php?rest_route=%2Fwp%2Fv2%2Fcomments&post=8429"}],"version-history":[{"count":3,"href":"https:\/\/www.vss-sezana.si\/index.php?rest_route=\/wp\/v2\/posts\/8429\/revisions"}],"predecessor-version":[{"id":8434,"href":"https:\/\/www.vss-sezana.si\/index.php?rest_route=\/wp\/v2\/posts\/8429\/revisions\/8434"}],"wp:attachment":[{"href":"https:\/\/www.vss-sezana.si\/index.php?rest_route=%2Fwp%2Fv2%2Fmedia&parent=8429"}],"wp:term":[{"taxonomy":"category","embeddable":true,"href":"https:\/\/www.vss-sezana.si\/index.php?rest_route=%2Fwp%2Fv2%2Fcategories&post=8429"},{"taxonomy":"post_tag","embeddable":true,"href":"https:\/\/www.vss-sezana.si\/index.php?rest_route=%2Fwp%2Fv2%2Ftags&post=8429"}],"curies":[{"name":"wp","href":"https:\/\/api.w.org\/{rel}","templated":true}]}}