{"id":8244,"date":"2019-11-27T15:12:49","date_gmt":"2019-11-27T14:12:49","guid":{"rendered":"https:\/\/www.vss-sezana.si\/?p=8244"},"modified":"2019-11-27T15:12:56","modified_gmt":"2019-11-27T14:12:56","slug":"govorilne-ure-predavateljice-jasne-klancisar","status":"publish","type":"post","link":"https:\/\/www.vss-sezana.si\/?p=8244","title":{"rendered":"Govorilne ure predavateljice Jasne Klan\u010di\u0161ar"},"content":{"rendered":"\n<p>Doc. MgA. Jasna Klan\u010di\u0161ar s ponedeljkom, 2. 12. 2019,\nza\u010denja z rednimi govorilnimi urami, ki bodo potekale med 13:20 in 14:20 v\n\u0161olski zbornici. \u0160tudentje se za govorilne ure ne potrebujejo v naprej\nnajaviti, je pa najava za\u017eeljena v primeru konzultacij glede fotografij.<\/p>\n","protected":false},"excerpt":{"rendered":"<p>Doc. MgA. Jasna Klan\u010di\u0161ar s ponedeljkom, 2. 12. 2019, za\u010denja z rednimi govorilnimi urami, ki bodo potekale med 13:20 in 14:20 v \u0161olski zbornici. \u0160tudentje se za govorilne ure ne potrebujejo v naprej najaviti, je pa najava za\u017eeljena v primeru konzultacij glede fotografij.<\/p>\n","protected":false},"author":2,"featured_media":0,"comment_status":"open","ping_status":"open","sticky":false,"template":"","format":"standard","meta":{"_jetpack_newsletter_access":"","_jetpack_dont_email_post_to_subs":false,"_jetpack_newsletter_tier_id":0,"_jetpack_memberships_contains_paywalled_content":false,"_jetpack_memberships_contains_paid_content":false,"footnotes":""},"categories":[1],"tags":[],"class_list":["post-8244","post","type-post","status-publish","format-standard","hentry","category-nekategorizirano"],"aioseo_notices":[],"jetpack_featured_media_url":"","jetpack_sharing_enabled":true,"jetpack_shortlink":"https:\/\/wp.me\/p6N9ot-28Y","jetpack-related-posts":[],"_links":{"self":[{"href":"https:\/\/www.vss-sezana.si\/index.php?rest_route=\/wp\/v2\/posts\/8244","targetHints":{"allow":["GET"]}}],"collection":[{"href":"https:\/\/www.vss-sezana.si\/index.php?rest_route=\/wp\/v2\/posts"}],"about":[{"href":"https:\/\/www.vss-sezana.si\/index.php?rest_route=\/wp\/v2\/types\/post"}],"author":[{"embeddable":true,"href":"https:\/\/www.vss-sezana.si\/index.php?rest_route=\/wp\/v2\/users\/2"}],"replies":[{"embeddable":true,"href":"https:\/\/www.vss-sezana.si\/index.php?rest_route=%2Fwp%2Fv2%2Fcomments&post=8244"}],"version-history":[{"count":1,"href":"https:\/\/www.vss-sezana.si\/index.php?rest_route=\/wp\/v2\/posts\/8244\/revisions"}],"predecessor-version":[{"id":8245,"href":"https:\/\/www.vss-sezana.si\/index.php?rest_route=\/wp\/v2\/posts\/8244\/revisions\/8245"}],"wp:attachment":[{"href":"https:\/\/www.vss-sezana.si\/index.php?rest_route=%2Fwp%2Fv2%2Fmedia&parent=8244"}],"wp:term":[{"taxonomy":"category","embeddable":true,"href":"https:\/\/www.vss-sezana.si\/index.php?rest_route=%2Fwp%2Fv2%2Fcategories&post=8244"},{"taxonomy":"post_tag","embeddable":true,"href":"https:\/\/www.vss-sezana.si\/index.php?rest_route=%2Fwp%2Fv2%2Ftags&post=8244"}],"curies":[{"name":"wp","href":"https:\/\/api.w.org\/{rel}","templated":true}]}}