{"id":8241,"date":"2019-11-27T09:41:26","date_gmt":"2019-11-27T08:41:26","guid":{"rendered":"https:\/\/www.vss-sezana.si\/?p=8241"},"modified":"2019-11-27T09:41:32","modified_gmt":"2019-11-27T08:41:32","slug":"fot-1-obf-ekskurzija-na-planinsko-polje","status":"publish","type":"post","link":"https:\/\/www.vss-sezana.si\/?p=8241","title":{"rendered":"FOT 1 &#8211; OBF: Ekskurzija na Planinsko polje"},"content":{"rendered":"\n<p>V petek, 29. 11. 2019, se bomo ob 9.00 uri zbrali pred pokopali\u0161\u010dem pri Planini. Dan bomo pre\u017eiveli na Planinskem polju, kjer bomo opravili fotografske vaje. Za ekskurzijo prinesite svojo fotografsko opremo, se toplo oblecite in imejte ustrezno vodooporno obutev (najbolje kar \u0161kornje!).<\/p>\n\n\n\n<p>Katarina Sadovski<\/p>\n","protected":false},"excerpt":{"rendered":"<p>V petek, 29. 11. 2019, se bomo ob 9.00 uri zbrali pred pokopali\u0161\u010dem pri Planini. Dan bomo pre\u017eiveli na Planinskem polju, kjer bomo opravili fotografske vaje. Za ekskurzijo prinesite svojo fotografsko opremo, se toplo oblecite in imejte ustrezno vodooporno obutev (najbolje kar \u0161kornje!). Katarina Sadovski<\/p>\n","protected":false},"author":2,"featured_media":0,"comment_status":"open","ping_status":"open","sticky":false,"template":"","format":"standard","meta":{"_jetpack_newsletter_access":"","_jetpack_dont_email_post_to_subs":false,"_jetpack_newsletter_tier_id":0,"_jetpack_memberships_contains_paywalled_content":false,"_jetpack_memberships_contains_paid_content":false,"footnotes":""},"categories":[1],"tags":[],"class_list":["post-8241","post","type-post","status-publish","format-standard","hentry","category-nekategorizirano"],"aioseo_notices":[],"jetpack_featured_media_url":"","jetpack_sharing_enabled":true,"jetpack_shortlink":"https:\/\/wp.me\/p6N9ot-28V","jetpack-related-posts":[],"_links":{"self":[{"href":"https:\/\/www.vss-sezana.si\/index.php?rest_route=\/wp\/v2\/posts\/8241","targetHints":{"allow":["GET"]}}],"collection":[{"href":"https:\/\/www.vss-sezana.si\/index.php?rest_route=\/wp\/v2\/posts"}],"about":[{"href":"https:\/\/www.vss-sezana.si\/index.php?rest_route=\/wp\/v2\/types\/post"}],"author":[{"embeddable":true,"href":"https:\/\/www.vss-sezana.si\/index.php?rest_route=\/wp\/v2\/users\/2"}],"replies":[{"embeddable":true,"href":"https:\/\/www.vss-sezana.si\/index.php?rest_route=%2Fwp%2Fv2%2Fcomments&post=8241"}],"version-history":[{"count":1,"href":"https:\/\/www.vss-sezana.si\/index.php?rest_route=\/wp\/v2\/posts\/8241\/revisions"}],"predecessor-version":[{"id":8242,"href":"https:\/\/www.vss-sezana.si\/index.php?rest_route=\/wp\/v2\/posts\/8241\/revisions\/8242"}],"wp:attachment":[{"href":"https:\/\/www.vss-sezana.si\/index.php?rest_route=%2Fwp%2Fv2%2Fmedia&parent=8241"}],"wp:term":[{"taxonomy":"category","embeddable":true,"href":"https:\/\/www.vss-sezana.si\/index.php?rest_route=%2Fwp%2Fv2%2Fcategories&post=8241"},{"taxonomy":"post_tag","embeddable":true,"href":"https:\/\/www.vss-sezana.si\/index.php?rest_route=%2Fwp%2Fv2%2Ftags&post=8241"}],"curies":[{"name":"wp","href":"https:\/\/api.w.org\/{rel}","templated":true}]}}