{"id":8174,"date":"2019-11-06T12:45:36","date_gmt":"2019-11-06T11:45:36","guid":{"rendered":"https:\/\/www.vss-sezana.si\/?p=8174"},"modified":"2019-11-06T12:45:45","modified_gmt":"2019-11-06T11:45:45","slug":"prosto-delovno-mesto-na-rtv-slo-realizator-oddaj-vi-m-z","status":"publish","type":"post","link":"https:\/\/www.vss-sezana.si\/?p=8174","title":{"rendered":"Prosto delovno mesto na RTV SLO &#8211; REALIZATOR ODDAJ VI (m\/\u017e)"},"content":{"rendered":"\n<p>Na RTV SLO, Regionalni center Koper-Capodistrija, i\u0161\u010dejo kandidata za prosto delovno mesto, ki ustreza diplomanom na\u0161e \u0161ole. V po\u0161tev pridejo predvsem tisti kandidati, ki so diplomirali po video modulu:<\/p>\n\n\n\n<p><strong>I\u0161\u010demo kandidata za\nprosto delovno mesto<\/strong><\/p>\n\n\n\n<p><strong>REALIZATOR\nODDAJ VI (m\/\u017e)<\/strong><\/p>\n\n\n\n<p><strong>V ekipo Skupine za oblikovanje programa, Regionalni center\nKoper-Capodistria, vabimo zanesljivega in predanega sodelavca, ki ima znanja\ns podro\u010dja sodobnega avdio vizualnega &nbsp;komuniciranja in veselje do dela na podro\u010dju realizacije\nre\u017eijsko oblikovanih oddaj. <\/strong><\/p>\n\n\n\n<p><strong>Pogoji za opravljanje dela:<\/strong><\/p>\n\n\n\n<ul class=\"wp-block-list\"><li>kon\u010dana vi\u0161ja strokovna izobrazba (organizator dela ali druga vi\u0161ja\nstrokovna izobrazba oziroma nacionalna poklicna kvalifikacija Realizator\noddaj\/Realizatorka oddaj)<\/li><li>te\u010daj TV realizacije<\/li><li>osnovna raven znanja italijanskega jezika<\/li><li>1 leto delovnih izku\u0161enj s podro\u010dja RTV produkcije<\/li><\/ul>\n\n\n\n<p><strong>Ponujamo:<\/strong><\/p>\n\n\n\n<ul class=\"wp-block-list\"><li>delo v edinstvenem okolju <a>&nbsp;\u0336&nbsp; <\/a>medijski\nhi\u0161i z najdalj\u0161o tradicijo na podro\u010dju radijske in televizijske dejavnosti<\/li><li>delo v timu strokovnjakov, ki je predan delu in zavezam do javnosti<\/li><li>samostojno delo, ki omogo\u010da razvoj, stalno izpopolnjevanje in\npridobivanje izku\u0161enj<\/li><li>smo imetniki certifikata Dru\u017eini prijazno podjetje<\/li><li>skrb za zdravje zaposlenih v sklopu programov za promocijo zdravja<\/li><li>neenakomerni\ndelovni \u010das (delo tudi ob vikendih, praznikih oz. po posebnem razporedu)<\/li><\/ul>\n\n\n\n<p>Z izbranim kandidatom\nbomo sklenili pogodbo o zaposlitvi za <strong>nedolo\u010den\n\u010das, s 3-mese\u010dnim poskusnim delom. <\/strong><\/p>\n\n\n\n<p>V kolikor si\nse prepoznal v opisanem, te vabimo, da po\u0161lje\u0161 <strong>prijavo,\n\u017eivljenjepis ter potrdilo o izobrazbi<\/strong> na\n<a href=\"mailto:zaposlitev@rtvslo.si\">zaposlitev@rtvslo.si<\/a> ali po navadni po\u0161ti: Kadrovska slu\u017eba RTV Slovenija, Tav\u010darjeva ulica\n17, 1550 Ljubljana, s pripisom <em>Prijava na delovno\nmesto Realizator oddaj.<\/em>&nbsp; Obravnavali bomo le popolne prijave, ki bodo\noddane do <strong>15. novembra 2019.<\/strong> <\/p>\n\n\n\n<p>Popolna\nprijava vsebuje:<\/p>\n\n\n\n<p>\u2022&nbsp;&nbsp;&nbsp;&nbsp;&nbsp;&nbsp;&nbsp;&nbsp;&nbsp;&nbsp;&nbsp;&nbsp; <em>spremno oz. motivacijsko pismo,<\/em><\/p>\n\n\n\n<p><em>\u2022&nbsp;&nbsp;&nbsp;&nbsp;&nbsp;&nbsp;&nbsp;&nbsp;&nbsp;&nbsp;&nbsp;&nbsp; \u017eivljenjepis\n(prosimo vas, da pri delovnih izku\u0161njah navedete, ali so pridobljene iz rednega\ndelovnega razmerja ali iz drugih oblik dela, npr. \u0161tudentsko, pogodbeno,\nprostovoljno\u2026)<\/em><\/p>\n\n\n\n<p><em>\u2022&nbsp;&nbsp;&nbsp;&nbsp;&nbsp;&nbsp;&nbsp;&nbsp;&nbsp;&nbsp;&nbsp;&nbsp; dokazilo\no pridobljeni stopnji izobrazbe.<\/em><\/p>\n\n\n\n<p>V izbirni\npostopek bomo vklju\u010dili samo prijave, ki bodo poslane v skladu z zgornjimi\nnavodili.<\/p>\n","protected":false},"excerpt":{"rendered":"<p>Na RTV SLO, Regionalni center Koper-Capodistrija, i\u0161\u010dejo kandidata za prosto delovno mesto, ki ustreza diplomanom na\u0161e \u0161ole. V po\u0161tev pridejo predvsem tisti kandidati, ki so diplomirali po video modulu: I\u0161\u010demo kandidata za prosto delovno mesto REALIZATOR ODDAJ VI (m\/\u017e) V ekipo Skupine za oblikovanje programa, Regionalni center Koper-Capodistria, vabimo zanesljivega in predanega sodelavca, ki ima [&hellip;]<\/p>\n","protected":false},"author":2,"featured_media":0,"comment_status":"open","ping_status":"open","sticky":false,"template":"","format":"standard","meta":{"_jetpack_newsletter_access":"","_jetpack_dont_email_post_to_subs":false,"_jetpack_newsletter_tier_id":0,"_jetpack_memberships_contains_paywalled_content":false,"_jetpack_memberships_contains_paid_content":false,"footnotes":""},"categories":[1],"tags":[],"class_list":["post-8174","post","type-post","status-publish","format-standard","hentry","category-nekategorizirano"],"aioseo_notices":[],"jetpack_featured_media_url":"","jetpack_sharing_enabled":true,"jetpack_shortlink":"https:\/\/wp.me\/p6N9ot-27Q","jetpack-related-posts":[],"_links":{"self":[{"href":"https:\/\/www.vss-sezana.si\/index.php?rest_route=\/wp\/v2\/posts\/8174","targetHints":{"allow":["GET"]}}],"collection":[{"href":"https:\/\/www.vss-sezana.si\/index.php?rest_route=\/wp\/v2\/posts"}],"about":[{"href":"https:\/\/www.vss-sezana.si\/index.php?rest_route=\/wp\/v2\/types\/post"}],"author":[{"embeddable":true,"href":"https:\/\/www.vss-sezana.si\/index.php?rest_route=\/wp\/v2\/users\/2"}],"replies":[{"embeddable":true,"href":"https:\/\/www.vss-sezana.si\/index.php?rest_route=%2Fwp%2Fv2%2Fcomments&post=8174"}],"version-history":[{"count":1,"href":"https:\/\/www.vss-sezana.si\/index.php?rest_route=\/wp\/v2\/posts\/8174\/revisions"}],"predecessor-version":[{"id":8175,"href":"https:\/\/www.vss-sezana.si\/index.php?rest_route=\/wp\/v2\/posts\/8174\/revisions\/8175"}],"wp:attachment":[{"href":"https:\/\/www.vss-sezana.si\/index.php?rest_route=%2Fwp%2Fv2%2Fmedia&parent=8174"}],"wp:term":[{"taxonomy":"category","embeddable":true,"href":"https:\/\/www.vss-sezana.si\/index.php?rest_route=%2Fwp%2Fv2%2Fcategories&post=8174"},{"taxonomy":"post_tag","embeddable":true,"href":"https:\/\/www.vss-sezana.si\/index.php?rest_route=%2Fwp%2Fv2%2Ftags&post=8174"}],"curies":[{"name":"wp","href":"https:\/\/api.w.org\/{rel}","templated":true}]}}