{"id":8144,"date":"2019-10-16T15:27:33","date_gmt":"2019-10-16T13:27:33","guid":{"rendered":"https:\/\/www.vss-sezana.si\/?p=8144"},"modified":"2019-10-16T16:08:50","modified_gmt":"2019-10-16T14:08:50","slug":"fot-obl-strokovna-ekskurzija-na-biennale-2019-v-benetke","status":"publish","type":"post","link":"https:\/\/www.vss-sezana.si\/?p=8144","title":{"rendered":"FOT, OBL &#8211; Strokovna ekskurzija na BIENNALE 2019 v BENETKE"},"content":{"rendered":"\n<p>V sredo, 30. 10. 2019, bomo \u0161tudenti in predavatelji obiskali 58. Mednarodni likovni bienale v Benetkah 2019. <\/p>\n\n\n\n<p>Leto\u0161nji likovni bienale z naslovom <em><strong>May You Live In Interesting Times<\/strong><\/em>, poteka med 11. majem in 24. novembrom. Glavni kurator razstave je Ralph Rugoff, direktor galerije Hayward v Londonu.<\/p>\n\n\n\n<p>V sredo, 23. 10. ob 11.20, bo Jelena Ur\u0161i\u010d v predavalnici (P3) kot priprave na obisk predstavila glavne karakteristike in poudarke leto\u0161njega bienala. Predavanje je namenjeno vsem \u0161tudentom in predavateljem \u0161ole, zunanjim obiskovalcem pa tudi ne bomo zapirali vrat.<\/p>\n\n\n\n<p>Na bienale se bomo odpravili v sredo, 30. oktobra. Ob 6.45 se  bomo zbrali pred \u0161olo ter se nato odpravili do \u017eelezni\u0161ke postaje v Tr\u017ei\u010du IT (Monfalcone). Vlak proti Benetkam odpelje ob 7.39 (Regionale Veloce 2782) in prispe na centralno postajo v Benetkah\u00a0(S. Lucia) ob 9.24. Cena  vozovnice v eno smer zna\u0161a 11,75 \u20ac. Zaradi slabih izku\u0161en iz prej\u0161njih let vas napro\u0161am, da s seboj vzamete zadostno koli\u010dino drobi\u017ea, tako da  boste vozne karte lahko kupovali tudi na avtomatih, \u0161e bolje pa je, \u010de  si vozovnico\u00a0kupite preko strani Trenitalia:\u00a0<a href=\"https:\/\/www.trenitalia.com\/en.html\">http:\/\/www.trenitalia.com\/tcom-en<\/a> .<\/p>\n\n\n\n<p>Ko pridemo v Benetke, se bomo pe\u0161 napotili proti Arsenalom, kjer bomo  kupili \u0161tudentske vstopnice. Cena posamezne \u0161tudentske vstopnice je 15,50 \u20ac (z veljavno \u0161tudentsko izkaznico), mislimo pa, da bomo lahko uveljavljali tudi skupinski popust. Vstopnica velja za vsa prizori\u0161\u010da bienala in jo lahko koristite tudi kak\u0161en drug dan.<\/p>\n\n\n\n<p>Povratek iz Benetk je mogo\u010d ob 18.41, 19.41., 20.50 in 22.41 po ceni 11,75 \u20ac.  Vlakov je \u0161e ve\u010d, vendar so bistveno dra\u017ejii.\u00a0Upo\u0161tevajte tudi, da traja hoja od Vrtov (Giardini) do \u017eelezni\u0161ke postaje kar celo uro.<\/p>\n\n\n\n<p>Hvala lepa in sre\u010dno pot na <a href=\"https:\/\/www.labiennale.org\/it\/arte\/2019\">La Biennale<\/a> !<\/p>\n\n\n\n<p>Anton Marn<\/p>\n\n\n\n<figure class=\"wp-block-image\"><img data-recalc-dims=\"1\" loading=\"lazy\" decoding=\"async\" width=\"975\" height=\"600\" data-attachment-id=\"8148\" data-permalink=\"https:\/\/www.vss-sezana.si\/?attachment_id=8148\" data-orig-file=\"https:\/\/i0.wp.com\/www.vss-sezana.si\/wp-content\/uploads\/2019\/10\/Biennale-2019_Slovenija.jpg?fit=975%2C600&amp;ssl=1\" data-orig-size=\"975,600\" data-comments-opened=\"1\" data-image-meta=\"{&quot;aperture&quot;:&quot;0&quot;,&quot;credit&quot;:&quot;&quot;,&quot;camera&quot;:&quot;&quot;,&quot;caption&quot;:&quot;&quot;,&quot;created_timestamp&quot;:&quot;0&quot;,&quot;copyright&quot;:&quot;&quot;,&quot;focal_length&quot;:&quot;0&quot;,&quot;iso&quot;:&quot;0&quot;,&quot;shutter_speed&quot;:&quot;0&quot;,&quot;title&quot;:&quot;&quot;,&quot;orientation&quot;:&quot;1&quot;}\" data-image-title=\"Biennale-2019_Slovenija\" data-image-description=\"\" data-image-caption=\"\" data-large-file=\"https:\/\/i0.wp.com\/www.vss-sezana.si\/wp-content\/uploads\/2019\/10\/Biennale-2019_Slovenija.jpg?fit=975%2C600&amp;ssl=1\" src=\"https:\/\/i0.wp.com\/www.vss-sezana.si\/wp-content\/uploads\/2019\/10\/Biennale-2019_Slovenija.jpg?resize=975%2C600&#038;ssl=1\" alt=\"\" class=\"wp-image-8148\" srcset=\"https:\/\/i0.wp.com\/www.vss-sezana.si\/wp-content\/uploads\/2019\/10\/Biennale-2019_Slovenija.jpg?w=975&amp;ssl=1 975w, https:\/\/i0.wp.com\/www.vss-sezana.si\/wp-content\/uploads\/2019\/10\/Biennale-2019_Slovenija.jpg?resize=300%2C185&amp;ssl=1 300w, https:\/\/i0.wp.com\/www.vss-sezana.si\/wp-content\/uploads\/2019\/10\/Biennale-2019_Slovenija.jpg?resize=768%2C473&amp;ssl=1 768w, https:\/\/i0.wp.com\/www.vss-sezana.si\/wp-content\/uploads\/2019\/10\/Biennale-2019_Slovenija.jpg?resize=705%2C434&amp;ssl=1 705w, https:\/\/i0.wp.com\/www.vss-sezana.si\/wp-content\/uploads\/2019\/10\/Biennale-2019_Slovenija.jpg?resize=450%2C277&amp;ssl=1 450w\" sizes=\"auto, (max-width: 975px) 100vw, 975px\" \/><\/figure>\n","protected":false},"excerpt":{"rendered":"<p>V sredo, 30. 10. 2019, bomo \u0161tudenti in predavatelji obiskali 58. Mednarodni likovni bienale v Benetkah 2019. Leto\u0161nji likovni bienale z naslovom May You Live In Interesting Times, poteka med 11. majem in 24. novembrom. Glavni kurator razstave je Ralph Rugoff, direktor galerije Hayward v Londonu. V sredo, 23. 10. ob 11.20, bo Jelena Ur\u0161i\u010d [&hellip;]<\/p>\n","protected":false},"author":2,"featured_media":0,"comment_status":"open","ping_status":"open","sticky":false,"template":"","format":"standard","meta":{"_jetpack_newsletter_access":"","_jetpack_dont_email_post_to_subs":false,"_jetpack_newsletter_tier_id":0,"_jetpack_memberships_contains_paywalled_content":false,"_jetpack_memberships_contains_paid_content":false,"footnotes":""},"categories":[1],"tags":[],"class_list":["post-8144","post","type-post","status-publish","format-standard","hentry","category-nekategorizirano"],"aioseo_notices":[],"jetpack_featured_media_url":"","jetpack_sharing_enabled":true,"jetpack_shortlink":"https:\/\/wp.me\/p6N9ot-27m","jetpack-related-posts":[],"_links":{"self":[{"href":"https:\/\/www.vss-sezana.si\/index.php?rest_route=\/wp\/v2\/posts\/8144","targetHints":{"allow":["GET"]}}],"collection":[{"href":"https:\/\/www.vss-sezana.si\/index.php?rest_route=\/wp\/v2\/posts"}],"about":[{"href":"https:\/\/www.vss-sezana.si\/index.php?rest_route=\/wp\/v2\/types\/post"}],"author":[{"embeddable":true,"href":"https:\/\/www.vss-sezana.si\/index.php?rest_route=\/wp\/v2\/users\/2"}],"replies":[{"embeddable":true,"href":"https:\/\/www.vss-sezana.si\/index.php?rest_route=%2Fwp%2Fv2%2Fcomments&post=8144"}],"version-history":[{"count":7,"href":"https:\/\/www.vss-sezana.si\/index.php?rest_route=\/wp\/v2\/posts\/8144\/revisions"}],"predecessor-version":[{"id":8153,"href":"https:\/\/www.vss-sezana.si\/index.php?rest_route=\/wp\/v2\/posts\/8144\/revisions\/8153"}],"wp:attachment":[{"href":"https:\/\/www.vss-sezana.si\/index.php?rest_route=%2Fwp%2Fv2%2Fmedia&parent=8144"}],"wp:term":[{"taxonomy":"category","embeddable":true,"href":"https:\/\/www.vss-sezana.si\/index.php?rest_route=%2Fwp%2Fv2%2Fcategories&post=8144"},{"taxonomy":"post_tag","embeddable":true,"href":"https:\/\/www.vss-sezana.si\/index.php?rest_route=%2Fwp%2Fv2%2Ftags&post=8144"}],"curies":[{"name":"wp","href":"https:\/\/api.w.org\/{rel}","templated":true}]}}