{"id":8130,"date":"2019-10-07T15:26:14","date_gmt":"2019-10-07T13:26:14","guid":{"rendered":"https:\/\/www.vss-sezana.si\/?p=8130"},"modified":"2019-10-07T15:27:30","modified_gmt":"2019-10-07T13:27:30","slug":"spoznavni-dan-vss-sezana","status":"publish","type":"post","link":"https:\/\/www.vss-sezana.si\/?p=8130","title":{"rendered":"Spoznavni dan VS\u0160 Se\u017eana"},"content":{"rendered":"\n<p>V<strong> petek, 11.10. 2019<\/strong>, bomo izpeljali <strong>Spoznavni dan VS\u0160 Se\u017eana<\/strong> v Rodiku. Nekateri va\u0161i kolegi bodo tam \u017ee ves teden, saj sodelujemo na delavnici pri Interreg projektu <em><strong><a href=\"https:\/\/inkubator.si\/projects-archive\/mitski-park\/\">Mitski park<\/a><\/strong><\/em>.<\/p>\n\n\n\n<p>Zbrali se bomo na delovi\u0161\u010du Mitskega parka, ki se nahaja med hi\u0161o Rodik 78 in \u017eeleznico (prevoz v lastni re\u017eiji):<\/p>\n\n\n\n<figure class=\"wp-block-image\"><img loading=\"lazy\" decoding=\"async\" width=\"1680\" height=\"934\" data-attachment-id=\"8131\" data-permalink=\"https:\/\/www.vss-sezana.si\/?attachment_id=8131\" data-orig-file=\"https:\/\/i0.wp.com\/www.vss-sezana.si\/wp-content\/uploads\/2019\/10\/Delavnica_Rodik.jpg?fit=1680%2C934&amp;ssl=1\" data-orig-size=\"1680,934\" data-comments-opened=\"1\" data-image-meta=\"{&quot;aperture&quot;:&quot;0&quot;,&quot;credit&quot;:&quot;&quot;,&quot;camera&quot;:&quot;&quot;,&quot;caption&quot;:&quot;&quot;,&quot;created_timestamp&quot;:&quot;0&quot;,&quot;copyright&quot;:&quot;&quot;,&quot;focal_length&quot;:&quot;0&quot;,&quot;iso&quot;:&quot;0&quot;,&quot;shutter_speed&quot;:&quot;0&quot;,&quot;title&quot;:&quot;&quot;,&quot;orientation&quot;:&quot;1&quot;}\" data-image-title=\"Delavnica_Rodik\" data-image-description=\"\" data-image-caption=\"\" data-large-file=\"https:\/\/i0.wp.com\/www.vss-sezana.si\/wp-content\/uploads\/2019\/10\/Delavnica_Rodik.jpg?fit=1030%2C573&amp;ssl=1\" src=\"https:\/\/i0.wp.com\/www.vss-sezana.si\/wp-content\/uploads\/2019\/10\/Delavnica_Rodik.jpg?fit=1030%2C573&amp;ssl=1\" alt=\"\" class=\"wp-image-8131\" srcset=\"https:\/\/i0.wp.com\/www.vss-sezana.si\/wp-content\/uploads\/2019\/10\/Delavnica_Rodik.jpg?w=1680&amp;ssl=1 1680w, https:\/\/i0.wp.com\/www.vss-sezana.si\/wp-content\/uploads\/2019\/10\/Delavnica_Rodik.jpg?resize=300%2C167&amp;ssl=1 300w, https:\/\/i0.wp.com\/www.vss-sezana.si\/wp-content\/uploads\/2019\/10\/Delavnica_Rodik.jpg?resize=768%2C427&amp;ssl=1 768w, https:\/\/i0.wp.com\/www.vss-sezana.si\/wp-content\/uploads\/2019\/10\/Delavnica_Rodik.jpg?resize=1030%2C573&amp;ssl=1 1030w, https:\/\/i0.wp.com\/www.vss-sezana.si\/wp-content\/uploads\/2019\/10\/Delavnica_Rodik.jpg?resize=1500%2C834&amp;ssl=1 1500w, https:\/\/i0.wp.com\/www.vss-sezana.si\/wp-content\/uploads\/2019\/10\/Delavnica_Rodik.jpg?resize=705%2C392&amp;ssl=1 705w, https:\/\/i0.wp.com\/www.vss-sezana.si\/wp-content\/uploads\/2019\/10\/Delavnica_Rodik.jpg?resize=450%2C250&amp;ssl=1 450w\" sizes=\"auto, (max-width: 1500px) 100vw, 1500px\" \/><\/figure>\n\n\n\n<p>Kljub temu, da je Spoznavni dan namenjen dru\u017eenju, spoznavanju, izmenjavi informacij &#8230; in dobremu po\u010dutju, se bomo dr\u017eali naslednjega redosleda aktivnosti:<\/p>\n\n\n\n<ul class=\"wp-block-list\"><li><strong>9:00<\/strong>\u00a0<strong>Zbor na lokaciji delavnice Mitski park<\/strong><\/li><li><strong>9:15 Nagovor ravnatelja<\/strong> <\/li><li><strong>9:20<\/strong>\u00a0<strong>Predstavitev projekta Mitski park<\/strong><\/li><li><strong>9:40<\/strong>\u00a0<strong>Razdelitev v skupine in predstavitev naloge<\/strong><\/li><li><strong>10:00\u201313:30 Izvedba nalog, dru\u017eenje, kosilo &#8220;iz nahrbtnika&#8221;<\/strong><\/li><li><strong>13:30 Zbiranje, tiskanja, urejanje materiala<\/strong><\/li><li><strong>14:00 Postavitev razstave<\/strong>\u00a0<\/li><li><strong>15:00 Prosto dru\u017eenje<\/strong><\/li><\/ul>\n\n\n\n<p><em>Namen \u0161olskega dne je, da bi vsi \u0161tudenti in \u010dimve\u010d predavateljev VS\u0160 pre\u017eivelo ustvarjalo pou\u010den in dru\u017eaben dan, skozi katerega bi se lahko spletle nove povezave, porodile ideje in bi se \u0161tudenti obeh programov in obeh letnikov imeli mo\u017enost spoznati in povezati \u017ee na za\u010detku \u0161olskega leta. Cilj je ta, da se vsi skupaj bolje spoznali, zato da bomo la\u017eje organizirali in izvajali skupne aktivnosti skozi \u0161olsko leto (ekskurzije, projekti, razstave, &#8230;) ter la\u017eje izmenjevali pomembne informacije za \u017eivljenje in \u0161tudij v Se\u017eani.<\/em><\/p>\n\n\n\n<p>Vsi,\nki bi \u017eeleli aktivno soustvarjati ta dan, po\u0161ljite svoj predlog kako bi \u017eeleli\nsodelovati oz. kje bi lahko pomagali pri izvedbi:&nbsp;<\/p>\n\n\n\n<ul class=\"wp-block-list\"><li>Bi kdo poskrbel za kak\u0161en prigrizek in pija\u010do na terenu? <\/li><li>Bi kdo ponudil prevoz svojemu kolegu, kolegici?<\/li><li>Imate sposobnosti in talente, ki bi jih \u017eeleli predstaviti ostalim, npr. glasbene, plesne &#8230;?<\/li><li>Bi nas \u017eeleli presenetiti na kak drug na\u010din?<\/li><\/ul>\n","protected":false},"excerpt":{"rendered":"<p>V petek, 11.10. 2019, bomo izpeljali Spoznavni dan VS\u0160 Se\u017eana v Rodiku. Nekateri va\u0161i kolegi bodo tam \u017ee ves teden, saj sodelujemo na delavnici pri Interreg projektu Mitski park. Zbrali se bomo na delovi\u0161\u010du Mitskega parka, ki se nahaja med hi\u0161o Rodik 78 in \u017eeleznico (prevoz v lastni re\u017eiji): Kljub temu, da je Spoznavni dan [&hellip;]<\/p>\n","protected":false},"author":2,"featured_media":0,"comment_status":"open","ping_status":"open","sticky":false,"template":"","format":"standard","meta":{"_jetpack_newsletter_access":"","_jetpack_dont_email_post_to_subs":false,"_jetpack_newsletter_tier_id":0,"_jetpack_memberships_contains_paywalled_content":false,"_jetpack_memberships_contains_paid_content":false,"footnotes":""},"categories":[1],"tags":[],"class_list":["post-8130","post","type-post","status-publish","format-standard","hentry","category-nekategorizirano"],"aioseo_notices":[],"jetpack_featured_media_url":"","jetpack_sharing_enabled":true,"jetpack_shortlink":"https:\/\/wp.me\/p6N9ot-278","jetpack-related-posts":[],"_links":{"self":[{"href":"https:\/\/www.vss-sezana.si\/index.php?rest_route=\/wp\/v2\/posts\/8130","targetHints":{"allow":["GET"]}}],"collection":[{"href":"https:\/\/www.vss-sezana.si\/index.php?rest_route=\/wp\/v2\/posts"}],"about":[{"href":"https:\/\/www.vss-sezana.si\/index.php?rest_route=\/wp\/v2\/types\/post"}],"author":[{"embeddable":true,"href":"https:\/\/www.vss-sezana.si\/index.php?rest_route=\/wp\/v2\/users\/2"}],"replies":[{"embeddable":true,"href":"https:\/\/www.vss-sezana.si\/index.php?rest_route=%2Fwp%2Fv2%2Fcomments&post=8130"}],"version-history":[{"count":6,"href":"https:\/\/www.vss-sezana.si\/index.php?rest_route=\/wp\/v2\/posts\/8130\/revisions"}],"predecessor-version":[{"id":8137,"href":"https:\/\/www.vss-sezana.si\/index.php?rest_route=\/wp\/v2\/posts\/8130\/revisions\/8137"}],"wp:attachment":[{"href":"https:\/\/www.vss-sezana.si\/index.php?rest_route=%2Fwp%2Fv2%2Fmedia&parent=8130"}],"wp:term":[{"taxonomy":"category","embeddable":true,"href":"https:\/\/www.vss-sezana.si\/index.php?rest_route=%2Fwp%2Fv2%2Fcategories&post=8130"},{"taxonomy":"post_tag","embeddable":true,"href":"https:\/\/www.vss-sezana.si\/index.php?rest_route=%2Fwp%2Fv2%2Ftags&post=8130"}],"curies":[{"name":"wp","href":"https:\/\/api.w.org\/{rel}","templated":true}]}}