{"id":7681,"date":"2019-01-16T10:19:27","date_gmt":"2019-01-16T09:19:27","guid":{"rendered":"http:\/\/www.vss-sezana.si\/?p=7681"},"modified":"2019-01-16T10:21:58","modified_gmt":"2019-01-16T09:21:58","slug":"vabljeni-na-dogodek-v-drzavnem-svetu-rs","status":"publish","type":"post","link":"https:\/\/www.vss-sezana.si\/?p=7681","title":{"rendered":"Vabljeni na dogodek v Dr\u017eavnem svetu RS"},"content":{"rendered":"\n<p>Vljudno vabljeni na dogodek ob razstavi KAMEN JE NA\u0160E ZLATO, ki bo v \u010detrtek, 24. januarja 2019 ob 12. uri, v preddverju dvorane Dr\u017eavnega sveta RS, \u0160ubi\u010deva 4 v Ljubljani.<\/p>\n\n\n\n<figure class=\"wp-block-image\"><img loading=\"lazy\" decoding=\"async\" width=\"1447\" height=\"2398\" data-attachment-id=\"7682\" data-permalink=\"https:\/\/www.vss-sezana.si\/?attachment_id=7682\" data-orig-file=\"https:\/\/i0.wp.com\/www.vss-sezana.si\/wp-content\/uploads\/2019\/01\/VABILO-na-dogodek-24.-1.-2019-1.jpg?fit=1447%2C2398&amp;ssl=1\" data-orig-size=\"1447,2398\" data-comments-opened=\"1\" data-image-meta=\"{&quot;aperture&quot;:&quot;0&quot;,&quot;credit&quot;:&quot;&quot;,&quot;camera&quot;:&quot;&quot;,&quot;caption&quot;:&quot;&quot;,&quot;created_timestamp&quot;:&quot;0&quot;,&quot;copyright&quot;:&quot;&quot;,&quot;focal_length&quot;:&quot;0&quot;,&quot;iso&quot;:&quot;0&quot;,&quot;shutter_speed&quot;:&quot;0&quot;,&quot;title&quot;:&quot;&quot;,&quot;orientation&quot;:&quot;0&quot;}\" data-image-title=\"VABILO na dogodek 24. 1. 2019\" data-image-description=\"\" data-image-caption=\"\" data-large-file=\"https:\/\/i0.wp.com\/www.vss-sezana.si\/wp-content\/uploads\/2019\/01\/VABILO-na-dogodek-24.-1.-2019-1.jpg?fit=622%2C1030&amp;ssl=1\" src=\"https:\/\/i1.wp.com\/www.vss-sezana.si\/wp-content\/uploads\/2019\/01\/VABILO-na-dogodek-24.-1.-2019-1.jpg?fit=622%2C1030\" alt=\"\" class=\"wp-image-7682\" srcset=\"https:\/\/i0.wp.com\/www.vss-sezana.si\/wp-content\/uploads\/2019\/01\/VABILO-na-dogodek-24.-1.-2019-1.jpg?w=1447&amp;ssl=1 1447w, https:\/\/i0.wp.com\/www.vss-sezana.si\/wp-content\/uploads\/2019\/01\/VABILO-na-dogodek-24.-1.-2019-1.jpg?resize=181%2C300&amp;ssl=1 181w, https:\/\/i0.wp.com\/www.vss-sezana.si\/wp-content\/uploads\/2019\/01\/VABILO-na-dogodek-24.-1.-2019-1.jpg?resize=768%2C1273&amp;ssl=1 768w, https:\/\/i0.wp.com\/www.vss-sezana.si\/wp-content\/uploads\/2019\/01\/VABILO-na-dogodek-24.-1.-2019-1.jpg?resize=622%2C1030&amp;ssl=1 622w, https:\/\/i0.wp.com\/www.vss-sezana.si\/wp-content\/uploads\/2019\/01\/VABILO-na-dogodek-24.-1.-2019-1.jpg?resize=905%2C1500&amp;ssl=1 905w, https:\/\/i0.wp.com\/www.vss-sezana.si\/wp-content\/uploads\/2019\/01\/VABILO-na-dogodek-24.-1.-2019-1.jpg?resize=425%2C705&amp;ssl=1 425w, https:\/\/i0.wp.com\/www.vss-sezana.si\/wp-content\/uploads\/2019\/01\/VABILO-na-dogodek-24.-1.-2019-1.jpg?resize=450%2C746&amp;ssl=1 450w\" sizes=\"auto, (max-width: 1447px) 100vw, 1447px\" \/><\/figure>\n","protected":false},"excerpt":{"rendered":"<p>Vljudno vabljeni na dogodek ob razstavi KAMEN JE NA\u0160E ZLATO, ki bo v \u010detrtek, 24. januarja 2019 ob 12. uri, v preddverju dvorane Dr\u017eavnega sveta RS, \u0160ubi\u010deva 4 v Ljubljani.<\/p>\n","protected":false},"author":2,"featured_media":0,"comment_status":"open","ping_status":"open","sticky":false,"template":"","format":"standard","meta":{"_jetpack_newsletter_access":"","_jetpack_dont_email_post_to_subs":false,"_jetpack_newsletter_tier_id":0,"_jetpack_memberships_contains_paywalled_content":false,"_jetpack_memberships_contains_paid_content":false,"footnotes":""},"categories":[1],"tags":[],"class_list":["post-7681","post","type-post","status-publish","format-standard","hentry","category-nekategorizirano"],"aioseo_notices":[],"jetpack_featured_media_url":"","jetpack_sharing_enabled":true,"jetpack_shortlink":"https:\/\/wp.me\/p6N9ot-1ZT","jetpack-related-posts":[],"_links":{"self":[{"href":"https:\/\/www.vss-sezana.si\/index.php?rest_route=\/wp\/v2\/posts\/7681","targetHints":{"allow":["GET"]}}],"collection":[{"href":"https:\/\/www.vss-sezana.si\/index.php?rest_route=\/wp\/v2\/posts"}],"about":[{"href":"https:\/\/www.vss-sezana.si\/index.php?rest_route=\/wp\/v2\/types\/post"}],"author":[{"embeddable":true,"href":"https:\/\/www.vss-sezana.si\/index.php?rest_route=\/wp\/v2\/users\/2"}],"replies":[{"embeddable":true,"href":"https:\/\/www.vss-sezana.si\/index.php?rest_route=%2Fwp%2Fv2%2Fcomments&post=7681"}],"version-history":[{"count":1,"href":"https:\/\/www.vss-sezana.si\/index.php?rest_route=\/wp\/v2\/posts\/7681\/revisions"}],"predecessor-version":[{"id":7683,"href":"https:\/\/www.vss-sezana.si\/index.php?rest_route=\/wp\/v2\/posts\/7681\/revisions\/7683"}],"wp:attachment":[{"href":"https:\/\/www.vss-sezana.si\/index.php?rest_route=%2Fwp%2Fv2%2Fmedia&parent=7681"}],"wp:term":[{"taxonomy":"category","embeddable":true,"href":"https:\/\/www.vss-sezana.si\/index.php?rest_route=%2Fwp%2Fv2%2Fcategories&post=7681"},{"taxonomy":"post_tag","embeddable":true,"href":"https:\/\/www.vss-sezana.si\/index.php?rest_route=%2Fwp%2Fv2%2Ftags&post=7681"}],"curies":[{"name":"wp","href":"https:\/\/api.w.org\/{rel}","templated":true}]}}