{"id":7487,"date":"2018-12-04T07:43:51","date_gmt":"2018-12-04T06:43:51","guid":{"rendered":"http:\/\/www.vss-sezana.si\/?p=7487"},"modified":"2018-12-04T07:43:51","modified_gmt":"2018-12-04T06:43:51","slug":"fot2-reportaza-obvezne-vaje","status":"publish","type":"post","link":"https:\/\/www.vss-sezana.si\/?p=7487","title":{"rendered":"FOT2-reporta\u017ea-obvezne vaje"},"content":{"rendered":"<p>V sklopu obveznih vaj 2. letnika &#8211; reporta\u017ena fotografija je za sredo, 5. december ob 17:30 uri organiziran ogled in vodstvo po fotografski razstavi Na moje o\u010di: Zgodbe iz Iraka, v Galeriji Jakopi\u010d, Ljubljana. Po razstavi bosta \u00a0vodila kustosa\u00a0Stefano Carini, Dario Bosio (DARST)\u00a0Ve\u010d na:\u00a0<a href=\"https:\/\/mgml.si\/sl\/galerija-jakopic\/razstave\/271\/na-moje-oci-zgodbe-iz-iraka\/\">https:\/\/mgml.si\/sl\/galerija-jakopic\/razstave\/271\/na-moje-oci-zgodbe-iz-iraka\/<\/a><\/p>\n<p><strong>Dobimo se ob uri pred Galerijo Jakopi\u010d (Slovenska cesta 9, 1000 Ljubljana). Se vidimo.<\/strong><\/p>\n<p><strong>Opomba: \u0160tudenti 2. letnika &#8211; Video, predavanja pri prof. \u010cernec bodo potekala v prvem delu, za drugi del je dogovorjeno nadome\u0161\u010danje.<\/strong><\/p>\n<p>&nbsp;<\/p>\n<p>prof.Paternoster<\/p>\n","protected":false},"excerpt":{"rendered":"<p>V sklopu obveznih vaj 2. letnika &#8211; reporta\u017ena fotografija je za sredo, 5. december ob 17:30 uri organiziran ogled in vodstvo po fotografski razstavi Na moje o\u010di: Zgodbe iz Iraka, v Galeriji Jakopi\u010d, Ljubljana. Po razstavi bosta \u00a0vodila kustosa\u00a0Stefano Carini, Dario Bosio (DARST)\u00a0Ve\u010d na:\u00a0https:\/\/mgml.si\/sl\/galerija-jakopic\/razstave\/271\/na-moje-oci-zgodbe-iz-iraka\/ Dobimo se ob uri pred Galerijo Jakopi\u010d (Slovenska cesta 9, 1000 [&hellip;]<\/p>\n","protected":false},"author":2,"featured_media":0,"comment_status":"open","ping_status":"open","sticky":false,"template":"","format":"standard","meta":{"_jetpack_newsletter_access":"","_jetpack_dont_email_post_to_subs":false,"_jetpack_newsletter_tier_id":0,"_jetpack_memberships_contains_paywalled_content":false,"_jetpack_memberships_contains_paid_content":false,"footnotes":""},"categories":[1],"tags":[],"class_list":["post-7487","post","type-post","status-publish","format-standard","hentry","category-nekategorizirano"],"aioseo_notices":[],"jetpack_featured_media_url":"","jetpack_sharing_enabled":true,"jetpack_shortlink":"https:\/\/wp.me\/p6N9ot-1WL","jetpack-related-posts":[],"_links":{"self":[{"href":"https:\/\/www.vss-sezana.si\/index.php?rest_route=\/wp\/v2\/posts\/7487","targetHints":{"allow":["GET"]}}],"collection":[{"href":"https:\/\/www.vss-sezana.si\/index.php?rest_route=\/wp\/v2\/posts"}],"about":[{"href":"https:\/\/www.vss-sezana.si\/index.php?rest_route=\/wp\/v2\/types\/post"}],"author":[{"embeddable":true,"href":"https:\/\/www.vss-sezana.si\/index.php?rest_route=\/wp\/v2\/users\/2"}],"replies":[{"embeddable":true,"href":"https:\/\/www.vss-sezana.si\/index.php?rest_route=%2Fwp%2Fv2%2Fcomments&post=7487"}],"version-history":[{"count":4,"href":"https:\/\/www.vss-sezana.si\/index.php?rest_route=\/wp\/v2\/posts\/7487\/revisions"}],"predecessor-version":[{"id":7492,"href":"https:\/\/www.vss-sezana.si\/index.php?rest_route=\/wp\/v2\/posts\/7487\/revisions\/7492"}],"wp:attachment":[{"href":"https:\/\/www.vss-sezana.si\/index.php?rest_route=%2Fwp%2Fv2%2Fmedia&parent=7487"}],"wp:term":[{"taxonomy":"category","embeddable":true,"href":"https:\/\/www.vss-sezana.si\/index.php?rest_route=%2Fwp%2Fv2%2Fcategories&post=7487"},{"taxonomy":"post_tag","embeddable":true,"href":"https:\/\/www.vss-sezana.si\/index.php?rest_route=%2Fwp%2Fv2%2Ftags&post=7487"}],"curies":[{"name":"wp","href":"https:\/\/api.w.org\/{rel}","templated":true}]}}