{"id":7361,"date":"2018-10-08T11:53:25","date_gmt":"2018-10-08T09:53:25","guid":{"rendered":"http:\/\/www.vss-sezana.si\/?p=7361"},"modified":"2018-10-08T11:57:38","modified_gmt":"2018-10-08T09:57:38","slug":"fotografska-razstava-vilenica-2018","status":"publish","type":"post","link":"https:\/\/www.vss-sezana.si\/?p=7361","title":{"rendered":"Fotografska razstava Vilenica 2018"},"content":{"rendered":"<p>Vljudno vabljeni na fotografsko razstavo ob <strong>33. Mednarodnem literarnem festivalu Vilenica 2018<\/strong>, ki so jo oblikovali <em><strong>\u0161tudenti in mentorji VS\u0160 Se\u017eana<\/strong><\/em>.<\/p>\n<p>Kosovelov dom Se\u017eana, odprtje je 9. 10., ob 18.00, na ogled bo do 11. novembra 2018.<\/p>\n<p>Mednarodni literarni festival Vilenica je letos potekal triintrideseti\u010d. Vi\u0161ja strokovna \u0161ola \u0160C Se\u017eana \u017ee vrsto let sodeluje s festivalom, in sicer \u0161tudentje oblikovanja izdelajo kamnito priznanje Kristal Vilenice, \u0161tudentje fotografije pa spremljajo celoten festival in pripravijo zaklju\u010dno fotografsko razstavo. Tako tudi fotografi ustvarjajo zgodbe. Vzporedne zgodbe, ki so nastajale, ko so literate spremljali na branjih, simpozijih, predstavitvah in izletih ter jih ujeli tako med vro\u010dimi razpravami, v medsebojnih pogovorih in tihih trenutkih, ko so se umaknili v svoja razmi\u0161ljanja. \u0160tudentje so pokazali izredno senzibilnost za ljudi in prostor ter tako uspeli pri\u010darali festivalsko vzdu\u0161je tudi z jezikom podob. Fotografskih podob. Njihove fotografije nudijo osebne perspektive, razli\u010dnost pogledov in samosvojo interpretacijo Vilenice 2018.<\/p>\n<div class=\"UFICommentActorAndBodySpacing\"><span data-ft=\"{&quot;tn&quot;:&quot;K&quot;}\"><span class=\"UFICommentBody\">Nagrado Kristal Vilenice 2018, ki je romala v roke gruzijskemu pesniku \u0160ota Iata\u0161viliju, je oblikovala in izdelala diplomantka VS\u0160 Se\u017eana, \u0160pela \u0160edivy, ob pomo\u010di kamnose\u0161kega mojstra Sandija \u010cevnje\u00a0in grafika Branka Brajdiha. <\/span><\/span><\/div>\n<p>Avtorice in avtorji razstavljenih fotografij so: <em><strong>Tina Kosmos, Ivo \u0160tefani\u010d, Aleksander Zdjarski, Adnan Had\u017ean, Andrej Kek in \u017diga Pele<\/strong><\/em>. Fotografije so nastajale pod mentorstvom predavateljice <em><strong>doc. Jasne Klan\u010di\u0161ar, mag. fotografije<\/strong><\/em>.<\/p>\n<p>Razstava je nastala v organizaciji <em><strong>Vi\u0161je strokovne \u0161ole \u0160C Sre\u010dka Kosovela Se\u017eana,<\/strong><\/em> <em><strong>Dru\u0161tva slovenskih pisateljev<\/strong><\/em> in <em><strong>Kosovelovega doma Se\u017eana<\/strong><\/em>.<\/p>\n<p>Povezava Kosovelov dom:<br \/>\n<a href=\"https:\/\/drustvo-dsp.us15.list-manage.com\/track\/click?u=25c7523de98112a3440ba06fb&amp;id=fffbe9b538&amp;e=5807582533\">https:\/\/www.kosovelovdom.si\/info.php?sifra=_vilenica_9_10_2018&amp;skupina=6<\/a><\/p>\n<p><img data-recalc-dims=\"1\" loading=\"lazy\" decoding=\"async\" data-attachment-id=\"7363\" data-permalink=\"https:\/\/www.vss-sezana.si\/?attachment_id=7363\" data-orig-file=\"https:\/\/i0.wp.com\/www.vss-sezana.si\/wp-content\/uploads\/2018\/10\/Vilenica2018_Foto_VSSSezana_Ivo_Stefanic-7123.jpg?fit=2000%2C1333&amp;ssl=1\" data-orig-size=\"2000,1333\" data-comments-opened=\"1\" data-image-meta=\"{&quot;aperture&quot;:&quot;0&quot;,&quot;credit&quot;:&quot;&quot;,&quot;camera&quot;:&quot;&quot;,&quot;caption&quot;:&quot;&quot;,&quot;created_timestamp&quot;:&quot;0&quot;,&quot;copyright&quot;:&quot;IVO STEFANIC&quot;,&quot;focal_length&quot;:&quot;0&quot;,&quot;iso&quot;:&quot;0&quot;,&quot;shutter_speed&quot;:&quot;0&quot;,&quot;title&quot;:&quot;&quot;,&quot;orientation&quot;:&quot;0&quot;}\" data-image-title=\"Vilenica2018_Foto_VSSSezana_Ivo_Stefanic-7123\" data-image-description=\"\" data-image-caption=\"\" data-large-file=\"https:\/\/i0.wp.com\/www.vss-sezana.si\/wp-content\/uploads\/2018\/10\/Vilenica2018_Foto_VSSSezana_Ivo_Stefanic-7123.jpg?fit=1030%2C686&amp;ssl=1\" class=\"alignnone size-large wp-image-7363\" src=\"https:\/\/i0.wp.com\/www.vss-sezana.si\/wp-content\/uploads\/2018\/10\/Vilenica2018_Foto_VSSSezana_Ivo_Stefanic-7123.jpg?resize=1030%2C686&#038;ssl=1\" alt=\"\" width=\"1030\" height=\"686\" srcset=\"https:\/\/i0.wp.com\/www.vss-sezana.si\/wp-content\/uploads\/2018\/10\/Vilenica2018_Foto_VSSSezana_Ivo_Stefanic-7123.jpg?resize=1030%2C686&amp;ssl=1 1030w, https:\/\/i0.wp.com\/www.vss-sezana.si\/wp-content\/uploads\/2018\/10\/Vilenica2018_Foto_VSSSezana_Ivo_Stefanic-7123.jpg?resize=300%2C200&amp;ssl=1 300w, https:\/\/i0.wp.com\/www.vss-sezana.si\/wp-content\/uploads\/2018\/10\/Vilenica2018_Foto_VSSSezana_Ivo_Stefanic-7123.jpg?resize=768%2C512&amp;ssl=1 768w, https:\/\/i0.wp.com\/www.vss-sezana.si\/wp-content\/uploads\/2018\/10\/Vilenica2018_Foto_VSSSezana_Ivo_Stefanic-7123.jpg?resize=1500%2C1000&amp;ssl=1 1500w, https:\/\/i0.wp.com\/www.vss-sezana.si\/wp-content\/uploads\/2018\/10\/Vilenica2018_Foto_VSSSezana_Ivo_Stefanic-7123.jpg?resize=705%2C470&amp;ssl=1 705w, https:\/\/i0.wp.com\/www.vss-sezana.si\/wp-content\/uploads\/2018\/10\/Vilenica2018_Foto_VSSSezana_Ivo_Stefanic-7123.jpg?resize=450%2C300&amp;ssl=1 450w, https:\/\/i0.wp.com\/www.vss-sezana.si\/wp-content\/uploads\/2018\/10\/Vilenica2018_Foto_VSSSezana_Ivo_Stefanic-7123.jpg?w=2000&amp;ssl=1 2000w\" sizes=\"auto, (max-width: 1030px) 100vw, 1030px\" \/><\/p>\n<p>Foto: Ivo \u0160tefani\u010d<\/p>\n<p><img data-recalc-dims=\"1\" loading=\"lazy\" decoding=\"async\" data-attachment-id=\"7364\" data-permalink=\"https:\/\/www.vss-sezana.si\/?attachment_id=7364\" data-orig-file=\"https:\/\/i0.wp.com\/www.vss-sezana.si\/wp-content\/uploads\/2018\/10\/Vilenica2018_Foto_VSSSezana_Tina_Kosmos-4760.jpg?fit=1500%2C1000&amp;ssl=1\" data-orig-size=\"1500,1000\" data-comments-opened=\"1\" data-image-meta=\"{&quot;aperture&quot;:&quot;4.5&quot;,&quot;credit&quot;:&quot;Tina Kosmos&quot;,&quot;camera&quot;:&quot;NIKON D7200&quot;,&quot;caption&quot;:&quot;&quot;,&quot;created_timestamp&quot;:&quot;1535999931&quot;,&quot;copyright&quot;:&quot;Tina Kosmos&quot;,&quot;focal_length&quot;:&quot;110&quot;,&quot;iso&quot;:&quot;1000&quot;,&quot;shutter_speed&quot;:&quot;0.008&quot;,&quot;title&quot;:&quot;&quot;,&quot;orientation&quot;:&quot;1&quot;}\" data-image-title=\"Vilenica2018_Foto_VSSSezana_Tina_Kosmos-4760\" data-image-description=\"\" data-image-caption=\"\" data-large-file=\"https:\/\/i0.wp.com\/www.vss-sezana.si\/wp-content\/uploads\/2018\/10\/Vilenica2018_Foto_VSSSezana_Tina_Kosmos-4760.jpg?fit=1030%2C687&amp;ssl=1\" class=\"alignnone size-large wp-image-7364\" src=\"https:\/\/i0.wp.com\/www.vss-sezana.si\/wp-content\/uploads\/2018\/10\/Vilenica2018_Foto_VSSSezana_Tina_Kosmos-4760.jpg?resize=1030%2C687&#038;ssl=1\" alt=\"\" width=\"1030\" height=\"687\" srcset=\"https:\/\/i0.wp.com\/www.vss-sezana.si\/wp-content\/uploads\/2018\/10\/Vilenica2018_Foto_VSSSezana_Tina_Kosmos-4760.jpg?resize=1030%2C687&amp;ssl=1 1030w, https:\/\/i0.wp.com\/www.vss-sezana.si\/wp-content\/uploads\/2018\/10\/Vilenica2018_Foto_VSSSezana_Tina_Kosmos-4760.jpg?resize=300%2C200&amp;ssl=1 300w, https:\/\/i0.wp.com\/www.vss-sezana.si\/wp-content\/uploads\/2018\/10\/Vilenica2018_Foto_VSSSezana_Tina_Kosmos-4760.jpg?resize=768%2C512&amp;ssl=1 768w, https:\/\/i0.wp.com\/www.vss-sezana.si\/wp-content\/uploads\/2018\/10\/Vilenica2018_Foto_VSSSezana_Tina_Kosmos-4760.jpg?w=1500&amp;ssl=1 1500w, https:\/\/i0.wp.com\/www.vss-sezana.si\/wp-content\/uploads\/2018\/10\/Vilenica2018_Foto_VSSSezana_Tina_Kosmos-4760.jpg?resize=705%2C470&amp;ssl=1 705w, https:\/\/i0.wp.com\/www.vss-sezana.si\/wp-content\/uploads\/2018\/10\/Vilenica2018_Foto_VSSSezana_Tina_Kosmos-4760.jpg?resize=450%2C300&amp;ssl=1 450w\" sizes=\"auto, (max-width: 1030px) 100vw, 1030px\" \/><\/p>\n<p>Foto: Tina Kosmos<\/p>\n","protected":false},"excerpt":{"rendered":"<p>Vljudno vabljeni na fotografsko razstavo ob 33. Mednarodnem literarnem festivalu Vilenica 2018, ki so jo oblikovali \u0161tudenti in mentorji VS\u0160 Se\u017eana. Kosovelov dom Se\u017eana, odprtje je 9. 10., ob 18.00, na ogled bo do 11. novembra 2018. Mednarodni literarni festival Vilenica je letos potekal triintrideseti\u010d. Vi\u0161ja strokovna \u0161ola \u0160C Se\u017eana \u017ee vrsto let sodeluje s [&hellip;]<\/p>\n","protected":false},"author":2,"featured_media":0,"comment_status":"open","ping_status":"open","sticky":false,"template":"","format":"standard","meta":{"_jetpack_newsletter_access":"","_jetpack_dont_email_post_to_subs":false,"_jetpack_newsletter_tier_id":0,"_jetpack_memberships_contains_paywalled_content":false,"_jetpack_memberships_contains_paid_content":false,"footnotes":""},"categories":[1],"tags":[],"class_list":["post-7361","post","type-post","status-publish","format-standard","hentry","category-nekategorizirano"],"aioseo_notices":[],"jetpack_featured_media_url":"","jetpack_sharing_enabled":true,"jetpack_shortlink":"https:\/\/wp.me\/p6N9ot-1UJ","jetpack-related-posts":[],"_links":{"self":[{"href":"https:\/\/www.vss-sezana.si\/index.php?rest_route=\/wp\/v2\/posts\/7361","targetHints":{"allow":["GET"]}}],"collection":[{"href":"https:\/\/www.vss-sezana.si\/index.php?rest_route=\/wp\/v2\/posts"}],"about":[{"href":"https:\/\/www.vss-sezana.si\/index.php?rest_route=\/wp\/v2\/types\/post"}],"author":[{"embeddable":true,"href":"https:\/\/www.vss-sezana.si\/index.php?rest_route=\/wp\/v2\/users\/2"}],"replies":[{"embeddable":true,"href":"https:\/\/www.vss-sezana.si\/index.php?rest_route=%2Fwp%2Fv2%2Fcomments&post=7361"}],"version-history":[{"count":6,"href":"https:\/\/www.vss-sezana.si\/index.php?rest_route=\/wp\/v2\/posts\/7361\/revisions"}],"predecessor-version":[{"id":7366,"href":"https:\/\/www.vss-sezana.si\/index.php?rest_route=\/wp\/v2\/posts\/7361\/revisions\/7366"}],"wp:attachment":[{"href":"https:\/\/www.vss-sezana.si\/index.php?rest_route=%2Fwp%2Fv2%2Fmedia&parent=7361"}],"wp:term":[{"taxonomy":"category","embeddable":true,"href":"https:\/\/www.vss-sezana.si\/index.php?rest_route=%2Fwp%2Fv2%2Fcategories&post=7361"},{"taxonomy":"post_tag","embeddable":true,"href":"https:\/\/www.vss-sezana.si\/index.php?rest_route=%2Fwp%2Fv2%2Ftags&post=7361"}],"curies":[{"name":"wp","href":"https:\/\/api.w.org\/{rel}","templated":true}]}}