{"id":7319,"date":"2018-10-03T11:04:53","date_gmt":"2018-10-03T09:04:53","guid":{"rendered":"http:\/\/www.vss-sezana.si\/?p=7319"},"modified":"2018-10-03T11:21:57","modified_gmt":"2018-10-03T09:21:57","slug":"cestitke-tilnu-meglicu-za-osvojeno-medaljo-za-odlicnost-na-euroskills-2018","status":"publish","type":"post","link":"https:\/\/www.vss-sezana.si\/?p=7319","title":{"rendered":"\u010cestitke Tilnu Megli\u010du za osvojeno medaljo za odli\u010dnost na EuroSkills 2018!"},"content":{"rendered":"<div class=\"naslov\">\n<h2>EUROSKILLS 2018: Izjemen nastop slovenskih tekmovalcev in sprejem ekipe v Dr\u017eavnem svetu RS<\/h2>\n<\/div>\n<p><!-- Lokacija --><!-- Pot do slike --><!-- datum za\u010detka dogodka --><!-- datum konca dogodka --><!-- izpis povzetka --><\/p>\n<div class=\"summary\"><!-- izpis celotne vsebine novice -->Od 26. do 28. 10. 2018 se je v Budimpe\u0161ti odvijalo najve\u010dje evropsko tekmovanje v poklicnih spretnostih EuroSkills 2018. Kar 582 mladih in talentiranih tekmovalcev (starih med 18 in 25 let), iz 28 dr\u017eav, je tekmovalo v 35 poklicnih panogah, da bi osvojili naslov najbolj\u0161ega v Evropi. Slovenijo je letos zastopalo 12 tekmovalcev, v 10 poklicnih panogah: mehatroniki, <em><strong>kamnose\u0161tvu,<\/strong><\/em> pohi\u0161tvenem mizarstvu, stavbnem mizarstvu, informatiki (IKT), cvetli\u010darstvu, aran\u017eerstvu, slikopleskarstvu, kuharstvu in stre\u017ebi. Gre za zelo zahtevna tekmovanja, ki zajemajo vse ve\u0161\u010dine in znanja, ki so sestavni del posameznega poklica. Tekmovanje je trajalo 3 dni po 8 ur.<\/div>\n<div class=\"body\">\n<p>Slovenski tekmovalci so bili izjemno uspe\u0161ni. Tudi v leto\u0161njem letu si je Slovenska ekipa prislu\u017eila medaljo. Tokrat so <b>bronasto medaljo obesili okoli vratu <em>\u017digi Simon\u010di\u010du<\/em> in <em>Martinu Dagarinu<\/em>, ki sta tekmovala v panogi IKT<\/b>. Hkrati smo prejeli kar \u0161tiri medalje za odli\u010dnost, kar je \u0161e enkrat ve\u010d kot v letu 2016<b>, v panogah kamnose\u0161tvo (<em>Tilen Megli\u010d &#8211; VS\u0160 Se\u017eana<\/em>), cvetli\u010darstvo, stre\u017eba in kuharstvo.<\/b><\/p>\n<p>Ekipo v kamnose\u0161tvu so sestavljali:<br \/>\ntekmovalec <strong>Tilen Megli\u010d<\/strong> (diplomant VS\u0160 Se\u017eana, medalja za odli\u010dnost na EuroSkills 2018),<br \/>\nmentor <strong>Rok Verstov\u0161ek Tan\u0161ek<\/strong> (diplomant VS\u0160 Se\u017eana in srebrni na EuroSkills 2016),<br \/>\nsodnik <strong>Jernej Bortolato<\/strong> (samostojni podjetnik).<\/p>\n<p>Z namenom, da bi prispevali k promociji pomena znanja in ve\u0161\u010din mladih v poklicnem izobra\u017eevanju, izpostavili pomen njihovih mentorjev in izobra\u017eevalnih ustanov pri pridobivanju poklicnih spretnosti ter tudi izjemno velik pomen podjetij, v katerih se mladi tekmovalci usposabljajo, je Dr\u017eavni svet 1. oktobra 2018 organiziral sprejem udele\u017eence leto\u0161njega tekmovanja EuroSkills v Budimpe\u0161ti. Nagovoril\u00a0so nas <strong>predsednik Dr\u017eavnega sveta RS<\/strong>, gospod <em><strong>Alojz Kov\u0161ca<\/strong><\/em>, in obljubil pomo\u010d pri uveljavljanju poklicnega in strokovnega izobra\u017eevanja.<\/p>\n<\/div>\n<p>Ve\u010d o sprejemu v Dr\u017eavnem svetu RS lahko vidite na:<\/p>\n<p><a href=\"http:\/\/www.ds-rs.si\/?q=novice\/sprejem-udelezencev-euroskills-2018\">http:\/\/www.ds-rs.si\/?q=novice\/sprejem-udelezencev-euroskills-2018<\/a><\/p>\n<p>Ve\u010d o tekmovanju EuroSkills 2018 lahko izveste na:<\/p>\n<p><a href=\"http:\/\/www.mojaizbira.si\/special-basic-page-type\/euroskills\">http:\/\/www.mojaizbira.si\/special-basic-page-type\/euroskills<\/a><\/p>\n<p><a href=\"http:\/\/www.cpi.si\/novica.aspx?id=423\">http:\/\/www.cpi.si\/novica.aspx?id=423<\/a><\/p>\n<p>&nbsp;<\/p>\n<p><img data-recalc-dims=\"1\" loading=\"lazy\" decoding=\"async\" data-attachment-id=\"7321\" data-permalink=\"https:\/\/www.vss-sezana.si\/?attachment_id=7321\" data-orig-file=\"https:\/\/i0.wp.com\/www.vss-sezana.si\/wp-content\/uploads\/2018\/10\/MK__8545.jpg?fit=2700%2C1800&amp;ssl=1\" data-orig-size=\"2700,1800\" data-comments-opened=\"1\" data-image-meta=\"{&quot;aperture&quot;:&quot;1.8&quot;,&quot;credit&quot;:&quot;MK Visuals - Miha Kolar&quot;,&quot;camera&quot;:&quot;Canon EOS 7D Mark II&quot;,&quot;caption&quot;:&quot;&quot;,&quot;created_timestamp&quot;:&quot;1538255350&quot;,&quot;copyright&quot;:&quot;miha@mkvisuals.net&quot;,&quot;focal_length&quot;:&quot;18&quot;,&quot;iso&quot;:&quot;4000&quot;,&quot;shutter_speed&quot;:&quot;0.0125&quot;,&quot;title&quot;:&quot;&quot;,&quot;orientation&quot;:&quot;0&quot;}\" data-image-title=\"MK__8545\" data-image-description=\"\" data-image-caption=\"\" data-large-file=\"https:\/\/i0.wp.com\/www.vss-sezana.si\/wp-content\/uploads\/2018\/10\/MK__8545.jpg?fit=1030%2C687&amp;ssl=1\" class=\"alignnone size-large wp-image-7321\" src=\"https:\/\/i0.wp.com\/www.vss-sezana.si\/wp-content\/uploads\/2018\/10\/MK__8545.jpg?resize=1030%2C687&#038;ssl=1\" alt=\"\" width=\"1030\" height=\"687\" srcset=\"https:\/\/i0.wp.com\/www.vss-sezana.si\/wp-content\/uploads\/2018\/10\/MK__8545.jpg?resize=1030%2C687&amp;ssl=1 1030w, https:\/\/i0.wp.com\/www.vss-sezana.si\/wp-content\/uploads\/2018\/10\/MK__8545.jpg?resize=300%2C200&amp;ssl=1 300w, https:\/\/i0.wp.com\/www.vss-sezana.si\/wp-content\/uploads\/2018\/10\/MK__8545.jpg?resize=768%2C512&amp;ssl=1 768w, https:\/\/i0.wp.com\/www.vss-sezana.si\/wp-content\/uploads\/2018\/10\/MK__8545.jpg?resize=1500%2C1000&amp;ssl=1 1500w, https:\/\/i0.wp.com\/www.vss-sezana.si\/wp-content\/uploads\/2018\/10\/MK__8545.jpg?resize=705%2C470&amp;ssl=1 705w, https:\/\/i0.wp.com\/www.vss-sezana.si\/wp-content\/uploads\/2018\/10\/MK__8545.jpg?resize=450%2C300&amp;ssl=1 450w\" sizes=\"auto, (max-width: 1030px) 100vw, 1030px\" \/><\/p>\n<p>Foto: Studio BOMBA<\/p>\n","protected":false},"excerpt":{"rendered":"<p>EUROSKILLS 2018: Izjemen nastop slovenskih tekmovalcev in sprejem ekipe v Dr\u017eavnem svetu RS Od 26. do 28. 10. 2018 se je v Budimpe\u0161ti odvijalo najve\u010dje evropsko tekmovanje v poklicnih spretnostih EuroSkills 2018. Kar 582 mladih in talentiranih tekmovalcev (starih med 18 in 25 let), iz 28 dr\u017eav, je tekmovalo v 35 poklicnih panogah, da bi [&hellip;]<\/p>\n","protected":false},"author":2,"featured_media":0,"comment_status":"open","ping_status":"open","sticky":false,"template":"","format":"standard","meta":{"_jetpack_newsletter_access":"","_jetpack_dont_email_post_to_subs":false,"_jetpack_newsletter_tier_id":0,"_jetpack_memberships_contains_paywalled_content":false,"_jetpack_memberships_contains_paid_content":false,"footnotes":""},"categories":[1],"tags":[],"class_list":["post-7319","post","type-post","status-publish","format-standard","hentry","category-nekategorizirano"],"aioseo_notices":[],"jetpack_featured_media_url":"","jetpack_sharing_enabled":true,"jetpack_shortlink":"https:\/\/wp.me\/p6N9ot-1U3","jetpack-related-posts":[],"_links":{"self":[{"href":"https:\/\/www.vss-sezana.si\/index.php?rest_route=\/wp\/v2\/posts\/7319","targetHints":{"allow":["GET"]}}],"collection":[{"href":"https:\/\/www.vss-sezana.si\/index.php?rest_route=\/wp\/v2\/posts"}],"about":[{"href":"https:\/\/www.vss-sezana.si\/index.php?rest_route=\/wp\/v2\/types\/post"}],"author":[{"embeddable":true,"href":"https:\/\/www.vss-sezana.si\/index.php?rest_route=\/wp\/v2\/users\/2"}],"replies":[{"embeddable":true,"href":"https:\/\/www.vss-sezana.si\/index.php?rest_route=%2Fwp%2Fv2%2Fcomments&post=7319"}],"version-history":[{"count":5,"href":"https:\/\/www.vss-sezana.si\/index.php?rest_route=\/wp\/v2\/posts\/7319\/revisions"}],"predecessor-version":[{"id":7327,"href":"https:\/\/www.vss-sezana.si\/index.php?rest_route=\/wp\/v2\/posts\/7319\/revisions\/7327"}],"wp:attachment":[{"href":"https:\/\/www.vss-sezana.si\/index.php?rest_route=%2Fwp%2Fv2%2Fmedia&parent=7319"}],"wp:term":[{"taxonomy":"category","embeddable":true,"href":"https:\/\/www.vss-sezana.si\/index.php?rest_route=%2Fwp%2Fv2%2Fcategories&post=7319"},{"taxonomy":"post_tag","embeddable":true,"href":"https:\/\/www.vss-sezana.si\/index.php?rest_route=%2Fwp%2Fv2%2Ftags&post=7319"}],"curies":[{"name":"wp","href":"https:\/\/api.w.org\/{rel}","templated":true}]}}