{"id":7291,"date":"2018-09-28T10:28:18","date_gmt":"2018-09-28T08:28:18","guid":{"rendered":"http:\/\/www.vss-sezana.si\/?p=7291"},"modified":"2018-09-28T10:28:18","modified_gmt":"2018-09-28T08:28:18","slug":"pricetek-novega-studijskega-leta","status":"publish","type":"post","link":"https:\/\/www.vss-sezana.si\/?p=7291","title":{"rendered":"PRI\u010cETEK NOVEGA \u0160TUDIJSKEGA LETA"},"content":{"rendered":"<p>Spo\u0161tovani,<\/p>\n<p>Po\u010ditnic je konec in pri\u010denja se novo \u0161tudijsko leto.<br \/>\nV ponedeljek, 1. oktobra,\u00a0se\u00a0ob 9:00 snidemo\u00a0\u0161tudenti 1. in 2. letnikov ter prisotni predavatelji v predavalnici P3. Po skupnem sre\u010danju se bodo predavanja nadaljevala\u00a0po urniku. Urniki za prvi kvartal so objavljeni na\u00a0<a href=\"https:\/\/www.vss-sezana.si\/?page_id=181\">https:\/\/www.vss-sezana.si\/?page_id=181<\/a> .<\/p>\n<p>Uspe\u0161no, znanja polno, prijetno in kolegialno \u0161tudijsko leto 2018\/19 vam \u017eelim!<\/p>\n<p>Anton Marn<\/p>\n","protected":false},"excerpt":{"rendered":"<p>Spo\u0161tovani, Po\u010ditnic je konec in pri\u010denja se novo \u0161tudijsko leto. V ponedeljek, 1. oktobra,\u00a0se\u00a0ob 9:00 snidemo\u00a0\u0161tudenti 1. in 2. letnikov ter prisotni predavatelji v predavalnici P3. Po skupnem sre\u010danju se bodo predavanja nadaljevala\u00a0po urniku. Urniki za prvi kvartal so objavljeni na\u00a0https:\/\/www.vss-sezana.si\/?page_id=181 . Uspe\u0161no, znanja polno, prijetno in kolegialno \u0161tudijsko leto 2018\/19 vam \u017eelim! Anton Marn<\/p>\n","protected":false},"author":2,"featured_media":0,"comment_status":"open","ping_status":"open","sticky":false,"template":"","format":"standard","meta":{"_jetpack_newsletter_access":"","_jetpack_dont_email_post_to_subs":false,"_jetpack_newsletter_tier_id":0,"_jetpack_memberships_contains_paywalled_content":false,"_jetpack_memberships_contains_paid_content":false,"footnotes":""},"categories":[1],"tags":[],"class_list":["post-7291","post","type-post","status-publish","format-standard","hentry","category-nekategorizirano"],"aioseo_notices":[],"jetpack_featured_media_url":"","jetpack_sharing_enabled":true,"jetpack_shortlink":"https:\/\/wp.me\/p6N9ot-1TB","jetpack-related-posts":[],"_links":{"self":[{"href":"https:\/\/www.vss-sezana.si\/index.php?rest_route=\/wp\/v2\/posts\/7291","targetHints":{"allow":["GET"]}}],"collection":[{"href":"https:\/\/www.vss-sezana.si\/index.php?rest_route=\/wp\/v2\/posts"}],"about":[{"href":"https:\/\/www.vss-sezana.si\/index.php?rest_route=\/wp\/v2\/types\/post"}],"author":[{"embeddable":true,"href":"https:\/\/www.vss-sezana.si\/index.php?rest_route=\/wp\/v2\/users\/2"}],"replies":[{"embeddable":true,"href":"https:\/\/www.vss-sezana.si\/index.php?rest_route=%2Fwp%2Fv2%2Fcomments&post=7291"}],"version-history":[{"count":3,"href":"https:\/\/www.vss-sezana.si\/index.php?rest_route=\/wp\/v2\/posts\/7291\/revisions"}],"predecessor-version":[{"id":7294,"href":"https:\/\/www.vss-sezana.si\/index.php?rest_route=\/wp\/v2\/posts\/7291\/revisions\/7294"}],"wp:attachment":[{"href":"https:\/\/www.vss-sezana.si\/index.php?rest_route=%2Fwp%2Fv2%2Fmedia&parent=7291"}],"wp:term":[{"taxonomy":"category","embeddable":true,"href":"https:\/\/www.vss-sezana.si\/index.php?rest_route=%2Fwp%2Fv2%2Fcategories&post=7291"},{"taxonomy":"post_tag","embeddable":true,"href":"https:\/\/www.vss-sezana.si\/index.php?rest_route=%2Fwp%2Fv2%2Ftags&post=7291"}],"curies":[{"name":"wp","href":"https:\/\/api.w.org\/{rel}","templated":true}]}}