{"id":7160,"date":"2018-09-15T16:16:57","date_gmt":"2018-09-15T14:16:57","guid":{"rendered":"http:\/\/www.vss-sezana.si\/?p=7160"},"modified":"2018-09-15T16:24:09","modified_gmt":"2018-09-15T14:24:09","slug":"kristal-vilenice-oblikovala-in-izdelala-diplomantka-vss-sezana","status":"publish","type":"post","link":"https:\/\/www.vss-sezana.si\/?p=7160","title":{"rendered":"Kristal Vilenice oblikovala in izdelala diplomantka VS\u0160 Se\u017eana"},"content":{"rendered":"<p><strong>Kristal Vilenice 2018,<\/strong> nagrado na leto\u0161njem festivalu Vilenica, je za Dru\u0161tvo slovenskih pisateljev oblikovala in izdelala <strong>diplomantka VS\u0160 Se\u017eana, \u0160pela \u0160edivy.<\/strong> Njene kreacije se je na podelitvi v \u0160tanjelu razveselil leto\u0161nji nagrajenec, gruzijski pesnik \u0160ota Iata\u0161vili. Kristal Vilenice je spoj naravnega kamna iz globin Lipice in kristalnega stekla iz Roga\u0161ke Slatine.<\/p>\n<div class='avia-gallery  avia-gallery-1 avia_lazyload avia-gallery-animate avia_animate_when_visible  avia-builder-el-0  avia-builder-el-no-sibling '  itemprop=\"image\" itemscope=\"itemscope\" itemtype=\"https:\/\/schema.org\/ImageObject\" ><div class='avia-gallery-thumb'> <a href='https:\/\/i0.wp.com\/www.vss-sezana.si\/wp-content\/uploads\/2018\/09\/Kristal-Vilenice-2018_1.jpg?fit=640%2C960&ssl=1' data-rel='gallery-1' data-prev-img='https:\/\/i0.wp.com\/www.vss-sezana.si\/wp-content\/uploads\/2018\/09\/Kristal-Vilenice-2018_1.jpg?resize=495%2C400&ssl=1' class='first_thumb lightbox ' data-onclick='1' title=''  itemprop=\"thumbnailUrl\" ><img  src='https:\/\/i0.wp.com\/www.vss-sezana.si\/wp-content\/uploads\/2018\/09\/Kristal-Vilenice-2018_1.jpg?resize=495%2C400&ssl=1' width='495' height='400'  title='Kristal Vilenice 2018_1' alt='' \/><\/a> <a href='https:\/\/i0.wp.com\/www.vss-sezana.si\/wp-content\/uploads\/2018\/09\/Kristal-Vilenice-2018_2.jpg?fit=1030%2C687&ssl=1' data-rel='gallery-1' data-prev-img='https:\/\/i0.wp.com\/www.vss-sezana.si\/wp-content\/uploads\/2018\/09\/Kristal-Vilenice-2018_2.jpg?resize=495%2C400&ssl=1' class='lightbox ' data-onclick='2' title=''  itemprop=\"thumbnailUrl\" ><img  src='https:\/\/i0.wp.com\/www.vss-sezana.si\/wp-content\/uploads\/2018\/09\/Kristal-Vilenice-2018_2.jpg?resize=495%2C400&ssl=1' width='495' height='400'  title='Kristal Vilenice 2018_2' alt='' \/><\/a> <a href='https:\/\/i0.wp.com\/www.vss-sezana.si\/wp-content\/uploads\/2018\/09\/Kristal-Vilenice-2018_3.jpg?fit=640%2C960&ssl=1' data-rel='gallery-1' data-prev-img='https:\/\/i0.wp.com\/www.vss-sezana.si\/wp-content\/uploads\/2018\/09\/Kristal-Vilenice-2018_3.jpg?resize=495%2C400&ssl=1' class='lightbox ' data-onclick='3' title=''  itemprop=\"thumbnailUrl\" ><img  src='https:\/\/i0.wp.com\/www.vss-sezana.si\/wp-content\/uploads\/2018\/09\/Kristal-Vilenice-2018_3.jpg?resize=495%2C400&ssl=1' width='495' height='400'  title='Kristal Vilenice 2018_3' alt='' \/><\/a> <a href='https:\/\/i0.wp.com\/www.vss-sezana.si\/wp-content\/uploads\/2018\/09\/Kristal-Vilenice-2018_4.jpg?fit=1030%2C687&ssl=1' data-rel='gallery-1' data-prev-img='https:\/\/i0.wp.com\/www.vss-sezana.si\/wp-content\/uploads\/2018\/09\/Kristal-Vilenice-2018_4.jpg?resize=495%2C400&ssl=1' class='lightbox ' data-onclick='4' title=''  itemprop=\"thumbnailUrl\" ><img  src='https:\/\/i0.wp.com\/www.vss-sezana.si\/wp-content\/uploads\/2018\/09\/Kristal-Vilenice-2018_4.jpg?resize=495%2C400&ssl=1' width='495' height='400'  title='Kristal Vilenice 2018_4' alt='' \/><\/a><\/div><\/div>\n<p>Fotografije: Aleksander Zdjarsky, VS\u0160 Se\u017eana<\/p>\n","protected":false},"excerpt":{"rendered":"<p>Kristal Vilenice 2018, nagrado na leto\u0161njem festivalu Vilenica, je za Dru\u0161tvo slovenskih pisateljev oblikovala in izdelala diplomantka VS\u0160 Se\u017eana, \u0160pela \u0160edivy. Njene kreacije se je na podelitvi v \u0160tanjelu razveselil leto\u0161nji nagrajenec, gruzijski pesnik \u0160ota Iata\u0161vili. Kristal Vilenice je spoj naravnega kamna iz globin Lipice in kristalnega stekla iz Roga\u0161ke Slatine. Fotografije: Aleksander Zdjarsky, VS\u0160 [&hellip;]<\/p>\n","protected":false},"author":2,"featured_media":0,"comment_status":"open","ping_status":"open","sticky":false,"template":"","format":"standard","meta":{"_jetpack_newsletter_access":"","_jetpack_dont_email_post_to_subs":false,"_jetpack_newsletter_tier_id":0,"_jetpack_memberships_contains_paywalled_content":false,"_jetpack_memberships_contains_paid_content":false,"footnotes":""},"categories":[12,100,1],"tags":[],"class_list":["post-7160","post","type-post","status-publish","format-standard","hentry","category-aktualno","category-dosezki","category-nekategorizirano"],"aioseo_notices":[],"jetpack_featured_media_url":"","jetpack_sharing_enabled":true,"jetpack_shortlink":"https:\/\/wp.me\/p6N9ot-1Ru","jetpack-related-posts":[],"_links":{"self":[{"href":"https:\/\/www.vss-sezana.si\/index.php?rest_route=\/wp\/v2\/posts\/7160","targetHints":{"allow":["GET"]}}],"collection":[{"href":"https:\/\/www.vss-sezana.si\/index.php?rest_route=\/wp\/v2\/posts"}],"about":[{"href":"https:\/\/www.vss-sezana.si\/index.php?rest_route=\/wp\/v2\/types\/post"}],"author":[{"embeddable":true,"href":"https:\/\/www.vss-sezana.si\/index.php?rest_route=\/wp\/v2\/users\/2"}],"replies":[{"embeddable":true,"href":"https:\/\/www.vss-sezana.si\/index.php?rest_route=%2Fwp%2Fv2%2Fcomments&post=7160"}],"version-history":[{"count":3,"href":"https:\/\/www.vss-sezana.si\/index.php?rest_route=\/wp\/v2\/posts\/7160\/revisions"}],"predecessor-version":[{"id":7169,"href":"https:\/\/www.vss-sezana.si\/index.php?rest_route=\/wp\/v2\/posts\/7160\/revisions\/7169"}],"wp:attachment":[{"href":"https:\/\/www.vss-sezana.si\/index.php?rest_route=%2Fwp%2Fv2%2Fmedia&parent=7160"}],"wp:term":[{"taxonomy":"category","embeddable":true,"href":"https:\/\/www.vss-sezana.si\/index.php?rest_route=%2Fwp%2Fv2%2Fcategories&post=7160"},{"taxonomy":"post_tag","embeddable":true,"href":"https:\/\/www.vss-sezana.si\/index.php?rest_route=%2Fwp%2Fv2%2Ftags&post=7160"}],"curies":[{"name":"wp","href":"https:\/\/api.w.org\/{rel}","templated":true}]}}