{"id":6637,"date":"2018-08-21T13:33:17","date_gmt":"2018-08-21T11:33:17","guid":{"rendered":"http:\/\/www.vss-sezana.si\/?p=6637"},"modified":"2018-08-21T13:38:46","modified_gmt":"2018-08-21T11:38:46","slug":"drugi-vpisni-rok","status":"publish","type":"post","link":"https:\/\/www.vss-sezana.si\/?p=6637","title":{"rendered":"Drugi vpisni rok za \u0161tudijsko leto 2018\/19"},"content":{"rendered":"<p>Med 27. in 31. avgustom bo potekal 2. vpisni rok za vpis v \u0161tudijsko leto 2018\/19: <a href=\"http:\/\/www.vss-ce.com\/vps\/\">http:\/\/www.vss-ce.com\/vps\/<\/a><\/p>\n<p>INFORMATIVNI DAN za programa OBLIKOVANJE MATERIALOV in FOTOGRAFIJA bo na Kra\u0161ki ulica 2, v petek, 24. 8., ob 16. uri!<\/p>\n<p>\u0160tudij na VS\u0160 Se\u017eana od letos dalje z znatnimi denarnimi spodbudami podpira tudi Ob\u010dina Se\u017eana: <a href=\"https:\/\/www.uradni-list.si\/glasilo-uradni-list-rs\/vsebina\/2018-01-2104\/pravilnik-o-dodeljevanju-denarnih-spodbud-studentom-visje-strokovne-sole-solskega-centra-srecka-kosovela-sezana?h=se%C5%BEana\">https:\/\/www.uradni-list.si\/glasilo-uradni-list-rs\/vsebina\/2018-01-2104\/pravilnik-o-dodeljevanju-denarnih-spodbud-studentom-visje-strokovne-sole-solskega-centra-srecka-kosovela-sezana?h=se%C5%BEana<\/a><\/p>\n<p><img data-recalc-dims=\"1\" loading=\"lazy\" decoding=\"async\" data-attachment-id=\"6644\" data-permalink=\"https:\/\/www.vss-sezana.si\/?attachment_id=6644\" data-orig-file=\"https:\/\/i0.wp.com\/www.vss-sezana.si\/wp-content\/uploads\/2018\/08\/FB-naslovnica_temnica_informativni-dan_mala.jpg?fit=1123%2C794&amp;ssl=1\" data-orig-size=\"1123,794\" data-comments-opened=\"1\" data-image-meta=\"{&quot;aperture&quot;:&quot;0&quot;,&quot;credit&quot;:&quot;&quot;,&quot;camera&quot;:&quot;&quot;,&quot;caption&quot;:&quot;&quot;,&quot;created_timestamp&quot;:&quot;0&quot;,&quot;copyright&quot;:&quot;&quot;,&quot;focal_length&quot;:&quot;0&quot;,&quot;iso&quot;:&quot;0&quot;,&quot;shutter_speed&quot;:&quot;0&quot;,&quot;title&quot;:&quot;&quot;,&quot;orientation&quot;:&quot;0&quot;}\" data-image-title=\"FB naslovnica_temnica_informativni dan_mala\" data-image-description=\"\" data-image-caption=\"\" data-large-file=\"https:\/\/i0.wp.com\/www.vss-sezana.si\/wp-content\/uploads\/2018\/08\/FB-naslovnica_temnica_informativni-dan_mala.jpg?fit=1030%2C728&amp;ssl=1\" class=\"alignnone size-large wp-image-6644\" src=\"https:\/\/i0.wp.com\/www.vss-sezana.si\/wp-content\/uploads\/2018\/08\/FB-naslovnica_temnica_informativni-dan_mala.jpg?resize=1030%2C728&#038;ssl=1\" alt=\"\" width=\"1030\" height=\"728\" srcset=\"https:\/\/i0.wp.com\/www.vss-sezana.si\/wp-content\/uploads\/2018\/08\/FB-naslovnica_temnica_informativni-dan_mala.jpg?resize=1030%2C728&amp;ssl=1 1030w, https:\/\/i0.wp.com\/www.vss-sezana.si\/wp-content\/uploads\/2018\/08\/FB-naslovnica_temnica_informativni-dan_mala.jpg?resize=300%2C212&amp;ssl=1 300w, https:\/\/i0.wp.com\/www.vss-sezana.si\/wp-content\/uploads\/2018\/08\/FB-naslovnica_temnica_informativni-dan_mala.jpg?resize=768%2C543&amp;ssl=1 768w, https:\/\/i0.wp.com\/www.vss-sezana.si\/wp-content\/uploads\/2018\/08\/FB-naslovnica_temnica_informativni-dan_mala.jpg?resize=260%2C185&amp;ssl=1 260w, https:\/\/i0.wp.com\/www.vss-sezana.si\/wp-content\/uploads\/2018\/08\/FB-naslovnica_temnica_informativni-dan_mala.jpg?resize=705%2C498&amp;ssl=1 705w, https:\/\/i0.wp.com\/www.vss-sezana.si\/wp-content\/uploads\/2018\/08\/FB-naslovnica_temnica_informativni-dan_mala.jpg?resize=450%2C318&amp;ssl=1 450w, https:\/\/i0.wp.com\/www.vss-sezana.si\/wp-content\/uploads\/2018\/08\/FB-naslovnica_temnica_informativni-dan_mala.jpg?w=1123&amp;ssl=1 1123w\" sizes=\"auto, (max-width: 1030px) 100vw, 1030px\" \/><\/p>\n<p>&nbsp;<\/p>\n","protected":false},"excerpt":{"rendered":"<p>Med 27. in 31. avgustom bo potekal 2. vpisni rok za vpis v \u0161tudijsko leto 2018\/19: http:\/\/www.vss-ce.com\/vps\/ INFORMATIVNI DAN za programa OBLIKOVANJE MATERIALOV in FOTOGRAFIJA bo na Kra\u0161ki ulica 2, v petek, 24. 8., ob 16. uri! \u0160tudij na VS\u0160 Se\u017eana od letos dalje z znatnimi denarnimi spodbudami podpira tudi Ob\u010dina Se\u017eana: https:\/\/www.uradni-list.si\/glasilo-uradni-list-rs\/vsebina\/2018-01-2104\/pravilnik-o-dodeljevanju-denarnih-spodbud-studentom-visje-strokovne-sole-solskega-centra-srecka-kosovela-sezana?h=se%C5%BEana &nbsp;<\/p>\n","protected":false},"author":2,"featured_media":0,"comment_status":"open","ping_status":"open","sticky":false,"template":"","format":"standard","meta":{"_jetpack_newsletter_access":"","_jetpack_dont_email_post_to_subs":false,"_jetpack_newsletter_tier_id":0,"_jetpack_memberships_contains_paywalled_content":false,"_jetpack_memberships_contains_paid_content":false,"footnotes":""},"categories":[1],"tags":[],"class_list":["post-6637","post","type-post","status-publish","format-standard","hentry","category-nekategorizirano"],"aioseo_notices":[],"jetpack_featured_media_url":"","jetpack_sharing_enabled":true,"jetpack_shortlink":"https:\/\/wp.me\/p6N9ot-1J3","jetpack-related-posts":[],"_links":{"self":[{"href":"https:\/\/www.vss-sezana.si\/index.php?rest_route=\/wp\/v2\/posts\/6637","targetHints":{"allow":["GET"]}}],"collection":[{"href":"https:\/\/www.vss-sezana.si\/index.php?rest_route=\/wp\/v2\/posts"}],"about":[{"href":"https:\/\/www.vss-sezana.si\/index.php?rest_route=\/wp\/v2\/types\/post"}],"author":[{"embeddable":true,"href":"https:\/\/www.vss-sezana.si\/index.php?rest_route=\/wp\/v2\/users\/2"}],"replies":[{"embeddable":true,"href":"https:\/\/www.vss-sezana.si\/index.php?rest_route=%2Fwp%2Fv2%2Fcomments&post=6637"}],"version-history":[{"count":6,"href":"https:\/\/www.vss-sezana.si\/index.php?rest_route=\/wp\/v2\/posts\/6637\/revisions"}],"predecessor-version":[{"id":6640,"href":"https:\/\/www.vss-sezana.si\/index.php?rest_route=\/wp\/v2\/posts\/6637\/revisions\/6640"}],"wp:attachment":[{"href":"https:\/\/www.vss-sezana.si\/index.php?rest_route=%2Fwp%2Fv2%2Fmedia&parent=6637"}],"wp:term":[{"taxonomy":"category","embeddable":true,"href":"https:\/\/www.vss-sezana.si\/index.php?rest_route=%2Fwp%2Fv2%2Fcategories&post=6637"},{"taxonomy":"post_tag","embeddable":true,"href":"https:\/\/www.vss-sezana.si\/index.php?rest_route=%2Fwp%2Fv2%2Ftags&post=6637"}],"curies":[{"name":"wp","href":"https:\/\/api.w.org\/{rel}","templated":true}]}}