{"id":6606,"date":"2018-08-06T13:44:39","date_gmt":"2018-08-06T11:44:39","guid":{"rendered":"http:\/\/www.vss-sezana.si\/?p=6606"},"modified":"2018-08-06T13:56:26","modified_gmt":"2018-08-06T11:56:26","slug":"menjava-kamnitih-stebrov-v-200-let-stari-hisi-v-logatcu","status":"publish","type":"post","link":"https:\/\/www.vss-sezana.si\/?p=6606","title":{"rendered":"Menjava kamnitih stebrov v 200 let stari hi\u0161i v Logatcu"},"content":{"rendered":"<p>V \u0161tali najmanj 200 let stare doma\u010dije Pr Petrov na Brodu v Logatcu so to poletje <strong>zamenjali stare kamnite stebre<\/strong>, ki podpirajo obokan oziroma velban strop. Nove so <strong>ro\u010dno izklesali<\/strong> \u0161tudentje 2. letnika Vi\u0161je strokovne \u0161ole iz Se\u017eane\u00a0<strong>Jaka Modic, Jani Turk, Andra\u017e \u0160vara<\/strong> in na za\u010detku tudi Izabela Furlan (mentorja Damjan \u0160vara in Anton Marn), zamenjava pa je bila vse prej kot lahka.<\/p>\n<div class='avia-image-container  av-styling-    avia-builder-el-0  avia-builder-el-no-sibling  avia-align-center '  itemprop=\"image\" itemscope=\"itemscope\" itemtype=\"https:\/\/schema.org\/ImageObject\"  ><div class='avia-image-container-inner'><div class='avia-image-overlay-wrap'><img class='avia_image' src='https:\/\/i0.wp.com\/www.vss-sezana.si\/wp-content\/uploads\/2018\/08\/Kamniti-stebri-2018-1.jpg?fit=1000%2C370&ssl=1' alt='' title='Kamniti stebri 2018' height=\"370\" width=\"1000\"  itemprop=\"thumbnailUrl\"  \/><\/div><\/div><\/div>\n<p><span id=\"fbPhotoSnowliftCaption\" class=\"fbPhotosPhotoCaption\" tabindex=\"0\" aria-live=\"polite\" data-ft=\"{&quot;tn&quot;:&quot;K&quot;}\"><span class=\"hasCaption\">Fotografije: Anja Sedej<\/span><\/span><span id=\"fbPhotoSnowliftTagList\" class=\"fbPhotoTagList\"><span class=\"fcg\">\u00a0<\/span><\/span><\/p>\n<p>Poslu\u0161ate lahko tudi prispevek na\u00a0Prvem programu Radia Slovenija (<a href=\"https:\/\/radioprvi.rtvslo.si\/2018\/07\/menjava-kamnitih-stebrov-v-200-let-stari-hisi-v-logatcu\/\">tu<\/a>).<\/p>\n<p>&nbsp;<\/p>\n","protected":false},"excerpt":{"rendered":"<p>V \u0161tali najmanj 200 let stare doma\u010dije Pr Petrov na Brodu v Logatcu so to poletje zamenjali stare kamnite stebre, ki podpirajo obokan oziroma velban strop. Nove so ro\u010dno izklesali \u0161tudentje 2. letnika Vi\u0161je strokovne \u0161ole iz Se\u017eane\u00a0Jaka Modic, Jani Turk, Andra\u017e \u0160vara in na za\u010detku tudi Izabela Furlan (mentorja Damjan \u0160vara in Anton Marn), [&hellip;]<\/p>\n","protected":false},"author":2,"featured_media":0,"comment_status":"open","ping_status":"open","sticky":false,"template":"","format":"standard","meta":{"_jetpack_newsletter_access":"","_jetpack_dont_email_post_to_subs":false,"_jetpack_newsletter_tier_id":0,"_jetpack_memberships_contains_paywalled_content":false,"_jetpack_memberships_contains_paid_content":false,"footnotes":""},"categories":[12,100],"tags":[],"class_list":["post-6606","post","type-post","status-publish","format-standard","hentry","category-aktualno","category-dosezki"],"aioseo_notices":[],"jetpack_featured_media_url":"","jetpack_sharing_enabled":true,"jetpack_shortlink":"https:\/\/wp.me\/p6N9ot-1Iy","jetpack-related-posts":[],"_links":{"self":[{"href":"https:\/\/www.vss-sezana.si\/index.php?rest_route=\/wp\/v2\/posts\/6606","targetHints":{"allow":["GET"]}}],"collection":[{"href":"https:\/\/www.vss-sezana.si\/index.php?rest_route=\/wp\/v2\/posts"}],"about":[{"href":"https:\/\/www.vss-sezana.si\/index.php?rest_route=\/wp\/v2\/types\/post"}],"author":[{"embeddable":true,"href":"https:\/\/www.vss-sezana.si\/index.php?rest_route=\/wp\/v2\/users\/2"}],"replies":[{"embeddable":true,"href":"https:\/\/www.vss-sezana.si\/index.php?rest_route=%2Fwp%2Fv2%2Fcomments&post=6606"}],"version-history":[{"count":8,"href":"https:\/\/www.vss-sezana.si\/index.php?rest_route=\/wp\/v2\/posts\/6606\/revisions"}],"predecessor-version":[{"id":6623,"href":"https:\/\/www.vss-sezana.si\/index.php?rest_route=\/wp\/v2\/posts\/6606\/revisions\/6623"}],"wp:attachment":[{"href":"https:\/\/www.vss-sezana.si\/index.php?rest_route=%2Fwp%2Fv2%2Fmedia&parent=6606"}],"wp:term":[{"taxonomy":"category","embeddable":true,"href":"https:\/\/www.vss-sezana.si\/index.php?rest_route=%2Fwp%2Fv2%2Fcategories&post=6606"},{"taxonomy":"post_tag","embeddable":true,"href":"https:\/\/www.vss-sezana.si\/index.php?rest_route=%2Fwp%2Fv2%2Ftags&post=6606"}],"curies":[{"name":"wp","href":"https:\/\/api.w.org\/{rel}","templated":true}]}}