{"id":6407,"date":"2018-04-04T16:57:24","date_gmt":"2018-04-04T14:57:24","guid":{"rendered":"http:\/\/www.vss-sezana.si\/?p=6407"},"modified":"2018-05-28T12:20:06","modified_gmt":"2018-05-28T10:20:06","slug":"vabljeni-na-slavnostno-podelitev-diplom-in-odprtje-razstave-oblikaslika-2018","status":"publish","type":"post","link":"https:\/\/www.vss-sezana.si\/?p=6407","title":{"rendered":"Vabljeni na slavnostno podelitev diplom in odprtje razstave Oblika&amp;Slika 2018"},"content":{"rendered":"<p>Vljudno vabljeni na slavnostno podelitev diplomskih listin VS\u0160 Se\u017eana, v <strong>petek, 6. 4. 2018, ob 17.00,<\/strong> v Kosovelov dom Se\u017eana. In\u017eenirke ter in\u017eenirje fotografije in oblikovanja materialov bo\u00a0nagovorila generalna direktorica Direktorata za srednje in vi\u0161je\u00a0\u0161olstvo na MIZ\u0160, ga. Elvira \u0160u\u0161melj.\u00a0Po podelitvi vas vabimo k odprtju razstave\u00a0\u0161tudentskih izdelkov\u00a0v galerijah Kosovelovega doma in ogledu filma Stekle lisice.\u00a0<strong>\u00a0<\/strong><\/p>\n<p><a href=\"https:\/\/www.vss-sezana.si\/wp-content\/uploads\/2018\/04\/Vabilo-diplome-VSS_2018.pdf\">Vabilo<\/a><\/p>\n<div class='avia-image-container  av-styling-    avia-builder-el-0  avia-builder-el-no-sibling  avia-align-center '  itemprop=\"image\" itemscope=\"itemscope\" itemtype=\"https:\/\/schema.org\/ImageObject\"  ><div class='avia-image-container-inner'><div class='avia-image-overlay-wrap'><img class='avia_image' src='https:\/\/i0.wp.com\/www.vss-sezana.si\/wp-content\/uploads\/2018\/04\/Diplomanti-2017_vabilo.jpg?fit=1030%2C515&ssl=1' alt='' title='Diplomanti 2017_vabilo' height=\"515\" width=\"1030\"  itemprop=\"thumbnailUrl\"  \/><\/div><\/div><\/div>\n","protected":false},"excerpt":{"rendered":"<p>Vljudno vabljeni na slavnostno podelitev diplomskih listin VS\u0160 Se\u017eana, v petek, 6. 4. 2018, ob 17.00, v Kosovelov dom Se\u017eana. In\u017eenirke ter in\u017eenirje fotografije in oblikovanja materialov bo\u00a0nagovorila generalna direktorica Direktorata za srednje in vi\u0161je\u00a0\u0161olstvo na MIZ\u0160, ga. Elvira \u0160u\u0161melj.\u00a0Po podelitvi vas vabimo k odprtju razstave\u00a0\u0161tudentskih izdelkov\u00a0v galerijah Kosovelovega doma in ogledu filma Stekle lisice.\u00a0\u00a0 [&hellip;]<\/p>\n","protected":false},"author":2,"featured_media":0,"comment_status":"open","ping_status":"open","sticky":false,"template":"","format":"standard","meta":{"_jetpack_newsletter_access":"","_jetpack_dont_email_post_to_subs":false,"_jetpack_newsletter_tier_id":0,"_jetpack_memberships_contains_paywalled_content":false,"_jetpack_memberships_contains_paid_content":false,"footnotes":""},"categories":[12,1],"tags":[],"class_list":["post-6407","post","type-post","status-publish","format-standard","hentry","category-aktualno","category-nekategorizirano"],"aioseo_notices":[],"jetpack_featured_media_url":"","jetpack_sharing_enabled":true,"jetpack_shortlink":"https:\/\/wp.me\/p6N9ot-1Fl","jetpack-related-posts":[],"_links":{"self":[{"href":"https:\/\/www.vss-sezana.si\/index.php?rest_route=\/wp\/v2\/posts\/6407","targetHints":{"allow":["GET"]}}],"collection":[{"href":"https:\/\/www.vss-sezana.si\/index.php?rest_route=\/wp\/v2\/posts"}],"about":[{"href":"https:\/\/www.vss-sezana.si\/index.php?rest_route=\/wp\/v2\/types\/post"}],"author":[{"embeddable":true,"href":"https:\/\/www.vss-sezana.si\/index.php?rest_route=\/wp\/v2\/users\/2"}],"replies":[{"embeddable":true,"href":"https:\/\/www.vss-sezana.si\/index.php?rest_route=%2Fwp%2Fv2%2Fcomments&post=6407"}],"version-history":[{"count":8,"href":"https:\/\/www.vss-sezana.si\/index.php?rest_route=\/wp\/v2\/posts\/6407\/revisions"}],"predecessor-version":[{"id":6476,"href":"https:\/\/www.vss-sezana.si\/index.php?rest_route=\/wp\/v2\/posts\/6407\/revisions\/6476"}],"wp:attachment":[{"href":"https:\/\/www.vss-sezana.si\/index.php?rest_route=%2Fwp%2Fv2%2Fmedia&parent=6407"}],"wp:term":[{"taxonomy":"category","embeddable":true,"href":"https:\/\/www.vss-sezana.si\/index.php?rest_route=%2Fwp%2Fv2%2Fcategories&post=6407"},{"taxonomy":"post_tag","embeddable":true,"href":"https:\/\/www.vss-sezana.si\/index.php?rest_route=%2Fwp%2Fv2%2Ftags&post=6407"}],"curies":[{"name":"wp","href":"https:\/\/api.w.org\/{rel}","templated":true}]}}