{"id":6401,"date":"2018-04-04T14:44:27","date_gmt":"2018-04-04T12:44:27","guid":{"rendered":"http:\/\/www.vss-sezana.si\/?p=6401"},"modified":"2018-05-28T12:20:06","modified_gmt":"2018-05-28T10:20:06","slug":"seff-petkovi-delavnici-fotogram-in-digitalna-temnica-barve-in-efeklti","status":"publish","type":"post","link":"https:\/\/www.vss-sezana.si\/?p=6401","title":{"rendered":"SeFF: petkovi delavnici &#8220;Fotogram&#8221; in &#8220;Digitalna temnica: Barve in efeklti&#8221;"},"content":{"rendered":"<p>V <strong>petek, 6. 4. 2018,<\/strong> bo v okviru SeFF-a ob 10.00 kratka delavnica na temo grajenja svetlobnih in barvnih pridihov ter kreativne uporabe efektov z uporabo profesionalne programske opreme Adobe Photoshop CC. Na prakti\u010dnih primerih se bodo udele\u017eenci seznanili z razli\u010dnimi pristopi in tehnikami obdelav digitalne fotografije za doseganje barvnih u\u010dinkov in kreativnih dodelav s filtri, pametnimi objekti in maskami.<\/p>\n<p>Delavnica<strong> &#8220;Digitalna temnica: Barve in Efekti&#8221;,<\/strong> ki jo bo vodila predavateljica<strong> Katja Gorup Pegan,<\/strong> je namenjena nadgradnji obstoje\u010dega znanja obdelave digitalne fotografije s programsko opremo Adobe Photoshop CC in ni primerna za za\u010detnike. Obvezne so predhodne prijave preko spletne prijavnice:\u00a0<a href=\"https:\/\/goo.gl\/forms\/mhAyQDfnOo1s0IIl2\" target=\"_blank\" rel=\"nofollow noopener\">https:\/\/goo.gl\/forms\/mhAyQDfnOo1s0IIl2<\/a><\/p>\n<div class='avia-gallery  avia-gallery-1 avia_lazyload avia-gallery-animate avia_animate_when_visible  avia-builder-el-0  avia-builder-el-no-sibling '  itemprop=\"image\" itemscope=\"itemscope\" itemtype=\"https:\/\/schema.org\/ImageObject\" ><div class='avia-gallery-thumb'> <a href='https:\/\/i0.wp.com\/www.vss-sezana.si\/wp-content\/uploads\/2018\/04\/Digitalna-temnica.jpg?fit=1000%2C750&ssl=1' data-rel='gallery-1' data-prev-img='https:\/\/i0.wp.com\/www.vss-sezana.si\/wp-content\/uploads\/2018\/04\/Digitalna-temnica.jpg?resize=495%2C400&ssl=1' class='first_thumb lightbox ' data-onclick='1' title='Delavnica Digitalna temnica'  itemprop=\"thumbnailUrl\" ><img data-avia-tooltip='Delavnica Digitalna temnica' src='https:\/\/i0.wp.com\/www.vss-sezana.si\/wp-content\/uploads\/2018\/04\/Digitalna-temnica.jpg?resize=495%2C400&ssl=1' width='495' height='400'  title='Digitalna temnica' alt='' \/><\/a> <a href='https:\/\/i0.wp.com\/www.vss-sezana.si\/wp-content\/uploads\/2018\/04\/Fotogram.jpg?fit=674%2C502&ssl=1' data-rel='gallery-1' data-prev-img='https:\/\/i0.wp.com\/www.vss-sezana.si\/wp-content\/uploads\/2018\/04\/Fotogram.jpg?resize=495%2C400&ssl=1' class='lightbox ' data-onclick='2' title='Delavnica Fotogram'  itemprop=\"thumbnailUrl\" ><img data-avia-tooltip='Delavnica Fotogram' src='https:\/\/i0.wp.com\/www.vss-sezana.si\/wp-content\/uploads\/2018\/04\/Fotogram.jpg?resize=495%2C400&ssl=1' width='495' height='400'  title='Fotogram' alt='' \/><\/a><\/div><\/div>\n<p>Otrokom prijazno delavnico <strong>&#8220;Fotogram&#8221;<\/strong> pa bo vodila predavateljica <strong>Jasna Klan\u010di\u0161ar.<\/strong>\u00a0 Fotogram je stara fotografska tehnika, ki ustvari fotografsko podobo povsem brez fotoaparata.\u00a0Na delavnici si bomo pogledali, kako lahko nastane fotografija brez ra\u010dunalnikov in tiskalnikov. Za ustvarjanje fotografskih slik bomo uporabili predmete kot obris ali pa prosojne materiale za ustvarjanje teksture.\u00a0Na koncu delavnice bo vsak udele\u017eenec dobil dva svoja izdelka v velikosti 13&#215;18 cm.<\/p>\n","protected":false},"excerpt":{"rendered":"<p>V petek, 6. 4. 2018, bo v okviru SeFF-a ob 10.00 kratka delavnica na temo grajenja svetlobnih in barvnih pridihov ter kreativne uporabe efektov z uporabo profesionalne programske opreme Adobe Photoshop CC. Na prakti\u010dnih primerih se bodo udele\u017eenci seznanili z razli\u010dnimi pristopi in tehnikami obdelav digitalne fotografije za doseganje barvnih u\u010dinkov in kreativnih dodelav s [&hellip;]<\/p>\n","protected":false},"author":2,"featured_media":0,"comment_status":"open","ping_status":"open","sticky":false,"template":"","format":"standard","meta":{"_jetpack_newsletter_access":"","_jetpack_dont_email_post_to_subs":false,"_jetpack_newsletter_tier_id":0,"_jetpack_memberships_contains_paywalled_content":false,"_jetpack_memberships_contains_paid_content":false,"footnotes":""},"categories":[12,1],"tags":[],"class_list":["post-6401","post","type-post","status-publish","format-standard","hentry","category-aktualno","category-nekategorizirano"],"aioseo_notices":[],"jetpack_featured_media_url":"","jetpack_sharing_enabled":true,"jetpack_shortlink":"https:\/\/wp.me\/p6N9ot-1Ff","jetpack-related-posts":[],"_links":{"self":[{"href":"https:\/\/www.vss-sezana.si\/index.php?rest_route=\/wp\/v2\/posts\/6401","targetHints":{"allow":["GET"]}}],"collection":[{"href":"https:\/\/www.vss-sezana.si\/index.php?rest_route=\/wp\/v2\/posts"}],"about":[{"href":"https:\/\/www.vss-sezana.si\/index.php?rest_route=\/wp\/v2\/types\/post"}],"author":[{"embeddable":true,"href":"https:\/\/www.vss-sezana.si\/index.php?rest_route=\/wp\/v2\/users\/2"}],"replies":[{"embeddable":true,"href":"https:\/\/www.vss-sezana.si\/index.php?rest_route=%2Fwp%2Fv2%2Fcomments&post=6401"}],"version-history":[{"count":5,"href":"https:\/\/www.vss-sezana.si\/index.php?rest_route=\/wp\/v2\/posts\/6401\/revisions"}],"predecessor-version":[{"id":6478,"href":"https:\/\/www.vss-sezana.si\/index.php?rest_route=\/wp\/v2\/posts\/6401\/revisions\/6478"}],"wp:attachment":[{"href":"https:\/\/www.vss-sezana.si\/index.php?rest_route=%2Fwp%2Fv2%2Fmedia&parent=6401"}],"wp:term":[{"taxonomy":"category","embeddable":true,"href":"https:\/\/www.vss-sezana.si\/index.php?rest_route=%2Fwp%2Fv2%2Fcategories&post=6401"},{"taxonomy":"post_tag","embeddable":true,"href":"https:\/\/www.vss-sezana.si\/index.php?rest_route=%2Fwp%2Fv2%2Ftags&post=6401"}],"curies":[{"name":"wp","href":"https:\/\/api.w.org\/{rel}","templated":true}]}}