{"id":6175,"date":"2018-03-27T15:42:34","date_gmt":"2018-03-27T13:42:34","guid":{"rendered":"http:\/\/www.vss-sezana.si\/?p=6175"},"modified":"2018-04-07T08:26:12","modified_gmt":"2018-04-07T06:26:12","slug":"priprava-in-postavljanje-solske-razstave-na-seff-2018","status":"publish","type":"post","link":"https:\/\/www.vss-sezana.si\/?p=6175","title":{"rendered":"Priprava in postavljanje \u0161olske razstave na SeFF 2018"},"content":{"rendered":"<p><span style=\"color: black; font-family: 'Calibri','sans-serif';\">Pregledno \u0161olsko razstavo &#8220;Oblika &amp; Slika 2018&#8221;\u00a0v Kosovelovem domu bomo postavljali v sredo, 4. 4., med 10.00 in 19.00. Za koordinacijo postavljanja skrbi predavatelj Matej Per\u010di\u010d. <\/span><\/p>\n<p>V\u00a0<span style=\"color: black; font-family: 'Calibri','sans-serif';\">\u010detrtek, 29. 3.,\u00a0med 13.00\u00a0in 24.00, in v torek, 3. 4.,\u00a0med 8:00 in 24:00, je u\u010dilnica LF rezervirana za pripravo in\u00a0tiskanje fotografij za \u0161olsko razstavo v sklopu &#8220;SeFFa 2018&#8221;. Za koordinacijo tiskanja \u0161olske razstave skrbi predavateljica Jasna Klan\u010di\u0161ar.<\/span><\/p>\n<p><span style=\"color: black; font-family: 'Calibri','sans-serif';\">\u0160tudentsko razstavo v sklopu &#8220;SeFFa 2018&#8221; se bo postavljalo v sredo, \u00a029. 3.,\u00a0v Multimediji in na\u00a0hodniku v prvem nadstropju. Za koordinacijo skrbita Tina Kosmos in Anja Halik. \u0160tudentske izdelke za razstavo\u00a0lahko tiskate na \u0161olskem Epson L1800, le svoj papir prinesite. Tiskalnik lahko uporabite tedaj, ko ni predavanj in se ne bo\u00a0tiskalo \u0161olske razstave. O terminu tiskanja se dogovarjata koordinatorki Tina Kosmos in Anja Halik.<\/span><\/p>\n<p><span style=\"color: black; font-family: 'Calibri','sans-serif';\">\u00a0<\/span><\/p>\n<p>&nbsp;<\/p>\n","protected":false},"excerpt":{"rendered":"<p>Pregledno \u0161olsko razstavo &#8220;Oblika &amp; Slika 2018&#8221;\u00a0v Kosovelovem domu bomo postavljali v sredo, 4. 4., med 10.00 in 19.00. Za koordinacijo postavljanja skrbi predavatelj Matej Per\u010di\u010d. V\u00a0\u010detrtek, 29. 3.,\u00a0med 13.00\u00a0in 24.00, in v torek, 3. 4.,\u00a0med 8:00 in 24:00, je u\u010dilnica LF rezervirana za pripravo in\u00a0tiskanje fotografij za \u0161olsko razstavo v sklopu &#8220;SeFFa 2018&#8221;. Za [&hellip;]<\/p>\n","protected":false},"author":2,"featured_media":0,"comment_status":"open","ping_status":"open","sticky":false,"template":"","format":"standard","meta":{"_jetpack_newsletter_access":"","_jetpack_dont_email_post_to_subs":false,"_jetpack_newsletter_tier_id":0,"_jetpack_memberships_contains_paywalled_content":false,"_jetpack_memberships_contains_paid_content":false,"footnotes":""},"categories":[13,1],"tags":[],"class_list":["post-6175","post","type-post","status-publish","format-standard","hentry","category-obvestila","category-nekategorizirano"],"aioseo_notices":[],"jetpack_featured_media_url":"","jetpack_sharing_enabled":true,"jetpack_shortlink":"https:\/\/wp.me\/p6N9ot-1BB","jetpack-related-posts":[],"_links":{"self":[{"href":"https:\/\/www.vss-sezana.si\/index.php?rest_route=\/wp\/v2\/posts\/6175","targetHints":{"allow":["GET"]}}],"collection":[{"href":"https:\/\/www.vss-sezana.si\/index.php?rest_route=\/wp\/v2\/posts"}],"about":[{"href":"https:\/\/www.vss-sezana.si\/index.php?rest_route=\/wp\/v2\/types\/post"}],"author":[{"embeddable":true,"href":"https:\/\/www.vss-sezana.si\/index.php?rest_route=\/wp\/v2\/users\/2"}],"replies":[{"embeddable":true,"href":"https:\/\/www.vss-sezana.si\/index.php?rest_route=%2Fwp%2Fv2%2Fcomments&post=6175"}],"version-history":[{"count":4,"href":"https:\/\/www.vss-sezana.si\/index.php?rest_route=\/wp\/v2\/posts\/6175\/revisions"}],"predecessor-version":[{"id":6353,"href":"https:\/\/www.vss-sezana.si\/index.php?rest_route=\/wp\/v2\/posts\/6175\/revisions\/6353"}],"wp:attachment":[{"href":"https:\/\/www.vss-sezana.si\/index.php?rest_route=%2Fwp%2Fv2%2Fmedia&parent=6175"}],"wp:term":[{"taxonomy":"category","embeddable":true,"href":"https:\/\/www.vss-sezana.si\/index.php?rest_route=%2Fwp%2Fv2%2Fcategories&post=6175"},{"taxonomy":"post_tag","embeddable":true,"href":"https:\/\/www.vss-sezana.si\/index.php?rest_route=%2Fwp%2Fv2%2Ftags&post=6175"}],"curies":[{"name":"wp","href":"https:\/\/api.w.org\/{rel}","templated":true}]}}