{"id":5885,"date":"2017-10-20T15:26:02","date_gmt":"2017-10-20T13:26:02","guid":{"rendered":"http:\/\/www.vss-sezana.si\/?p=5885"},"modified":"2017-10-20T15:26:02","modified_gmt":"2017-10-20T13:26:02","slug":"razpis-prostega-delovnega-mesta-ravnateljaravnateljice","status":"publish","type":"post","link":"https:\/\/www.vss-sezana.si\/?p=5885","title":{"rendered":"Razpis prostega delovnega mesta ravnatelja\/ravnateljice"},"content":{"rendered":"<p><strong><span style=\"color: #f05a1a;\">Svet zavoda \u0160olskega centra Sre\u010dka Kosovela Se\u017eana,<\/span><\/strong> Stjenkova 3, 6210 Se\u017eana, objavlja<\/p>\n<div class=\"entry-content\">\n<p><span style=\"color: #f05a1a;\"><strong>R A Z P I S <\/strong><strong>prostega delovnega mesta RAVNATELJA\/RAVNATELJICE\u00a0 <\/strong><strong>Gimnazije in ekonomske \u0161ole <\/strong><strong>(z mo\u017enostjo imenovanja za direktorja\/direktorico \u0160olskega centra Sre\u010dka Kosovela Se\u017eana)<\/strong><\/span><\/p>\n<p>Svet zavoda \u0160olskega centra Sre\u010dka Kosovela Se\u017eana razpisuje prosto delovno mesto za ravnatelja\/ravnateljico organizacijske enote Gimnazija in ekonomska \u0161ola (izvajamo programe: gimnazija, ekonomski tehnik in aran\u017eerski tehnik).<\/p>\n<p>Kandidati\/ke morajo za imenovanje na funkcijo ravnatelja\/ice organizacijske enote Gimnazija in ekonomska \u0161ola izpolnjevati pogoje v skladu z drugim odstavkom 53. \u010dlena in 107. a \u010dlena Zakona o organizaciji in financiranju vzgoje in izobra\u017eevanja (Uradni list RS, \u0161t. <a href=\"http:\/\/www.uradni-list.si\/1\/objava.jsp?sop=2007-01-0718\">16\/07<\/a> \u2013 uradno pre\u010di\u0161\u010deno besedilo, <a href=\"http:\/\/www.uradni-list.si\/1\/objava.jsp?sop=2008-01-1460\">36\/08<\/a>, <a href=\"http:\/\/www.uradni-list.si\/1\/objava.jsp?sop=2009-01-2871\">58\/09<\/a>, <a href=\"http:\/\/www.uradni-list.si\/1\/objava.jsp?sop=2009-21-3033\">64\/09 \u2013 popr.<\/a>, <a href=\"http:\/\/www.uradni-list.si\/1\/objava.jsp?sop=2009-21-3051\">65\/09 \u2013 popr.<\/a>, <a href=\"http:\/\/www.uradni-list.si\/1\/objava.jsp?sop=2011-01-0821\">20\/11<\/a>, <a href=\"http:\/\/www.uradni-list.si\/1\/objava.jsp?sop=2012-01-1700\">40\/12<\/a> \u2013 ZUJF, <a href=\"http:\/\/www.uradni-list.si\/1\/objava.jsp?sop=2012-01-2410\">57\/12<\/a> \u2013 ZPCP-2D, <a href=\"http:\/\/www.uradni-list.si\/1\/objava.jsp?sop=2015-01-1934\">47\/15<\/a>, <a href=\"http:\/\/www.uradni-list.si\/1\/objava.jsp?sop=2016-01-1999\">46\/16<\/a>, <a href=\"http:\/\/www.uradni-list.si\/1\/objava.jsp?sop=2016-21-2169\">49\/16 \u2013 popr.<\/a> in <a href=\"http:\/\/www.uradni-list.si\/1\/objava.jsp?sop=2017-01-1324\">25\/17<\/a> \u2013 ZVaj) in sicer:<\/p>\n<ul>\n<li>ima najmanj izobrazbo, pridobljeno po \u0161tudijskih programih za pridobitev izobrazbe druge stopnje, oziroma raven izobrazbe, pridobljeno po \u0161tudijskih programih, ki v skladu z zakonom ustreza izobrazbi druge stopnje,<\/li>\n<li>izpolnjuje druge pogoje za u\u010ditelja ali za svetovalnega delavca na \u0161oli, na kateri bo opravljal funkcijo ravnatelja,<\/li>\n<li>ima najmanj 5 let delovnih izku\u0161enj v vzgoji in izobra\u017eevanju,<\/li>\n<li>ima naziv svetnik ali svetovalec oziroma najmanj 5 let naziv mentor in<\/li>\n<li>ima opravljen ravnateljski izpit.<\/li>\n<\/ul>\n<p>Kandidati\/ke morajo imeti pedago\u0161ke, vodstvene, organizacijske in druge sposobnosti za uspe\u0161no vodenje organizacijske enote Gimnazija in ekonomska \u0161ola.<\/p>\n<p>Izbrani kandidat\/ka bo imenovan za dobo 5 let. Za \u010das mandata bo z njim\/njo sklenjena pogodba o zaposlitvi na delovnem mestu ravnatelja za polni delovni \u010das. Predvideni za\u010detek dela 20. 2. 2018.<\/p>\n<p>Kandidati\/ke pri prijavi prilo\u017eijo naslednja dokazila o izpolnjevanju zahtevanih pogojev:<\/p>\n<ul>\n<li>potrdilo o izobrazbi,<\/li>\n<li>potrdilo o nazivu,<\/li>\n<li>potrdilo o opravljenem strokovnem izpitu,<\/li>\n<li>potrdilo o opravljenem ravnateljskem izpitu,<\/li>\n<li>dokazilo o delovnih izku\u0161njah v vzgoji in izobra\u00ad\u017eevanju,<\/li>\n<li>potrdilo o nekaznovanosti Ministrstva za pravosodje iz kazenske evidence (da kandidat\/ka ni bil\/a pravnomo\u010dno obsojen\/a zaradi naklepnega kaznivega dejanja, ki se preganja po uradni dol\u017enosti, na nepogojno kazen zapora v trajanju ve\u010d kot \u0161est mesecev; ter ni bil\/a pravnomo\u010dno obsojen\/a zaradi kaznivega dejanja zoper spolno nedotakljivost), ki ob oddaji vloge ne sme biti\u00a0 starej\u0161e od 30 dni,<\/li>\n<li>potrdilo sodi\u0161\u010da, da kandi\u00addat\/ka ni v kazenskem postopku zaradi kaznivih dejanj iz prej\u0161nje to\u010dke, ki ob oddaji vloge ne sme biti starej\u0161e od 30 dni.<\/li>\n<\/ul>\n<p>Kandidati\/ke morajo v skladu z 58. \u010dlenom ZOFVI k prijavi prilo\u017eiti vizijo in program vodenja organizacijske enote Gimnazija in ekonomska \u0161ola ter vizijo in program vodenja \u0160olskega centra Sre\u010dka Kosovela Se\u017eana za mandatno obdobje, lahko pa prilo\u017eijo tudi kratek \u017eivljenjepis.<\/p>\n<p>Pisne prijave z vsemi zahtevanimi dokazili in prilogami po\u0161ljite v zaprti ovojnici z oznako \u201cPrijava na razpis za ravnatelja\/ico \u2013 NE ODPIRAJ\u201d v roku 8 dni od objave razpisa na naslov <strong><span style=\"color: #f05a1a;\">Svet zavoda, \u0160olski center Sre\u010dka Kosovela Se\u017eana, Stjenkova 3, 6210 Se\u017eana.<\/span><\/strong><\/p>\n<p>Kandidati\/-ke naj v prijavi navedejo svoj elektronski naslov za sprejemanje obvestil v \u010dasu razpisnega postopka.<\/p>\n<p>Kandidati\/tke bodo obve\u0161\u010deni o izboru v zakonitem roku. Prijava bo pravo\u010dasna, \u010de bo oddana po po\u0161ti s priporo\u010deno po\u0161iljko najkasneje zadnji dan roka.<\/p>\n<\/div>\n","protected":false},"excerpt":{"rendered":"<p>Svet zavoda \u0160olskega centra Sre\u010dka Kosovela Se\u017eana, Stjenkova 3, 6210 Se\u017eana, objavlja R A Z P I S prostega delovnega mesta RAVNATELJA\/RAVNATELJICE\u00a0 Gimnazije in ekonomske \u0161ole (z mo\u017enostjo imenovanja za direktorja\/direktorico \u0160olskega centra Sre\u010dka Kosovela Se\u017eana) Svet zavoda \u0160olskega centra Sre\u010dka Kosovela Se\u017eana razpisuje prosto delovno mesto za ravnatelja\/ravnateljico organizacijske enote Gimnazija in ekonomska \u0161ola [&hellip;]<\/p>\n","protected":false},"author":2,"featured_media":0,"comment_status":"open","ping_status":"open","sticky":false,"template":"","format":"standard","meta":{"_jetpack_newsletter_access":"","_jetpack_dont_email_post_to_subs":false,"_jetpack_newsletter_tier_id":0,"_jetpack_memberships_contains_paywalled_content":false,"_jetpack_memberships_contains_paid_content":false,"footnotes":""},"categories":[1],"tags":[],"class_list":["post-5885","post","type-post","status-publish","format-standard","hentry","category-nekategorizirano"],"aioseo_notices":[],"jetpack_featured_media_url":"","jetpack_sharing_enabled":true,"jetpack_shortlink":"https:\/\/wp.me\/p6N9ot-1wV","jetpack-related-posts":[],"_links":{"self":[{"href":"https:\/\/www.vss-sezana.si\/index.php?rest_route=\/wp\/v2\/posts\/5885","targetHints":{"allow":["GET"]}}],"collection":[{"href":"https:\/\/www.vss-sezana.si\/index.php?rest_route=\/wp\/v2\/posts"}],"about":[{"href":"https:\/\/www.vss-sezana.si\/index.php?rest_route=\/wp\/v2\/types\/post"}],"author":[{"embeddable":true,"href":"https:\/\/www.vss-sezana.si\/index.php?rest_route=\/wp\/v2\/users\/2"}],"replies":[{"embeddable":true,"href":"https:\/\/www.vss-sezana.si\/index.php?rest_route=%2Fwp%2Fv2%2Fcomments&post=5885"}],"version-history":[{"count":2,"href":"https:\/\/www.vss-sezana.si\/index.php?rest_route=\/wp\/v2\/posts\/5885\/revisions"}],"predecessor-version":[{"id":5887,"href":"https:\/\/www.vss-sezana.si\/index.php?rest_route=\/wp\/v2\/posts\/5885\/revisions\/5887"}],"wp:attachment":[{"href":"https:\/\/www.vss-sezana.si\/index.php?rest_route=%2Fwp%2Fv2%2Fmedia&parent=5885"}],"wp:term":[{"taxonomy":"category","embeddable":true,"href":"https:\/\/www.vss-sezana.si\/index.php?rest_route=%2Fwp%2Fv2%2Fcategories&post=5885"},{"taxonomy":"post_tag","embeddable":true,"href":"https:\/\/www.vss-sezana.si\/index.php?rest_route=%2Fwp%2Fv2%2Ftags&post=5885"}],"curies":[{"name":"wp","href":"https:\/\/api.w.org\/{rel}","templated":true}]}}