{"id":5863,"date":"2017-10-16T15:13:29","date_gmt":"2017-10-16T13:13:29","guid":{"rendered":"http:\/\/www.vss-sezana.si\/?p=5863"},"modified":"2017-10-16T15:51:48","modified_gmt":"2017-10-16T13:51:48","slug":"fot-1-in-fot-2-ekskurzija-in-odprtje-razstave-v-ljubljani","status":"publish","type":"post","link":"https:\/\/www.vss-sezana.si\/?p=5863","title":{"rendered":"FOT 1 in FOT 2 \u2013 OPF, OBF in ATF: Ekskurzija in odprtje razstave v Ljubljani"},"content":{"rendered":"<p>V sredo, 18. 10. 2017, bomo ustvarjalni dan namesto v Se\u017eani koristno pre\u017eiveli v Ljubljani.<\/p>\n<p>Ob 9:30 se bomo zbrali na za\u010detku\u00a0Jakopi\u010devega sprehajali\u0161\u010da v Tivoliju v Ljubljani. \u010ce se boste pripeljali z avtom, priporo\u010dam parkiranje na levem parkiri\u0161u v Tivoliju \u2013 uvoz iz Celov\u0161ke ceste. Prvi\u00a0dve uri\u00a0parkiranja sta 0,60 \u20ac, vsaka naslednja ura 0,60. Tu si bomo ogledali razstavo na prostem <strong><em>Ljubljana, mesto s Ple\u010dnikovim podpisom<\/em><\/strong>, na\u0161ega nekdanjega predavatelja in ob\u010dasnega sodelavca Matev\u017ea Paternostra. Ve\u010d na:\u00a0<a href=\"https:\/\/www.visitljubljana.com\/sl\/obiskovalci\/prireditve\/ljubljana-mesto-s-plecnikovim-podpisom\">https:\/\/www.visitljubljana.com\/sl\/obiskovalci\/prireditve\/ljubljana-mesto-s-plecnikovim-podpisom<\/a>\/<\/p>\n<p>Nadaljevali bomo\u00a0v Mali galeriji Cankarjevega doma, kjer si bomo ob 10:45 ogledali razstavo\u00a0Dejana Mijovi\u0107a\u00a0<em><strong>Peti letni \u010das<\/strong><\/em> : <a href=\"https:\/\/www.cd-cc.si\/sl\/kultura\/razstave\/peti-letni-cas\">https:\/\/www.cd-cc.si\/sl\/kultura\/razstave\/peti-letni-cas<\/a><\/p>\n<p>Malica od 11:30 do 12:00.<\/p>\n<p>Najbolj slovesen dogodek pa bo ob 12. uri, ko se bomo udele\u017eili\u00a0spremljevalnega dogodka ob razstavi fotografskih del na\u0161ih \u0161tudentov\u00a0<em><strong>Niti Vilenice<\/strong><\/em> v <em><strong>NLB galeriji Avla<\/strong><\/em>. Udele\u017eba je obvezna! Ve\u010d na: <a href=\"https:\/\/www.nlb.si\/niti-vilenice\">https:\/\/www.nlb.si\/niti-vilenice<\/a><\/p>\n<p>Doc. Jasna Klan\u010di\u0161ar<\/p>\n","protected":false},"excerpt":{"rendered":"<p>V sredo, 18. 10. 2017, bomo ustvarjalni dan namesto v Se\u017eani koristno pre\u017eiveli v Ljubljani. Ob 9:30 se bomo zbrali na za\u010detku\u00a0Jakopi\u010devega sprehajali\u0161\u010da v Tivoliju v Ljubljani. \u010ce se boste pripeljali z avtom, priporo\u010dam parkiranje na levem parkiri\u0161u v Tivoliju \u2013 uvoz iz Celov\u0161ke ceste. Prvi\u00a0dve uri\u00a0parkiranja sta 0,60 \u20ac, vsaka naslednja ura 0,60. Tu [&hellip;]<\/p>\n","protected":false},"author":2,"featured_media":0,"comment_status":"open","ping_status":"open","sticky":false,"template":"","format":"standard","meta":{"_jetpack_newsletter_access":"","_jetpack_dont_email_post_to_subs":false,"_jetpack_newsletter_tier_id":0,"_jetpack_memberships_contains_paywalled_content":false,"_jetpack_memberships_contains_paid_content":false,"footnotes":""},"categories":[1],"tags":[],"class_list":["post-5863","post","type-post","status-publish","format-standard","hentry","category-nekategorizirano"],"aioseo_notices":[],"jetpack_featured_media_url":"","jetpack_sharing_enabled":true,"jetpack_shortlink":"https:\/\/wp.me\/p6N9ot-1wz","jetpack-related-posts":[],"_links":{"self":[{"href":"https:\/\/www.vss-sezana.si\/index.php?rest_route=\/wp\/v2\/posts\/5863","targetHints":{"allow":["GET"]}}],"collection":[{"href":"https:\/\/www.vss-sezana.si\/index.php?rest_route=\/wp\/v2\/posts"}],"about":[{"href":"https:\/\/www.vss-sezana.si\/index.php?rest_route=\/wp\/v2\/types\/post"}],"author":[{"embeddable":true,"href":"https:\/\/www.vss-sezana.si\/index.php?rest_route=\/wp\/v2\/users\/2"}],"replies":[{"embeddable":true,"href":"https:\/\/www.vss-sezana.si\/index.php?rest_route=%2Fwp%2Fv2%2Fcomments&post=5863"}],"version-history":[{"count":3,"href":"https:\/\/www.vss-sezana.si\/index.php?rest_route=\/wp\/v2\/posts\/5863\/revisions"}],"predecessor-version":[{"id":5865,"href":"https:\/\/www.vss-sezana.si\/index.php?rest_route=\/wp\/v2\/posts\/5863\/revisions\/5865"}],"wp:attachment":[{"href":"https:\/\/www.vss-sezana.si\/index.php?rest_route=%2Fwp%2Fv2%2Fmedia&parent=5863"}],"wp:term":[{"taxonomy":"category","embeddable":true,"href":"https:\/\/www.vss-sezana.si\/index.php?rest_route=%2Fwp%2Fv2%2Fcategories&post=5863"},{"taxonomy":"post_tag","embeddable":true,"href":"https:\/\/www.vss-sezana.si\/index.php?rest_route=%2Fwp%2Fv2%2Ftags&post=5863"}],"curies":[{"name":"wp","href":"https:\/\/api.w.org\/{rel}","templated":true}]}}