{"id":5425,"date":"2016-12-12T14:30:12","date_gmt":"2016-12-12T13:30:12","guid":{"rendered":"http:\/\/www.vss-sezana.si\/?p=5425"},"modified":"2016-12-12T14:30:12","modified_gmt":"2016-12-12T13:30:12","slug":"razstava-rebeke-bernetic-objektiv-rdecih-zor-festival-rdece-zore-v-letih-2013-2016","status":"publish","type":"post","link":"https:\/\/www.vss-sezana.si\/?p=5425","title":{"rendered":"Razstava REBEKE BERNETI\u010c \u201cObjektiv Rde\u010dih zor \u2013 festival Rde\u010de zore v letih 2013\u20132016\u201d"},"content":{"rendered":"<p>Odprtje razstave<strong> \u201cObjektiv Rde\u010dih zor \u2013 festival Rde\u010de zore v letih 2013\u20132016\u201d <\/strong>diplomantke VS\u0160 Se\u017eana <em><strong>Rebeke Berneti\u010d<\/strong> <\/em>bo v sredo, 14. decembra 2016, ob 19.00, v <strong>galeriji \u010crni kot<\/strong> v <strong>Kosovelovem domu Se\u017eana<\/strong>.<br \/>\nVljudno vabljeni!<\/p>\n<div class=\"text_exposed_show\">\n<p>Razstava bo na ogled do 5. januarja 2017. Vstop je prost.<\/p>\n<\/div>\n<p class=\"m-1537974638724873034m-4441050212235040819gmail-p1\"><img data-recalc-dims=\"1\" loading=\"lazy\" decoding=\"async\" data-attachment-id=\"5426\" data-permalink=\"https:\/\/www.vss-sezana.si\/?attachment_id=5426\" data-orig-file=\"https:\/\/i0.wp.com\/www.vss-sezana.si\/wp-content\/uploads\/2016\/12\/MG_9345.jpg?fit=2362%2C1575&amp;ssl=1\" data-orig-size=\"2362,1575\" data-comments-opened=\"1\" data-image-meta=\"{&quot;aperture&quot;:&quot;2.8&quot;,&quot;credit&quot;:&quot;Rebeka Bernetic&quot;,&quot;camera&quot;:&quot;Canon EOS 6D&quot;,&quot;caption&quot;:&quot;&quot;,&quot;created_timestamp&quot;:&quot;1425592139&quot;,&quot;copyright&quot;:&quot;Rebeka Bernetic&quot;,&quot;focal_length&quot;:&quot;24&quot;,&quot;iso&quot;:&quot;10000&quot;,&quot;shutter_speed&quot;:&quot;0.025&quot;,&quot;title&quot;:&quot;&quot;,&quot;orientation&quot;:&quot;1&quot;}\" data-image-title=\"_MG_9345\" data-image-description=\"\" data-image-caption=\"\" data-large-file=\"https:\/\/i0.wp.com\/www.vss-sezana.si\/wp-content\/uploads\/2016\/12\/MG_9345.jpg?fit=1030%2C687&amp;ssl=1\" class=\"alignnone  wp-image-5426\" src=\"https:\/\/i0.wp.com\/www.vss-sezana.si\/wp-content\/uploads\/2016\/12\/MG_9345.jpg?resize=601%2C400&#038;ssl=1\" alt=\"_MG_9345\" width=\"601\" height=\"400\" srcset=\"https:\/\/i0.wp.com\/www.vss-sezana.si\/wp-content\/uploads\/2016\/12\/MG_9345.jpg?resize=300%2C200&amp;ssl=1 300w, https:\/\/i0.wp.com\/www.vss-sezana.si\/wp-content\/uploads\/2016\/12\/MG_9345.jpg?resize=768%2C512&amp;ssl=1 768w, https:\/\/i0.wp.com\/www.vss-sezana.si\/wp-content\/uploads\/2016\/12\/MG_9345.jpg?resize=1030%2C687&amp;ssl=1 1030w, https:\/\/i0.wp.com\/www.vss-sezana.si\/wp-content\/uploads\/2016\/12\/MG_9345.jpg?resize=1500%2C1000&amp;ssl=1 1500w, https:\/\/i0.wp.com\/www.vss-sezana.si\/wp-content\/uploads\/2016\/12\/MG_9345.jpg?resize=705%2C470&amp;ssl=1 705w, https:\/\/i0.wp.com\/www.vss-sezana.si\/wp-content\/uploads\/2016\/12\/MG_9345.jpg?resize=450%2C300&amp;ssl=1 450w\" sizes=\"auto, (max-width: 601px) 100vw, 601px\" \/> <img data-recalc-dims=\"1\" loading=\"lazy\" decoding=\"async\" data-attachment-id=\"5427\" data-permalink=\"https:\/\/www.vss-sezana.si\/?attachment_id=5427\" data-orig-file=\"https:\/\/i0.wp.com\/www.vss-sezana.si\/wp-content\/uploads\/2016\/12\/MG_9544.jpg?fit=2362%2C1575&amp;ssl=1\" data-orig-size=\"2362,1575\" data-comments-opened=\"1\" data-image-meta=\"{&quot;aperture&quot;:&quot;2.8&quot;,&quot;credit&quot;:&quot;Rebeka Bernetic&quot;,&quot;camera&quot;:&quot;Canon EOS 6D&quot;,&quot;caption&quot;:&quot;&quot;,&quot;created_timestamp&quot;:&quot;1425596112&quot;,&quot;copyright&quot;:&quot;Rebeka Bernetic&quot;,&quot;focal_length&quot;:&quot;65&quot;,&quot;iso&quot;:&quot;25600&quot;,&quot;shutter_speed&quot;:&quot;0.0125&quot;,&quot;title&quot;:&quot;&quot;,&quot;orientation&quot;:&quot;1&quot;}\" data-image-title=\"_MG_9544\" data-image-description=\"\" data-image-caption=\"\" data-large-file=\"https:\/\/i0.wp.com\/www.vss-sezana.si\/wp-content\/uploads\/2016\/12\/MG_9544.jpg?fit=1030%2C687&amp;ssl=1\" class=\"alignnone  wp-image-5427\" src=\"https:\/\/i0.wp.com\/www.vss-sezana.si\/wp-content\/uploads\/2016\/12\/MG_9544.jpg?resize=601%2C400&#038;ssl=1\" alt=\"_MG_9544\" width=\"601\" height=\"400\" srcset=\"https:\/\/i0.wp.com\/www.vss-sezana.si\/wp-content\/uploads\/2016\/12\/MG_9544.jpg?resize=300%2C200&amp;ssl=1 300w, https:\/\/i0.wp.com\/www.vss-sezana.si\/wp-content\/uploads\/2016\/12\/MG_9544.jpg?resize=768%2C512&amp;ssl=1 768w, https:\/\/i0.wp.com\/www.vss-sezana.si\/wp-content\/uploads\/2016\/12\/MG_9544.jpg?resize=1030%2C687&amp;ssl=1 1030w, https:\/\/i0.wp.com\/www.vss-sezana.si\/wp-content\/uploads\/2016\/12\/MG_9544.jpg?resize=1500%2C1000&amp;ssl=1 1500w, https:\/\/i0.wp.com\/www.vss-sezana.si\/wp-content\/uploads\/2016\/12\/MG_9544.jpg?resize=705%2C470&amp;ssl=1 705w, https:\/\/i0.wp.com\/www.vss-sezana.si\/wp-content\/uploads\/2016\/12\/MG_9544.jpg?resize=450%2C300&amp;ssl=1 450w\" sizes=\"auto, (max-width: 601px) 100vw, 601px\" \/><\/p>\n<p class=\"m-1537974638724873034m-4441050212235040819gmail-p1\"><span class=\"m-1537974638724873034m-4441050212235040819gmail-s1\">Rebeka Berneti\u010d je od leta 2013 glavna dokumentarna fotografinja mednarodnega feministi\u010dnega in kvirovskega festivala Rde\u010de zore, in je prav njeno dolgotrajno fotografsko sodelovanje izbrala kakor razstavni projekt za Galerijo Alkatraz v Ljubljani ter diplomsko delo za Vi\u0161jo Strokovno \u0160olo v Se\u017eani.\u00a0<\/span><\/p>\n<p class=\"m-1537974638724873034m-4441050212235040819gmail-p1\"><span class=\"m-1537974638724873034m-4441050212235040819gmail-s1\">\u017de naslov pove, da vsebuje prikaz dogodkov s festivala, ujetih v objektiv fotografskega aparata. S selekcijo fotografij je prikazala trud prostovoljk_cev kolektiva Rde\u010de zore, dala poudarek na najbolj simbolne dogodke festivala, zanimive nastope, predavanja, na trenutke skupne anga\u017eiranosti, dru\u017eenja, deljenja idej in konfrontacij; podobe, ki so obiskovalkam_cem festivala pogosto skrite, prav tako kot je o\u010dem obiskovalk_cev nevidno obse\u017eno organizacijsko delo ekipe, katerega del je od leta 2013 tudi sama.\u00a0<\/span><\/p>\n<p class=\"m-1537974638724873034m-4441050212235040819gmail-p1\"><span class=\"m-1537974638724873034m-4441050212235040819gmail-s1\"><i>(Odlomek iz najave kuratorke Ane Grobler)\u00a0<\/i><\/span><\/p>\n","protected":false},"excerpt":{"rendered":"<p>Odprtje razstave \u201cObjektiv Rde\u010dih zor \u2013 festival Rde\u010de zore v letih 2013\u20132016\u201d diplomantke VS\u0160 Se\u017eana Rebeke Berneti\u010d bo v sredo, 14. decembra 2016, ob 19.00, v galeriji \u010crni kot v Kosovelovem domu Se\u017eana. Vljudno vabljeni! Razstava bo na ogled do 5. januarja 2017. Vstop je prost. Rebeka Berneti\u010d je od leta 2013 glavna dokumentarna fotografinja [&hellip;]<\/p>\n","protected":false},"author":2,"featured_media":0,"comment_status":"open","ping_status":"open","sticky":false,"template":"","format":"standard","meta":{"_jetpack_newsletter_access":"","_jetpack_dont_email_post_to_subs":false,"_jetpack_newsletter_tier_id":0,"_jetpack_memberships_contains_paywalled_content":false,"_jetpack_memberships_contains_paid_content":false,"footnotes":""},"categories":[1],"tags":[],"class_list":["post-5425","post","type-post","status-publish","format-standard","hentry","category-nekategorizirano"],"aioseo_notices":[],"jetpack_featured_media_url":"","jetpack_sharing_enabled":true,"jetpack_shortlink":"https:\/\/wp.me\/p6N9ot-1pv","jetpack-related-posts":[],"_links":{"self":[{"href":"https:\/\/www.vss-sezana.si\/index.php?rest_route=\/wp\/v2\/posts\/5425","targetHints":{"allow":["GET"]}}],"collection":[{"href":"https:\/\/www.vss-sezana.si\/index.php?rest_route=\/wp\/v2\/posts"}],"about":[{"href":"https:\/\/www.vss-sezana.si\/index.php?rest_route=\/wp\/v2\/types\/post"}],"author":[{"embeddable":true,"href":"https:\/\/www.vss-sezana.si\/index.php?rest_route=\/wp\/v2\/users\/2"}],"replies":[{"embeddable":true,"href":"https:\/\/www.vss-sezana.si\/index.php?rest_route=%2Fwp%2Fv2%2Fcomments&post=5425"}],"version-history":[{"count":4,"href":"https:\/\/www.vss-sezana.si\/index.php?rest_route=\/wp\/v2\/posts\/5425\/revisions"}],"predecessor-version":[{"id":5431,"href":"https:\/\/www.vss-sezana.si\/index.php?rest_route=\/wp\/v2\/posts\/5425\/revisions\/5431"}],"wp:attachment":[{"href":"https:\/\/www.vss-sezana.si\/index.php?rest_route=%2Fwp%2Fv2%2Fmedia&parent=5425"}],"wp:term":[{"taxonomy":"category","embeddable":true,"href":"https:\/\/www.vss-sezana.si\/index.php?rest_route=%2Fwp%2Fv2%2Fcategories&post=5425"},{"taxonomy":"post_tag","embeddable":true,"href":"https:\/\/www.vss-sezana.si\/index.php?rest_route=%2Fwp%2Fv2%2Ftags&post=5425"}],"curies":[{"name":"wp","href":"https:\/\/api.w.org\/{rel}","templated":true}]}}