{"id":5332,"date":"2016-10-20T09:26:41","date_gmt":"2016-10-20T07:26:41","guid":{"rendered":"http:\/\/www.vss-sezana.si\/?p=5332"},"modified":"2018-09-05T11:08:20","modified_gmt":"2018-09-05T09:08:20","slug":"fot1-strokovna-ekskurzija-1-letnik-temelji-fotografije-in-oblikovanje-fotografije","status":"publish","type":"post","link":"https:\/\/www.vss-sezana.si\/?p=5332","title":{"rendered":"FOT1 &#8211; Strokovna ekskurzija 1. letnik Temelji fotografije in Oblikovanje fotografije"},"content":{"rendered":"<p><span style=\"font-family: Calibri;\">V soboto 22. 10. 2016, bomo v sklopu vaj in predavanj pri predmetu TEF in OBF obiskali sejem fotografije in si ogledali fotografsko razstavo Pulitzerjevega nagrajenca Srdjana \u017divulovi\u0107a. Udele\u017eba je obvezna, saj predavanja in vaje v petek odpadejo.<\/span><\/p>\n<p><span style=\"font-family: Calibri;\">Dobimo se ob 10:00 pred galerijo As v Ljubljani. Prosim, bodite to\u010dni, saj bodo galerijo odprli izklju\u010dno za nas. Po ogledu razstave se odpravimo na Dan fotografije, ki se bo odvijal na Gospodarskem razstavi\u0161\u010du blizu galerije. Vstopnine ni, je pa obvezna prijava na Dan fotografije. Prijavnico izpolnite na njihovi spletni strani: <\/span><a href=\"http:\/\/danfotografije.si\/\"><span style=\"color: #0000ff; font-family: Calibri;\">http:\/\/danfotografije.si<\/span><\/a><\/p>\n<p><span style=\"font-family: Calibri;\">Poleg tehni\u010dne opreme bodo na sejmu potekala tudi razna predavanja. Udele\u017eili bi se ob 13:00 predavanje Marka Koro\u0161ca: Ekstremna narava-nevarna, a zelo fotogeni\u010dna. Prav tako je potrebna prijava: <\/span><a href=\"http:\/\/danfotografije.si\/marko-korosec-ekstremna-narava-nevarna-a-zelo-fotogenicna\/\"><span style=\"color: #0000ff; font-family: Calibri;\">http:\/\/danfotografije.si\/marko-korosec-ekstremna-narava-nevarna-a-zelo-fotogenicna\/<\/span><\/a><span style=\"font-family: Calibri;\"> Ekskurzija se predvidoma zaklju\u010di ob 14:00<\/span><\/p>\n<p><span style=\"font-family: Calibri;\">\u00a0<\/span><\/p>\n<p><span style=\"font-family: Calibri;\">Zborno mesto je ob 10:00 pred galerijo AS na Dunajski cesti 63 v Ljubljani. \u010ce se boste peljali z mestnim avtobusom, izstopite na postaji Astra.<\/span><\/p>\n<p>&nbsp;<\/p>\n","protected":false},"excerpt":{"rendered":"<p>V soboto 22. 10. 2016, bomo v sklopu vaj in predavanj pri predmetu TEF in OBF obiskali sejem fotografije in si ogledali fotografsko razstavo Pulitzerjevega nagrajenca Srdjana \u017divulovi\u0107a. Udele\u017eba je obvezna, saj predavanja in vaje v petek odpadejo. Dobimo se ob 10:00 pred galerijo As v Ljubljani. Prosim, bodite to\u010dni, saj bodo galerijo odprli izklju\u010dno [&hellip;]<\/p>\n","protected":false},"author":11,"featured_media":0,"comment_status":"open","ping_status":"open","sticky":false,"template":"","format":"standard","meta":{"_jetpack_newsletter_access":"","_jetpack_dont_email_post_to_subs":false,"_jetpack_newsletter_tier_id":0,"_jetpack_memberships_contains_paywalled_content":false,"_jetpack_memberships_contains_paid_content":false,"footnotes":""},"categories":[1],"tags":[],"class_list":["post-5332","post","type-post","status-publish","format-standard","hentry","category-nekategorizirano"],"aioseo_notices":[],"jetpack_featured_media_url":"","jetpack_sharing_enabled":true,"jetpack_shortlink":"https:\/\/wp.me\/p6N9ot-1o0","jetpack-related-posts":[],"_links":{"self":[{"href":"https:\/\/www.vss-sezana.si\/index.php?rest_route=\/wp\/v2\/posts\/5332","targetHints":{"allow":["GET"]}}],"collection":[{"href":"https:\/\/www.vss-sezana.si\/index.php?rest_route=\/wp\/v2\/posts"}],"about":[{"href":"https:\/\/www.vss-sezana.si\/index.php?rest_route=\/wp\/v2\/types\/post"}],"author":[{"embeddable":true,"href":"https:\/\/www.vss-sezana.si\/index.php?rest_route=\/wp\/v2\/users\/11"}],"replies":[{"embeddable":true,"href":"https:\/\/www.vss-sezana.si\/index.php?rest_route=%2Fwp%2Fv2%2Fcomments&post=5332"}],"version-history":[{"count":1,"href":"https:\/\/www.vss-sezana.si\/index.php?rest_route=\/wp\/v2\/posts\/5332\/revisions"}],"predecessor-version":[{"id":6712,"href":"https:\/\/www.vss-sezana.si\/index.php?rest_route=\/wp\/v2\/posts\/5332\/revisions\/6712"}],"wp:attachment":[{"href":"https:\/\/www.vss-sezana.si\/index.php?rest_route=%2Fwp%2Fv2%2Fmedia&parent=5332"}],"wp:term":[{"taxonomy":"category","embeddable":true,"href":"https:\/\/www.vss-sezana.si\/index.php?rest_route=%2Fwp%2Fv2%2Fcategories&post=5332"},{"taxonomy":"post_tag","embeddable":true,"href":"https:\/\/www.vss-sezana.si\/index.php?rest_route=%2Fwp%2Fv2%2Ftags&post=5332"}],"curies":[{"name":"wp","href":"https:\/\/api.w.org\/{rel}","templated":true}]}}