{"id":4305,"date":"2015-06-23T17:22:54","date_gmt":"2015-06-23T15:22:54","guid":{"rendered":"http:\/\/www.vss-sezana.si\/?p=4305"},"modified":"2015-06-29T12:52:57","modified_gmt":"2015-06-29T10:52:57","slug":"vesele-novice-iz-pliskovice-s-festivala-kamna-2015","status":"publish","type":"post","link":"https:\/\/www.vss-sezana.si\/?p=4305","title":{"rendered":"Vesele novice iz Pliskovice, s Festivala kamna 2015"},"content":{"rendered":"<p><em><strong>Izbirno tekmovanje mladih v poklicnih spretnostih SloveniaSkills 2015, FESTIVAL KAMNA 2015 v Pliskovici, kamnose\u0161tvo in oblikovanje kamna.<\/strong><\/em><\/p>\n<p>Med 19. in 21. junijem 2015 se je v Pliskovici odvijalo izbirno tekmovanje mladih v poklicnih spretnostih za podro\u010dje KAMNOSE\u0160TVA. Nastopalo je \u0161est tekmovalcev, trije z zaklju\u010denim kamnose\u0161kim programom na SGGO\u0160 Ljubljana in trije iz Vi\u0161je strokovne \u0161ole Se\u017eana: <strong>\u0160pela \u0160edivy<\/strong>, diplomantka na\u0161e \u0161ole in edino dekle na tekmovanju, <strong>Tilen Megli\u010d<\/strong>, \u0161tudent drugega letnika oblikovanja materialov, in <strong>Rok Verstov\u0161ek Tan\u0161ek<\/strong>, \u0161tudent drugega letnika oblikovanja materialov. Namen izbirnega tekmovanja je izbira treh najbolj\u0161e ocenjenih tekmovalcev, kateri se bodo med seboj pomerili na dr\u017eavnem tekmovanju v poklicnih spretnostih za podro\u010dje kamnose\u0161tva <strong>SloveniaSkills, olimpijada poklicev<\/strong>, januarja 2016 v Ljubljani. Zmagovalec tega tekmovanja se bo uvrstil na tekmovanje<strong> Euroskills<\/strong>, ki bo potekalo oktobra 2016 v Gothenburgu na \u0160vedskem.<\/p>\n<p>Na dr\u017eavno tekmovanje sta se uvrstila tudi na\u0161a \u0161tudenta: <strong>Tilen Megli\u010d,<\/strong> ki je dosegel drugo mesto, in <strong>Rok Verstov\u0161ek Tan\u0161ek<\/strong>, ki je dosegel tretje mesto. Obema \u010destitamo za velik uspeh in se veselimo skupaj z njima. Na predizboru je zmagal <strong>Dejan Bali\u0107<\/strong>, ki mu za dose\u017een uspeh iskreno \u010destitamo.<\/p>\n<p>Odli\u010dno se je odrezala (izklesala) tudi <strong>\u0160pela \u0160edivy<\/strong>, ki je zasedla \u010detrto mesto.<\/p>\n<p>Damjan \u0160vara<\/p>\n<p>&nbsp;<\/p>\n<p><a href=\"https:\/\/i0.wp.com\/www.vss-sezana.si\/wp-content\/uploads\/2015\/06\/Festivalkamna_podelitevpriznanj_18.jpg?ssl=1\"><img data-recalc-dims=\"1\" loading=\"lazy\" decoding=\"async\" data-attachment-id=\"4306\" data-permalink=\"https:\/\/www.vss-sezana.si\/?attachment_id=4306\" data-orig-file=\"https:\/\/i0.wp.com\/www.vss-sezana.si\/wp-content\/uploads\/2015\/06\/Festivalkamna_podelitevpriznanj_18.jpg?fit=5616%2C3744&amp;ssl=1\" data-orig-size=\"5616,3744\" data-comments-opened=\"1\" data-image-meta=\"{&quot;aperture&quot;:&quot;4&quot;,&quot;credit&quot;:&quot;&quot;,&quot;camera&quot;:&quot;Canon EOS 5D Mark II&quot;,&quot;caption&quot;:&quot;&quot;,&quot;created_timestamp&quot;:&quot;1434914034&quot;,&quot;copyright&quot;:&quot;&quot;,&quot;focal_length&quot;:&quot;24&quot;,&quot;iso&quot;:&quot;1250&quot;,&quot;shutter_speed&quot;:&quot;0.008&quot;,&quot;title&quot;:&quot;&quot;,&quot;orientation&quot;:&quot;0&quot;}\" data-image-title=\"Festivalkamna_podelitevpriznanj_18\" data-image-description=\"\" data-image-caption=\"\" data-large-file=\"https:\/\/i0.wp.com\/www.vss-sezana.si\/wp-content\/uploads\/2015\/06\/Festivalkamna_podelitevpriznanj_18.jpg?fit=1030%2C687&amp;ssl=1\" class=\"alignnone size-medium wp-image-4306\" src=\"https:\/\/i0.wp.com\/www.vss-sezana.si\/wp-content\/uploads\/2015\/06\/Festivalkamna_podelitevpriznanj_18.jpg?resize=300%2C200&#038;ssl=1\" alt=\"Festivalkamna_podelitevpriznanj_18\" width=\"300\" height=\"200\" srcset=\"https:\/\/i0.wp.com\/www.vss-sezana.si\/wp-content\/uploads\/2015\/06\/Festivalkamna_podelitevpriznanj_18.jpg?resize=300%2C200&amp;ssl=1 300w, https:\/\/i0.wp.com\/www.vss-sezana.si\/wp-content\/uploads\/2015\/06\/Festivalkamna_podelitevpriznanj_18.jpg?resize=1030%2C687&amp;ssl=1 1030w, https:\/\/i0.wp.com\/www.vss-sezana.si\/wp-content\/uploads\/2015\/06\/Festivalkamna_podelitevpriznanj_18.jpg?resize=1500%2C1000&amp;ssl=1 1500w, https:\/\/i0.wp.com\/www.vss-sezana.si\/wp-content\/uploads\/2015\/06\/Festivalkamna_podelitevpriznanj_18.jpg?resize=705%2C470&amp;ssl=1 705w, https:\/\/i0.wp.com\/www.vss-sezana.si\/wp-content\/uploads\/2015\/06\/Festivalkamna_podelitevpriznanj_18.jpg?resize=450%2C300&amp;ssl=1 450w, https:\/\/i0.wp.com\/www.vss-sezana.si\/wp-content\/uploads\/2015\/06\/Festivalkamna_podelitevpriznanj_18.jpg?w=3000&amp;ssl=1 3000w, https:\/\/i0.wp.com\/www.vss-sezana.si\/wp-content\/uploads\/2015\/06\/Festivalkamna_podelitevpriznanj_18.jpg?w=4500&amp;ssl=1 4500w\" sizes=\"auto, (max-width: 300px) 100vw, 300px\" \/><\/a> <a href=\"https:\/\/i0.wp.com\/www.vss-sezana.si\/wp-content\/uploads\/2015\/06\/Festivalkamna_podelitevpriznanj_26.jpg?ssl=1\"><img data-recalc-dims=\"1\" loading=\"lazy\" decoding=\"async\" data-attachment-id=\"4307\" data-permalink=\"https:\/\/www.vss-sezana.si\/?attachment_id=4307\" data-orig-file=\"https:\/\/i0.wp.com\/www.vss-sezana.si\/wp-content\/uploads\/2015\/06\/Festivalkamna_podelitevpriznanj_26.jpg?fit=5481%2C3654&amp;ssl=1\" data-orig-size=\"5481,3654\" data-comments-opened=\"1\" data-image-meta=\"{&quot;aperture&quot;:&quot;4&quot;,&quot;credit&quot;:&quot;&quot;,&quot;camera&quot;:&quot;Canon EOS 5D Mark II&quot;,&quot;caption&quot;:&quot;&quot;,&quot;created_timestamp&quot;:&quot;1434914098&quot;,&quot;copyright&quot;:&quot;&quot;,&quot;focal_length&quot;:&quot;58&quot;,&quot;iso&quot;:&quot;1600&quot;,&quot;shutter_speed&quot;:&quot;0.008&quot;,&quot;title&quot;:&quot;&quot;,&quot;orientation&quot;:&quot;0&quot;}\" data-image-title=\"Festivalkamna_podelitevpriznanj_26\" data-image-description=\"\" data-image-caption=\"\" data-large-file=\"https:\/\/i0.wp.com\/www.vss-sezana.si\/wp-content\/uploads\/2015\/06\/Festivalkamna_podelitevpriznanj_26.jpg?fit=1030%2C687&amp;ssl=1\" class=\"alignnone size-medium wp-image-4307\" src=\"https:\/\/i0.wp.com\/www.vss-sezana.si\/wp-content\/uploads\/2015\/06\/Festivalkamna_podelitevpriznanj_26.jpg?resize=300%2C200&#038;ssl=1\" alt=\"Festivalkamna_podelitevpriznanj_26\" width=\"300\" height=\"200\" srcset=\"https:\/\/i0.wp.com\/www.vss-sezana.si\/wp-content\/uploads\/2015\/06\/Festivalkamna_podelitevpriznanj_26.jpg?resize=300%2C200&amp;ssl=1 300w, https:\/\/i0.wp.com\/www.vss-sezana.si\/wp-content\/uploads\/2015\/06\/Festivalkamna_podelitevpriznanj_26.jpg?resize=1030%2C687&amp;ssl=1 1030w, https:\/\/i0.wp.com\/www.vss-sezana.si\/wp-content\/uploads\/2015\/06\/Festivalkamna_podelitevpriznanj_26.jpg?resize=1500%2C1000&amp;ssl=1 1500w, https:\/\/i0.wp.com\/www.vss-sezana.si\/wp-content\/uploads\/2015\/06\/Festivalkamna_podelitevpriznanj_26.jpg?resize=705%2C470&amp;ssl=1 705w, https:\/\/i0.wp.com\/www.vss-sezana.si\/wp-content\/uploads\/2015\/06\/Festivalkamna_podelitevpriznanj_26.jpg?resize=450%2C300&amp;ssl=1 450w, https:\/\/i0.wp.com\/www.vss-sezana.si\/wp-content\/uploads\/2015\/06\/Festivalkamna_podelitevpriznanj_26.jpg?w=3000&amp;ssl=1 3000w, https:\/\/i0.wp.com\/www.vss-sezana.si\/wp-content\/uploads\/2015\/06\/Festivalkamna_podelitevpriznanj_26.jpg?w=4500&amp;ssl=1 4500w\" sizes=\"auto, (max-width: 300px) 100vw, 300px\" \/><\/a> <a href=\"https:\/\/i0.wp.com\/www.vss-sezana.si\/wp-content\/uploads\/2015\/06\/Festivalkamna_podelitevpriznanj_33.jpg?ssl=1\"><img data-recalc-dims=\"1\" loading=\"lazy\" decoding=\"async\" data-attachment-id=\"4308\" data-permalink=\"https:\/\/www.vss-sezana.si\/?attachment_id=4308\" data-orig-file=\"https:\/\/i0.wp.com\/www.vss-sezana.si\/wp-content\/uploads\/2015\/06\/Festivalkamna_podelitevpriznanj_33.jpg?fit=5616%2C3744&amp;ssl=1\" data-orig-size=\"5616,3744\" data-comments-opened=\"1\" data-image-meta=\"{&quot;aperture&quot;:&quot;4&quot;,&quot;credit&quot;:&quot;&quot;,&quot;camera&quot;:&quot;Canon EOS 5D Mark II&quot;,&quot;caption&quot;:&quot;&quot;,&quot;created_timestamp&quot;:&quot;1434914177&quot;,&quot;copyright&quot;:&quot;&quot;,&quot;focal_length&quot;:&quot;73&quot;,&quot;iso&quot;:&quot;1600&quot;,&quot;shutter_speed&quot;:&quot;0.008&quot;,&quot;title&quot;:&quot;&quot;,&quot;orientation&quot;:&quot;0&quot;}\" data-image-title=\"Festivalkamna_podelitevpriznanj_33\" data-image-description=\"\" data-image-caption=\"\" data-large-file=\"https:\/\/i0.wp.com\/www.vss-sezana.si\/wp-content\/uploads\/2015\/06\/Festivalkamna_podelitevpriznanj_33.jpg?fit=1030%2C687&amp;ssl=1\" class=\"alignnone size-medium wp-image-4308\" src=\"https:\/\/i0.wp.com\/www.vss-sezana.si\/wp-content\/uploads\/2015\/06\/Festivalkamna_podelitevpriznanj_33.jpg?resize=300%2C200&#038;ssl=1\" alt=\"Festivalkamna_podelitevpriznanj_33\" width=\"300\" height=\"200\" srcset=\"https:\/\/i0.wp.com\/www.vss-sezana.si\/wp-content\/uploads\/2015\/06\/Festivalkamna_podelitevpriznanj_33.jpg?resize=300%2C200&amp;ssl=1 300w, https:\/\/i0.wp.com\/www.vss-sezana.si\/wp-content\/uploads\/2015\/06\/Festivalkamna_podelitevpriznanj_33.jpg?resize=1030%2C687&amp;ssl=1 1030w, https:\/\/i0.wp.com\/www.vss-sezana.si\/wp-content\/uploads\/2015\/06\/Festivalkamna_podelitevpriznanj_33.jpg?resize=1500%2C1000&amp;ssl=1 1500w, https:\/\/i0.wp.com\/www.vss-sezana.si\/wp-content\/uploads\/2015\/06\/Festivalkamna_podelitevpriznanj_33.jpg?resize=705%2C470&amp;ssl=1 705w, https:\/\/i0.wp.com\/www.vss-sezana.si\/wp-content\/uploads\/2015\/06\/Festivalkamna_podelitevpriznanj_33.jpg?resize=450%2C300&amp;ssl=1 450w, https:\/\/i0.wp.com\/www.vss-sezana.si\/wp-content\/uploads\/2015\/06\/Festivalkamna_podelitevpriznanj_33.jpg?w=3000&amp;ssl=1 3000w, https:\/\/i0.wp.com\/www.vss-sezana.si\/wp-content\/uploads\/2015\/06\/Festivalkamna_podelitevpriznanj_33.jpg?w=4500&amp;ssl=1 4500w\" sizes=\"auto, (max-width: 300px) 100vw, 300px\" \/><\/a> <a href=\"https:\/\/i0.wp.com\/www.vss-sezana.si\/wp-content\/uploads\/2015\/06\/Festivalkamna_podelitevpriznanj_45.jpg?ssl=1\"><img data-recalc-dims=\"1\" loading=\"lazy\" decoding=\"async\" data-attachment-id=\"4309\" data-permalink=\"https:\/\/www.vss-sezana.si\/?attachment_id=4309\" data-orig-file=\"https:\/\/i0.wp.com\/www.vss-sezana.si\/wp-content\/uploads\/2015\/06\/Festivalkamna_podelitevpriznanj_45.jpg?fit=4803%2C3202&amp;ssl=1\" data-orig-size=\"4803,3202\" data-comments-opened=\"1\" data-image-meta=\"{&quot;aperture&quot;:&quot;4&quot;,&quot;credit&quot;:&quot;&quot;,&quot;camera&quot;:&quot;Canon EOS 5D Mark II&quot;,&quot;caption&quot;:&quot;&quot;,&quot;created_timestamp&quot;:&quot;1434914560&quot;,&quot;copyright&quot;:&quot;&quot;,&quot;focal_length&quot;:&quot;28&quot;,&quot;iso&quot;:&quot;800&quot;,&quot;shutter_speed&quot;:&quot;0.008&quot;,&quot;title&quot;:&quot;&quot;,&quot;orientation&quot;:&quot;0&quot;}\" data-image-title=\"Festivalkamna_podelitevpriznanj_45\" data-image-description=\"\" data-image-caption=\"\" data-large-file=\"https:\/\/i0.wp.com\/www.vss-sezana.si\/wp-content\/uploads\/2015\/06\/Festivalkamna_podelitevpriznanj_45.jpg?fit=1030%2C687&amp;ssl=1\" class=\"alignnone size-medium wp-image-4309\" src=\"https:\/\/i0.wp.com\/www.vss-sezana.si\/wp-content\/uploads\/2015\/06\/Festivalkamna_podelitevpriznanj_45.jpg?resize=300%2C200&#038;ssl=1\" alt=\"Festivalkamna_podelitevpriznanj_45\" width=\"300\" height=\"200\" srcset=\"https:\/\/i0.wp.com\/www.vss-sezana.si\/wp-content\/uploads\/2015\/06\/Festivalkamna_podelitevpriznanj_45.jpg?resize=300%2C200&amp;ssl=1 300w, https:\/\/i0.wp.com\/www.vss-sezana.si\/wp-content\/uploads\/2015\/06\/Festivalkamna_podelitevpriznanj_45.jpg?resize=1030%2C687&amp;ssl=1 1030w, https:\/\/i0.wp.com\/www.vss-sezana.si\/wp-content\/uploads\/2015\/06\/Festivalkamna_podelitevpriznanj_45.jpg?resize=1500%2C1000&amp;ssl=1 1500w, https:\/\/i0.wp.com\/www.vss-sezana.si\/wp-content\/uploads\/2015\/06\/Festivalkamna_podelitevpriznanj_45.jpg?resize=705%2C470&amp;ssl=1 705w, https:\/\/i0.wp.com\/www.vss-sezana.si\/wp-content\/uploads\/2015\/06\/Festivalkamna_podelitevpriznanj_45.jpg?resize=450%2C300&amp;ssl=1 450w, https:\/\/i0.wp.com\/www.vss-sezana.si\/wp-content\/uploads\/2015\/06\/Festivalkamna_podelitevpriznanj_45.jpg?w=3000&amp;ssl=1 3000w, https:\/\/i0.wp.com\/www.vss-sezana.si\/wp-content\/uploads\/2015\/06\/Festivalkamna_podelitevpriznanj_45.jpg?w=4500&amp;ssl=1 4500w\" sizes=\"auto, (max-width: 300px) 100vw, 300px\" \/><\/a><\/p>\n<p>vse fotografije: Ana Rojc<\/p>\n<p>&nbsp;<\/p>\n<p>&nbsp;<\/p>\n<p>&nbsp;<\/p>\n","protected":false},"excerpt":{"rendered":"<p>Izbirno tekmovanje mladih v poklicnih spretnostih SloveniaSkills 2015, FESTIVAL KAMNA 2015 v Pliskovici, kamnose\u0161tvo in oblikovanje kamna. Med 19. in 21. junijem 2015 se je v Pliskovici odvijalo izbirno tekmovanje mladih v poklicnih spretnostih za podro\u010dje KAMNOSE\u0160TVA. Nastopalo je \u0161est tekmovalcev, trije z zaklju\u010denim kamnose\u0161kim programom na SGGO\u0160 Ljubljana in trije iz Vi\u0161je strokovne \u0161ole [&hellip;]<\/p>\n","protected":false},"author":2,"featured_media":0,"comment_status":"open","ping_status":"open","sticky":false,"template":"","format":"standard","meta":{"_jetpack_newsletter_access":"","_jetpack_dont_email_post_to_subs":false,"_jetpack_newsletter_tier_id":0,"_jetpack_memberships_contains_paywalled_content":false,"_jetpack_memberships_contains_paid_content":false,"footnotes":""},"categories":[12],"tags":[],"class_list":["post-4305","post","type-post","status-publish","format-standard","hentry","category-aktualno"],"aioseo_notices":[],"jetpack_featured_media_url":"","jetpack_sharing_enabled":true,"jetpack_shortlink":"https:\/\/wp.me\/p6N9ot-17r","jetpack-related-posts":[],"_links":{"self":[{"href":"https:\/\/www.vss-sezana.si\/index.php?rest_route=\/wp\/v2\/posts\/4305","targetHints":{"allow":["GET"]}}],"collection":[{"href":"https:\/\/www.vss-sezana.si\/index.php?rest_route=\/wp\/v2\/posts"}],"about":[{"href":"https:\/\/www.vss-sezana.si\/index.php?rest_route=\/wp\/v2\/types\/post"}],"author":[{"embeddable":true,"href":"https:\/\/www.vss-sezana.si\/index.php?rest_route=\/wp\/v2\/users\/2"}],"replies":[{"embeddable":true,"href":"https:\/\/www.vss-sezana.si\/index.php?rest_route=%2Fwp%2Fv2%2Fcomments&post=4305"}],"version-history":[{"count":6,"href":"https:\/\/www.vss-sezana.si\/index.php?rest_route=\/wp\/v2\/posts\/4305\/revisions"}],"predecessor-version":[{"id":4320,"href":"https:\/\/www.vss-sezana.si\/index.php?rest_route=\/wp\/v2\/posts\/4305\/revisions\/4320"}],"wp:attachment":[{"href":"https:\/\/www.vss-sezana.si\/index.php?rest_route=%2Fwp%2Fv2%2Fmedia&parent=4305"}],"wp:term":[{"taxonomy":"category","embeddable":true,"href":"https:\/\/www.vss-sezana.si\/index.php?rest_route=%2Fwp%2Fv2%2Fcategories&post=4305"},{"taxonomy":"post_tag","embeddable":true,"href":"https:\/\/www.vss-sezana.si\/index.php?rest_route=%2Fwp%2Fv2%2Ftags&post=4305"}],"curies":[{"name":"wp","href":"https:\/\/api.w.org\/{rel}","templated":true}]}}