{"id":3685,"date":"2014-10-07T11:37:11","date_gmt":"2014-10-07T09:37:11","guid":{"rendered":"http:\/\/www.vss-sezana.si\/?p=3685"},"modified":"2018-09-05T11:14:13","modified_gmt":"2018-09-05T09:14:13","slug":"cestitka-kamnoseku-leonu-mahnicu-in-mentorju-jerneju-bortolatu","status":"publish","type":"post","link":"https:\/\/www.vss-sezana.si\/?p=3685","title":{"rendered":"\u010cESTITKA KAMNOSEKU LEONU MAHNI\u010cU IN MENTORJU JERNEJU BORTOLATU"},"content":{"rendered":"<p>Vi\u0161ja strokovna \u0161ola \u0160olskega centra Sre\u010dka Kosovela Se\u017eana \u010destita kamnoseku Leonu Mahni\u010du za odli\u010den rezultat na tekmovanju Euroskills v Lille-u v Franciji, osvojeno srebrno kolajno v kategoriji kamnose\u0161tvo.<\/p>\n<p>Tekmovanje je namenjeno mladim med 18 in 25. letom starosti. Na tekmovanje Euroskills se uvrstijo dr\u017eavni prvaki posameznih poklicev. Pri nas dr\u017eavni prvak postane\u0161 na tekmovanju Slovenijaskills oz. Olimpiada poklicev. Za kamnose\u0161ko stroko je bil predizbor prvi\u010d v zgodovini organiziran septembra 2013 v Pliskovici na Festivalu kamna, dr\u017eavno tekmovanje pa je potekalo januarja 2014 na sejmu Informativa na GR v Ljubljani.<\/p>\n<p>Leon Mahni\u010d je kot dr\u017eavni prvak prvi\u010d zastopal Slovenijo v kamnose\u0161tvu na tekmovanju Euroskills in \u017ee takoj mu je uspel veliki met, osvojitev srebrne kolajne. To je nedvomno vrhunski dose\u017eek, ki ka\u017ee na vrhunsko usposobljenost slovenskih kamnosekov in dobro ter strokovno delo mentorjev in kamnose\u0161kih \u0161ol.<\/p>\n<p>\u010cestitamo tudi mentorju Jerneju Bortolatu in vsem ostalim, ki so pomagali Leonu na njegovi poti k temu izjemnemu uspehu.<\/p>\n<p>Vodstvo Vi\u0161je strokovne \u0161ole Se\u017eana<\/p>\n","protected":false},"excerpt":{"rendered":"<p>Vi\u0161ja strokovna \u0161ola \u0160olskega centra Sre\u010dka Kosovela Se\u017eana \u010destita kamnoseku Leonu Mahni\u010du za odli\u010den rezultat na tekmovanju Euroskills v Lille-u v Franciji, osvojeno srebrno kolajno v kategoriji kamnose\u0161tvo. Tekmovanje je namenjeno mladim med 18 in 25. letom starosti. Na tekmovanje Euroskills se uvrstijo dr\u017eavni prvaki posameznih poklicev. Pri nas dr\u017eavni prvak postane\u0161 na tekmovanju Slovenijaskills [&hellip;]<\/p>\n","protected":false},"author":2,"featured_media":0,"comment_status":"open","ping_status":"open","sticky":false,"template":"","format":"standard","meta":{"_jetpack_newsletter_access":"","_jetpack_dont_email_post_to_subs":false,"_jetpack_newsletter_tier_id":0,"_jetpack_memberships_contains_paywalled_content":false,"_jetpack_memberships_contains_paid_content":false,"footnotes":""},"categories":[12,1],"tags":[],"class_list":["post-3685","post","type-post","status-publish","format-standard","hentry","category-aktualno","category-nekategorizirano"],"aioseo_notices":[],"jetpack_featured_media_url":"","jetpack_sharing_enabled":true,"jetpack_shortlink":"https:\/\/wp.me\/p6N9ot-Xr","jetpack-related-posts":[],"_links":{"self":[{"href":"https:\/\/www.vss-sezana.si\/index.php?rest_route=\/wp\/v2\/posts\/3685","targetHints":{"allow":["GET"]}}],"collection":[{"href":"https:\/\/www.vss-sezana.si\/index.php?rest_route=\/wp\/v2\/posts"}],"about":[{"href":"https:\/\/www.vss-sezana.si\/index.php?rest_route=\/wp\/v2\/types\/post"}],"author":[{"embeddable":true,"href":"https:\/\/www.vss-sezana.si\/index.php?rest_route=\/wp\/v2\/users\/2"}],"replies":[{"embeddable":true,"href":"https:\/\/www.vss-sezana.si\/index.php?rest_route=%2Fwp%2Fv2%2Fcomments&post=3685"}],"version-history":[{"count":1,"href":"https:\/\/www.vss-sezana.si\/index.php?rest_route=\/wp\/v2\/posts\/3685\/revisions"}],"predecessor-version":[{"id":6982,"href":"https:\/\/www.vss-sezana.si\/index.php?rest_route=\/wp\/v2\/posts\/3685\/revisions\/6982"}],"wp:attachment":[{"href":"https:\/\/www.vss-sezana.si\/index.php?rest_route=%2Fwp%2Fv2%2Fmedia&parent=3685"}],"wp:term":[{"taxonomy":"category","embeddable":true,"href":"https:\/\/www.vss-sezana.si\/index.php?rest_route=%2Fwp%2Fv2%2Fcategories&post=3685"},{"taxonomy":"post_tag","embeddable":true,"href":"https:\/\/www.vss-sezana.si\/index.php?rest_route=%2Fwp%2Fv2%2Ftags&post=3685"}],"curies":[{"name":"wp","href":"https:\/\/api.w.org\/{rel}","templated":true}]}}