{"id":3660,"date":"2014-10-02T15:46:23","date_gmt":"2014-10-02T13:46:23","guid":{"rendered":"http:\/\/www.vss-sezana.si\/?p=3660"},"modified":"2018-09-05T11:14:13","modified_gmt":"2018-09-05T09:14:13","slug":"prizivnica-v-antonijevem-rovu-idrija","status":"publish","type":"post","link":"https:\/\/www.vss-sezana.si\/?p=3660","title":{"rendered":"Prizivnica v Antonijevem rovu, Idrija"},"content":{"rendered":"<p>\u0160tudentke in \u0161tudenti Vi\u0161je strokovne \u0161ole \u0160\u010c Sre\u010dka Kosovela so sodelovali s svojimi izdelki v obliki bru\u0161enih kabo\u0161onov, ki so jih zbrusili iz prodnikov, najdenih ob reki Idrijci, na razstavi <em>Barviti svet ob reki Idrijci<\/em>.<\/p>\n<p>Organizatorji: R\u017dS Idrija, Center za idrijsko dedi\u0161\u010dino &#8211; Geopark Idrija, Prirodoslovni muzej Slovenije, Vi\u0161ja strokovna \u0161ola \u0160C Sre\u010dka Kosovela<\/p>\n<p><a href=\"https:\/\/i0.wp.com\/www.vss-sezana.si\/wp-content\/uploads\/2014\/10\/slike11.jpg?ssl=1\"><img data-recalc-dims=\"1\" loading=\"lazy\" decoding=\"async\" class=\"aligncenter size-full wp-image-3671\" src=\"https:\/\/i0.wp.com\/www.vss-sezana.si\/wp-content\/uploads\/2014\/10\/slike11.jpg?resize=997%2C324&#038;ssl=1\" alt=\"slike11\" width=\"997\" height=\"324\" \/><\/a><\/p>\n<p>&nbsp;<\/p>\n<p>V okviru naravoslovnega dne v \u010dasu Dnevov evropske kulturne dedi\u0161\u010dine (DEKD 2014) je Vi\u0161ja strokovna \u0161ola \u0160\u010c Sre\u010dka Kosovela, v sodelovanju z R\u017dS Idrija, Centrom za idrijsko dedi\u0161\u010dino \u2013 Geopark Idrija in Prirodoslovnim muzejem Slovenije, pripravilo delavnico o bru\u0161enju plemenitih kamnov. Mladi udele\u017eenci so z zanimanjem spremljali potek obdelave kabo\u0161onov, najve\u010d zadovoljstva pa je bilo ob poliranju prodnikov, ki so jih sami na\u0161li na bli\u017enjem prodi\u0161\u010du.<\/p>\n<p>Katarina Fuchs je v okviru delavnice, ki je del projekta Dostopnost do kulturne dedi\u0161\u010dine ranljivim skupinam, udele\u017eencem delavnic predstavila svet mineralov, kristalov in fosilov. Nad zanimivim in interaktivnim do\u017eivljanjem tovrstne dedi\u0161\u010dine so bili udele\u017eenci delavnic zelo navdu\u0161enii.<\/p>\n<p>&nbsp;<\/p>\n<p><a href=\"https:\/\/i0.wp.com\/www.vss-sezana.si\/wp-content\/uploads\/2014\/10\/slike22.jpg?ssl=1\"><img data-recalc-dims=\"1\" loading=\"lazy\" decoding=\"async\" class=\"aligncenter size-full wp-image-3672\" src=\"https:\/\/i0.wp.com\/www.vss-sezana.si\/wp-content\/uploads\/2014\/10\/slike22.jpg?resize=1008%2C337&#038;ssl=1\" alt=\"slike22\" width=\"1008\" height=\"337\" \/><\/a><\/p>\n<p>Utrinki iz popoldanske delavnice o bru\u0161enju kabo\u0161onov. Udele\u017eenci so spoznali postopke rezanja in bru\u0161enja polkrogelnih oblik plemenitih kamnov. Raznolikost okrasnih kamnin v okolici Idrije je izjemna in nad njo so bili navdu\u0161eni prav vsi prisotni.<\/p>\n<p>&nbsp;<\/p>\n<p><a href=\"https:\/\/i0.wp.com\/www.vss-sezana.si\/wp-content\/uploads\/2014\/10\/slike33.jpg?ssl=1\"><img data-recalc-dims=\"1\" loading=\"lazy\" decoding=\"async\" class=\"aligncenter size-full wp-image-3673\" src=\"https:\/\/i0.wp.com\/www.vss-sezana.si\/wp-content\/uploads\/2014\/10\/slike33.jpg?resize=1007%2C330&#038;ssl=1\" alt=\"slike33\" width=\"1007\" height=\"330\" \/><\/a><\/p>\n<p>&nbsp;<\/p>\n","protected":false},"excerpt":{"rendered":"<p>\u0160tudentke in \u0161tudenti Vi\u0161je strokovne \u0161ole \u0160\u010c Sre\u010dka Kosovela so sodelovali s svojimi izdelki v obliki bru\u0161enih kabo\u0161onov, ki so jih zbrusili iz prodnikov, najdenih ob reki Idrijci, na razstavi Barviti svet ob reki Idrijci. Organizatorji: R\u017dS Idrija, Center za idrijsko dedi\u0161\u010dino &#8211; Geopark Idrija, Prirodoslovni muzej Slovenije, Vi\u0161ja strokovna \u0161ola \u0160C Sre\u010dka Kosovela &nbsp; [&hellip;]<\/p>\n","protected":false},"author":2,"featured_media":0,"comment_status":"open","ping_status":"open","sticky":false,"template":"","format":"standard","meta":{"_jetpack_newsletter_access":"","_jetpack_dont_email_post_to_subs":false,"_jetpack_newsletter_tier_id":0,"_jetpack_memberships_contains_paywalled_content":false,"_jetpack_memberships_contains_paid_content":false,"footnotes":""},"categories":[12,29,30,31,32,13,1],"tags":[],"class_list":["post-3660","post","type-post","status-publish","format-standard","hentry","category-aktualno","category-fot-1","category-fot-2","category-obl-1","category-obl-2","category-obvestila","category-nekategorizirano"],"aioseo_notices":[],"jetpack_featured_media_url":"","jetpack_sharing_enabled":true,"jetpack_shortlink":"https:\/\/wp.me\/p6N9ot-X2","jetpack-related-posts":[],"_links":{"self":[{"href":"https:\/\/www.vss-sezana.si\/index.php?rest_route=\/wp\/v2\/posts\/3660","targetHints":{"allow":["GET"]}}],"collection":[{"href":"https:\/\/www.vss-sezana.si\/index.php?rest_route=\/wp\/v2\/posts"}],"about":[{"href":"https:\/\/www.vss-sezana.si\/index.php?rest_route=\/wp\/v2\/types\/post"}],"author":[{"embeddable":true,"href":"https:\/\/www.vss-sezana.si\/index.php?rest_route=\/wp\/v2\/users\/2"}],"replies":[{"embeddable":true,"href":"https:\/\/www.vss-sezana.si\/index.php?rest_route=%2Fwp%2Fv2%2Fcomments&post=3660"}],"version-history":[{"count":1,"href":"https:\/\/www.vss-sezana.si\/index.php?rest_route=\/wp\/v2\/posts\/3660\/revisions"}],"predecessor-version":[{"id":6985,"href":"https:\/\/www.vss-sezana.si\/index.php?rest_route=\/wp\/v2\/posts\/3660\/revisions\/6985"}],"wp:attachment":[{"href":"https:\/\/www.vss-sezana.si\/index.php?rest_route=%2Fwp%2Fv2%2Fmedia&parent=3660"}],"wp:term":[{"taxonomy":"category","embeddable":true,"href":"https:\/\/www.vss-sezana.si\/index.php?rest_route=%2Fwp%2Fv2%2Fcategories&post=3660"},{"taxonomy":"post_tag","embeddable":true,"href":"https:\/\/www.vss-sezana.si\/index.php?rest_route=%2Fwp%2Fv2%2Ftags&post=3660"}],"curies":[{"name":"wp","href":"https:\/\/api.w.org\/{rel}","templated":true}]}}