{"id":3635,"date":"2014-09-26T13:19:56","date_gmt":"2014-09-26T11:19:56","guid":{"rendered":"http:\/\/www.vss-sezana.si\/?p=3635"},"modified":"2018-09-05T11:14:01","modified_gmt":"2018-09-05T09:14:01","slug":"evropski-teden-podjetnistva","status":"publish","type":"post","link":"https:\/\/www.vss-sezana.si\/?p=3635","title":{"rendered":"Evropski teden podjetni\u0161tva"},"content":{"rendered":"<p>Spirit (javna agencija RS za spodbujanje podjetni\u0161tva, inovativnosti, razvoja, investicij in turizma) vas vabi na Evropski teden podjetni\u0161tva, ki se bo odvijal med 29. septembrom in 5. oktobrom 2014. Organizirani bodo brezpla\u010dni podjetni\u0161ki dogodki po Sloveniji:<\/p>\n<ul>\n<li><strong>Nacionalni otvoritveni dogodek Evropskega tedna podjetni\u0161tva, 29.9.2014 v Ljubljani<\/strong><\/li>\n<li><strong>Poslovni dogodek v Novem mestu, 30.9.2014<\/strong><\/li>\n<li><strong>Poslovni dogodek v Celju, 1.10.2014<\/strong><\/li>\n<li><strong>Poslovni dogodek v Novi Gorici, 2.10.2014.<\/strong><\/li>\n<\/ul>\n<p><strong>Dogodki so namenjeni<\/strong> mladim, zaposlenim\u00a0 ali iskalcem zaposlitve, ki se odlo\u010dajo za samostojno podjetni\u0161ko pot\u00a0 ter obstoje\u010dim\u00a0 mikro, malim in srednje velikim podjetjem.<br \/>\nVe\u010d o Evropskem tednu podjetni\u0161tva na spodnji povezavi:<\/p>\n<p><strong><a href=\"http:\/\/www.podjetniski-portal.si\/o-podjetnistvu\/podjetniski-dogodki-in-tekmovanja\/evropski-teden-podjetnistva-2014\">http:\/\/www.podjetniski-portal.si\/o-podjetnistvu\/podjetniski-dogodki-in-tekmovanja\/evropski-teden-podjetnistva-2014<\/a><\/strong><\/p>\n<p>&nbsp;<\/p>\n<p>&nbsp;<\/p>\n","protected":false},"excerpt":{"rendered":"<p>Spirit (javna agencija RS za spodbujanje podjetni\u0161tva, inovativnosti, razvoja, investicij in turizma) vas vabi na Evropski teden podjetni\u0161tva, ki se bo odvijal med 29. septembrom in 5. oktobrom 2014. Organizirani bodo brezpla\u010dni podjetni\u0161ki dogodki po Sloveniji: Nacionalni otvoritveni dogodek Evropskega tedna podjetni\u0161tva, 29.9.2014 v Ljubljani Poslovni dogodek v Novem mestu, 30.9.2014 Poslovni dogodek v Celju, [&hellip;]<\/p>\n","protected":false},"author":2,"featured_media":0,"comment_status":"open","ping_status":"open","sticky":false,"template":"","format":"standard","meta":{"_jetpack_newsletter_access":"","_jetpack_dont_email_post_to_subs":false,"_jetpack_newsletter_tier_id":0,"_jetpack_memberships_contains_paywalled_content":false,"_jetpack_memberships_contains_paid_content":false,"footnotes":""},"categories":[12,29,30,31,32,13,1],"tags":[],"class_list":["post-3635","post","type-post","status-publish","format-standard","hentry","category-aktualno","category-fot-1","category-fot-2","category-obl-1","category-obl-2","category-obvestila","category-nekategorizirano"],"aioseo_notices":[],"jetpack_featured_media_url":"","jetpack_sharing_enabled":true,"jetpack_shortlink":"https:\/\/wp.me\/p6N9ot-WD","jetpack-related-posts":[],"_links":{"self":[{"href":"https:\/\/www.vss-sezana.si\/index.php?rest_route=\/wp\/v2\/posts\/3635","targetHints":{"allow":["GET"]}}],"collection":[{"href":"https:\/\/www.vss-sezana.si\/index.php?rest_route=\/wp\/v2\/posts"}],"about":[{"href":"https:\/\/www.vss-sezana.si\/index.php?rest_route=\/wp\/v2\/types\/post"}],"author":[{"embeddable":true,"href":"https:\/\/www.vss-sezana.si\/index.php?rest_route=\/wp\/v2\/users\/2"}],"replies":[{"embeddable":true,"href":"https:\/\/www.vss-sezana.si\/index.php?rest_route=%2Fwp%2Fv2%2Fcomments&post=3635"}],"version-history":[{"count":1,"href":"https:\/\/www.vss-sezana.si\/index.php?rest_route=\/wp\/v2\/posts\/3635\/revisions"}],"predecessor-version":[{"id":6991,"href":"https:\/\/www.vss-sezana.si\/index.php?rest_route=\/wp\/v2\/posts\/3635\/revisions\/6991"}],"wp:attachment":[{"href":"https:\/\/www.vss-sezana.si\/index.php?rest_route=%2Fwp%2Fv2%2Fmedia&parent=3635"}],"wp:term":[{"taxonomy":"category","embeddable":true,"href":"https:\/\/www.vss-sezana.si\/index.php?rest_route=%2Fwp%2Fv2%2Fcategories&post=3635"},{"taxonomy":"post_tag","embeddable":true,"href":"https:\/\/www.vss-sezana.si\/index.php?rest_route=%2Fwp%2Fv2%2Ftags&post=3635"}],"curies":[{"name":"wp","href":"https:\/\/api.w.org\/{rel}","templated":true}]}}