{"id":3569,"date":"2014-09-03T11:38:03","date_gmt":"2014-09-03T09:38:03","guid":{"rendered":"http:\/\/www.vss-sezana.si\/?p=3569"},"modified":"2018-09-05T11:14:00","modified_gmt":"2018-09-05T09:14:00","slug":"photonov-natecaj-mlada-sodobna-fotografija-2014","status":"publish","type":"post","link":"https:\/\/www.vss-sezana.si\/?p=3569","title":{"rendered":"Photonov nate\u010daj &#8216;Mlada sodobna fotografija&#8217; 2014"},"content":{"rendered":"<h4><strong>Bli\u017ea se rok za oddajo prijav na Photonov nate\u010daj &#8216;Mlada sodobna fotografija&#8217; 2014, ki je namenjen mladim fotografskim ustvarjalcem do 35. leta starosti.<\/strong><\/h4>\n<h4><strong>Rok za prijavo je petek, 5. septembra do polno\u010di!<\/strong><\/h4>\n<h4><strong>\u00a0Ker si \u017eelimo kar se da mno\u017ei\u010dnega odziva vas prosimo, da obvestilo delite med svojimi \u0161tudenti. Ve\u010d o nate\u010daju lahko izveste spodaj:<\/strong><\/h4>\n<h2><\/h2>\n<h2>***<\/h2>\n<h2>Odprt je nate\u010daj MLADA SODOBNA FOTOGRAFIJA<\/h2>\n<p>Photon \u2013 Center za sodobno fotografijo razpisuje nate\u010daj za mlade in neuveljavljene ustvarjalce na podro\u010dju sodobne fotografije<\/p>\n<p><em>&#8216;Mlada sodobna fotografija&#8217;<\/em> je iniciativa, ki ob pomo\u010di sodelujo\u010dih strokovnjakov spodbuja, vrednoti in predstavlja dogajanje med mladimi, (\u0161e) neuveljavljenimi in prihajajo\u010dimi generacijami ustvarjalcev, ki delujejo na podro\u010dju sodobne avtorske fotografije. K sodelovanju so vabljeni vsi zainteresirani avtorji in avtorice, ki izpolnjujejo pogoje nate\u010daja za sodelovanje na skupinski razstavi.<\/p>\n<p>O izboru avtorjev in del bo odlo\u010dala neodvisna mednarodna komisija, sestavljena iz kuratorske ekipe Photona ter dveh zunanjih strokovnjakov s podro\u010dja vizualne umetnosti in fotografije.<\/p>\n<p>&nbsp;<\/p>\n<p>Izbrani avtorji bodo predstavljeni na skupinski razstavi v\u00a0<strong>Kino \u0160i\u0161ka<\/strong>\u00a0in v\u00a0<strong>Photonu &#8211; Centru za sodobno fotografijo<\/strong>. Razstava bo pospremljena z manj\u0161im razstavnim katalogom ter bogatim spremljevalnim programom.<\/p>\n<p>&nbsp;<\/p>\n<p>Nate\u010daj je odprt za avtorice in avtorje do 35. leta starosti (vklju\u010dujo\u010d letnik rojstva 1979), ki delujejo v Sloveniji oziroma prihajajo iz Slovenije in delujejo v mednarodnem prostoru:<\/p>\n<p>&#8211; \u0161tudentje in diplomanti doma\u010dih in mednarodnih akademij s podro\u010dja fotografije in likovnih umetnosti;<\/p>\n<p>&#8211; ustvarjalci, ki samoiniciativno delujejo na opisanem podro\u010dju in \u0161e niso bili predstavljeni na odmevnej\u0161i samostojni razstavi;<\/p>\n<p>&nbsp;<\/p>\n<p>Nate\u010daj nima predpisane teme. Sprejemamo dela, ki sodijo v \u0161iroko paleto fotografskih in s fotografijo povezanih praks (fotografija, foto-monta\u017ea, foto-kola\u017e, foto-instalacija, apropriacija najdenih fotografij, itd.)<\/p>\n<p>&nbsp;<\/p>\n<p><strong>Prijava naj vsebuje:<\/strong><\/p>\n<p>&#8211; avtorski portfolio (vsak vsebuje do 20 fotografij) najve\u010d dveh zaklju\u010denih avtorskih projektov ali projektov v procesu \u2013 v PDF ali JPG formatu;<\/p>\n<p>&#8211; vsebinska utemeljitev projektov (obvezno tudi v angle\u0161kem jeziku) do 1500 znakov;<\/p>\n<p>&#8211; biografija prijavitelja\/ice;<\/p>\n<p>&#8211; dodatne tehni\u010dne specifikacije: formate in dimenzije del, optimalni na\u010din predstavitve v razstavnem formatu;<\/p>\n<p>&nbsp;<\/p>\n<p>Posamezni avtor\/ica se lahko na nate\u010daj prijavi z <strong>najve\u010d dvema<\/strong> samostojnima projektoma.<\/p>\n<p>Materiale sprejemamo v elektronski ali fizi\u010dni obliki (vendar poslanih materialov ne vra\u010damo, razen v primeru osebnega prevzema).<\/p>\n<p>&nbsp;<\/p>\n<p>Na nate\u010daj se lahko prijavijo tudi avtorji, ki so bili izbrani na lansko skupinsko razstavo, vendar ne z istimi deli.<\/p>\n<p>&nbsp;<\/p>\n<p>Na razstavo bo izbranih (najve\u010d) deset avtorjev in avtoric, med katerimi bo komisija izbrala tri nagrajence, ki bodo svoja dela obse\u017eneje predstavili v Photonu, ostali pa bodo predstavljeni na skupinski razstavi v Kinu \u0160i\u0161ka (Galerija Kamera).<\/p>\n<p>&nbsp;<\/p>\n<p>Prijavitelji\/ce naj prijave po\u0161ljejo do <strong>5. 9. 2014<\/strong> na naslednji naslov: <a href=\"mailto:photon.centre@gmail.com\">photon.centre@gmail.com<\/a> ali po\u0161tni naslov: Photon \u2013 Center za sodobno fotografijo, Trg prekomorskih brigad 1, 1000 Ljubljana, s pripisom \u201eza nate\u010daj\u201c.<\/p>\n<p>&nbsp;<\/p>\n<p>Za dodatne informacije smo na voljo na elektronskem naslovu: <a href=\"mailto:photon.centre@gmail.com\">photon.centre@gmail.com<\/a> in tel. \u0161tevilki +386 59 977907 (med 12. in 18. uro); kontaktna oseba: Jasna Jernej\u0161ek.<\/p>\n<p>&nbsp;<\/p>\n<p>Kandidati bodo o rezultatih nate\u010daja obve\u0161\u010deni najkasneje do 20. 9. 2013!<\/p>\n<p>&nbsp;<\/p>\n<p>Razstava v Photonu &#8211; Centru za sodobno fotografijo in v Galeriji Kamera Kina \u0160i\u0161ke se bo odvijala med 6. 10. in 18. 10. 2014!<\/p>\n<p>&nbsp;<\/p>\n<p>(foto: Biba Ko\u0161merl, Wash the Cat, 2013 \/ zmagovalka lanskega nate\u010daja)<\/p>\n<p>2 Attachments<\/p>\n<p><a href=\"https:\/\/mail.google.com\/mail\/?ui=2&amp;ik=ebe14b6340&amp;view=att&amp;th=148370f5898c5110&amp;attid=0.1&amp;disp=safe&amp;realattid=f_hzlbhvuc1&amp;zw\">Preview attachment Biba Kosmerl.jpg<\/a><\/p>\n<p><a href=\"https:\/\/mail.google.com\/mail\/?ui=2&amp;ik=ebe14b6340&amp;view=att&amp;th=148370f5898c5110&amp;attid=0.2&amp;disp=safe&amp;realattid=f_hzlbhr0h0&amp;zw\">Preview attachment Mlada sodobna fotografija &#8211; SLO &#8211; natecaj.doc<\/a><\/p>\n","protected":false},"excerpt":{"rendered":"<p>Bli\u017ea se rok za oddajo prijav na Photonov nate\u010daj &#8216;Mlada sodobna fotografija&#8217; 2014, ki je namenjen mladim fotografskim ustvarjalcem do 35. leta starosti. Rok za prijavo je petek, 5. septembra do polno\u010di! \u00a0Ker si \u017eelimo kar se da mno\u017ei\u010dnega odziva vas prosimo, da obvestilo delite med svojimi \u0161tudenti. Ve\u010d o nate\u010daju lahko izveste spodaj: *** [&hellip;]<\/p>\n","protected":false},"author":2,"featured_media":0,"comment_status":"open","ping_status":"open","sticky":false,"template":"","format":"standard","meta":{"_jetpack_newsletter_access":"","_jetpack_dont_email_post_to_subs":false,"_jetpack_newsletter_tier_id":0,"_jetpack_memberships_contains_paywalled_content":false,"_jetpack_memberships_contains_paid_content":false,"footnotes":""},"categories":[12,29,30,31,32,13,1],"tags":[],"class_list":["post-3569","post","type-post","status-publish","format-standard","hentry","category-aktualno","category-fot-1","category-fot-2","category-obl-1","category-obl-2","category-obvestila","category-nekategorizirano"],"aioseo_notices":[],"jetpack_featured_media_url":"","jetpack_sharing_enabled":true,"jetpack_shortlink":"https:\/\/wp.me\/p6N9ot-Vz","jetpack-related-posts":[],"_links":{"self":[{"href":"https:\/\/www.vss-sezana.si\/index.php?rest_route=\/wp\/v2\/posts\/3569","targetHints":{"allow":["GET"]}}],"collection":[{"href":"https:\/\/www.vss-sezana.si\/index.php?rest_route=\/wp\/v2\/posts"}],"about":[{"href":"https:\/\/www.vss-sezana.si\/index.php?rest_route=\/wp\/v2\/types\/post"}],"author":[{"embeddable":true,"href":"https:\/\/www.vss-sezana.si\/index.php?rest_route=\/wp\/v2\/users\/2"}],"replies":[{"embeddable":true,"href":"https:\/\/www.vss-sezana.si\/index.php?rest_route=%2Fwp%2Fv2%2Fcomments&post=3569"}],"version-history":[{"count":1,"href":"https:\/\/www.vss-sezana.si\/index.php?rest_route=\/wp\/v2\/posts\/3569\/revisions"}],"predecessor-version":[{"id":7001,"href":"https:\/\/www.vss-sezana.si\/index.php?rest_route=\/wp\/v2\/posts\/3569\/revisions\/7001"}],"wp:attachment":[{"href":"https:\/\/www.vss-sezana.si\/index.php?rest_route=%2Fwp%2Fv2%2Fmedia&parent=3569"}],"wp:term":[{"taxonomy":"category","embeddable":true,"href":"https:\/\/www.vss-sezana.si\/index.php?rest_route=%2Fwp%2Fv2%2Fcategories&post=3569"},{"taxonomy":"post_tag","embeddable":true,"href":"https:\/\/www.vss-sezana.si\/index.php?rest_route=%2Fwp%2Fv2%2Ftags&post=3569"}],"curies":[{"name":"wp","href":"https:\/\/api.w.org\/{rel}","templated":true}]}}