{"id":2211,"date":"2013-10-10T12:42:36","date_gmt":"2013-10-10T10:42:36","guid":{"rendered":"http:\/\/www.vss-sezana.si\/?p=2211"},"modified":"2018-09-05T11:12:15","modified_gmt":"2018-09-05T09:12:15","slug":"fot1-ogled-razstave-branka-lenarta-z-naslovom-krkavce-istria-terra","status":"publish","type":"post","link":"https:\/\/www.vss-sezana.si\/?p=2211","title":{"rendered":"FOT1 &#8211; Ogled razstave Branka Lenarta z naslovom KRKAV\u010cE. ISTRIA.TERRA"},"content":{"rendered":"<p style=\"text-align: left;\">V sklopu predmeta TEF- 1. letnik fotografije si bomo v petek, <b>11.10.2013,<\/b> ogledali razstavo Branka Lenarta z naslovom <b>KRKAV\u010cE. ISTRIA.TERRA<\/b><\/p>\n<p style=\"text-align: left;\">Dobimo se pred Pokrajinskim muzejem v Kopru ob 9.30.<br \/>\nVabljeni tudi 2. letnik fotografije.<\/p>\n<p><a href=\"https:\/\/i0.wp.com\/www.vss-sezana.si\/wp-content\/uploads\/2013\/10\/Picture-7.png?ssl=1\"><img data-recalc-dims=\"1\" loading=\"lazy\" decoding=\"async\" class=\"size-medium wp-image-2212 aligncenter\" alt=\"Picture 7\" src=\"https:\/\/i0.wp.com\/www.vss-sezana.si\/wp-content\/uploads\/2013\/10\/Picture-7-300x300.png?resize=330%2C330&#038;ssl=1\" width=\"330\" height=\"330\" \/><\/a><\/p>\n<p style=\"text-align: left;\">\n<p>Opus je bil kot celota zasnovan leta 2011, kot dopolnjena in preurejena oblika projekta, ki se je pravzaprav za\u010del leta 1975, ko je Lenart prvi\u010d obiskal to vasico v notranjosti Istre in posnel prve fotografije. Pri &#8220;terenskem delu&#8221; je s svojimi zapiski sodelovala \u017eena Friederike, a pravi akterji so \u010dlani desetih krkav\u0161kih dru\u017ein. Od leta 1981 do 1988 je nastalo ve\u010d kot tiso\u010d posnetkov.<br \/>\n\/\u2026\/ Presenetljive srebrnkaste sivine, bogate \u010drnine in kristalini\u010den videz fotografij, ka\u017eejo ne samo na avtorjevo \u017eeljo po dokumentarni vernosti, pa\u010d pa tudi skrb za estetsko nadgradnjo, nenavadno za tisti \u010das in prostor. \/\u2026\/<br \/>\n\/\u2026\/ Kakor se je razgradila ali subjektivizirala zgodba (razstava namre\u010d ni zasnovana kronografsko, op. ur.), tako je tudi \u010dasovno sosledje postalo stvar fotografovega notranjega sveta. D robci besednih in slikovnih spominov obstajajo, vendar so se \u017ee odtrgali drug od drugega in od premice, ki povezuje dneve, leta ter desetletja, ter se zdaj svobodno gibljejo in zdru\u017eujejo na podlagi nenavadnih asociacij in nepri\u010dakovanih afinitet.<br \/>\nKrkav\u010de so za Lenarta tudi neke vrste proustovski project, iskanje minulih desetletij, dela \u017eivljenja, ki je teklo, prineslo spremembe in odteklo. Od tod poskus povrnitve \u010dasa, povezovanja po ve\u010d desetletjih razsejanih vtisov, svojevrstna arheologija bli\u017enje preteklosti, ki so jo \u017ee prikrile naplavine in usedline komaj minule sedanjosti. \/\u2026\/(Primo\u017e Lampi\u010d).<\/p>\n<p><a href=\"http:\/\/www.brankolenart.com\/\" target=\"_blank\">http:\/\/www.brankolenart.com\/<\/a><\/p>\n<p>Pokrajinski muzej:<\/p>\n<p><a href=\"http:\/\/www.pokrajinskimuzejkoper.si\/en\/informacije\/kje-smo\">http:\/\/www.pokrajinskimuzejkoper.si\/en\/informacije\/kje-smo<\/a><\/p>\n","protected":false},"excerpt":{"rendered":"<p>V sklopu predmeta TEF- 1. letnik fotografije si bomo v petek, 11.10.2013, ogledali razstavo Branka Lenarta z naslovom KRKAV\u010cE. ISTRIA.TERRA Dobimo se pred Pokrajinskim muzejem v Kopru ob 9.30. Vabljeni tudi 2. letnik fotografije. Opus je bil kot celota zasnovan leta 2011, kot dopolnjena in preurejena oblika projekta, ki se je pravzaprav za\u010del leta 1975, [&hellip;]<\/p>\n","protected":false},"author":2,"featured_media":0,"comment_status":"open","ping_status":"open","sticky":false,"template":"","format":"standard","meta":{"_jetpack_newsletter_access":"","_jetpack_dont_email_post_to_subs":false,"_jetpack_newsletter_tier_id":0,"_jetpack_memberships_contains_paywalled_content":false,"_jetpack_memberships_contains_paid_content":false,"footnotes":""},"categories":[29,30,13],"tags":[],"class_list":["post-2211","post","type-post","status-publish","format-standard","hentry","category-fot-1","category-fot-2","category-obvestila"],"aioseo_notices":[],"jetpack_featured_media_url":"","jetpack_sharing_enabled":true,"jetpack_shortlink":"https:\/\/wp.me\/p6N9ot-zF","jetpack-related-posts":[],"_links":{"self":[{"href":"https:\/\/www.vss-sezana.si\/index.php?rest_route=\/wp\/v2\/posts\/2211","targetHints":{"allow":["GET"]}}],"collection":[{"href":"https:\/\/www.vss-sezana.si\/index.php?rest_route=\/wp\/v2\/posts"}],"about":[{"href":"https:\/\/www.vss-sezana.si\/index.php?rest_route=\/wp\/v2\/types\/post"}],"author":[{"embeddable":true,"href":"https:\/\/www.vss-sezana.si\/index.php?rest_route=\/wp\/v2\/users\/2"}],"replies":[{"embeddable":true,"href":"https:\/\/www.vss-sezana.si\/index.php?rest_route=%2Fwp%2Fv2%2Fcomments&post=2211"}],"version-history":[{"count":1,"href":"https:\/\/www.vss-sezana.si\/index.php?rest_route=\/wp\/v2\/posts\/2211\/revisions"}],"predecessor-version":[{"id":7103,"href":"https:\/\/www.vss-sezana.si\/index.php?rest_route=\/wp\/v2\/posts\/2211\/revisions\/7103"}],"wp:attachment":[{"href":"https:\/\/www.vss-sezana.si\/index.php?rest_route=%2Fwp%2Fv2%2Fmedia&parent=2211"}],"wp:term":[{"taxonomy":"category","embeddable":true,"href":"https:\/\/www.vss-sezana.si\/index.php?rest_route=%2Fwp%2Fv2%2Fcategories&post=2211"},{"taxonomy":"post_tag","embeddable":true,"href":"https:\/\/www.vss-sezana.si\/index.php?rest_route=%2Fwp%2Fv2%2Ftags&post=2211"}],"curies":[{"name":"wp","href":"https:\/\/api.w.org\/{rel}","templated":true}]}}