{"id":2123,"date":"2013-10-08T23:25:22","date_gmt":"2013-10-08T21:25:22","guid":{"rendered":"http:\/\/www.vss-sezana.si\/?p=2123"},"modified":"2018-05-28T12:20:14","modified_gmt":"2018-05-28T10:20:14","slug":"pod-morskim-nivojem","status":"publish","type":"post","link":"https:\/\/www.vss-sezana.si\/?p=2123","title":{"rendered":"Pod morskim nivojem"},"content":{"rendered":"<p>Ve\u0161 tisti \u010darobni ob\u010dutek, ko se zbudi\u0161 in ve\u0161 da bo super dan! Potem upa\u0161, da te zunaj \u010daka son\u010dek\u2026. in na koncu pristane\u0161 na realnih, od de\u017eja premo\u010denih tleh\u2026 kljub temu smo zakorakali v \u0161e en pre\u010dudovit dan.<\/p>\n<p>Dan je potekal po ustaljenem ritmu. Po zajtrku smo se nekateri napotili v na\u0161 \u00bbmini studio\u00ab, ostali pa v delavnico. V\u010deraj\u0161njim suvenirjem so se danes pridru\u017eili novi in mislim da je \u010das, da na\u0161e delo pohvalimo! Res smo pridni&#8230; ves tisti prah, prah in prah.. pa kar ne odnehamo. Super smo! <span style=\"font-family: Wingdings\">\uf04a<\/span><\/p>\n<p>V popoldanskih urah smo se zapeljali do \u0161e obratujo\u010dega kamnoloma Jadrankamen (Pu\u010di\u0161\u0107a) in si ogledali izkop kamenja v depresiji, torej pod gladino morja. Bilo je fenomenalno.<\/p>\n<p><span style=\"color: #0000ff\"><span style=\"text-decoration: underline\"><a href=\"http:\/\/www.jadrankamen.hr\/index.php?option=com_content&amp;task=view&amp;id=18&amp;Itemid=28\">http:\/\/www.jadrankamen.hr\/index.php?option=com_content&amp;task=view&amp;id=18&amp;Itemid=28<\/a><\/span><\/span><\/p>\n<p>Dan je minil prehitro, nad mestece je padel mrak. Sli\u0161i se le \u0161e smeh in razigran pogovor utrujenih \u0161tudentov, ki skupaj pre\u017eivljajo \u0161e zadnje urice tega dne.<\/p>\n<p>Pa lahko no\u010d dragi bralci.<\/p>\n<p>Janja <span style=\"font-family: Wingdings\">\uf04a<\/span><\/p>\n<p>&nbsp;<\/p>\n<div class='avia-gallery  avia-gallery-1 deactivate_avia_lazyload avia-gallery-animate avia_animate_when_visible  avia-builder-el-0  avia-builder-el-no-sibling '  itemprop=\"image\" itemscope=\"itemscope\" itemtype=\"https:\/\/schema.org\/ImageObject\" ><div class='avia-gallery-thumb'> <a href='https:\/\/i0.wp.com\/www.vss-sezana.si\/wp-content\/uploads\/2013\/10\/Tomi-Kanalec-Natural-forces.jpg?fit=1000%2C668&ssl=1' data-rel='gallery-1' data-prev-img='https:\/\/i0.wp.com\/www.vss-sezana.si\/wp-content\/uploads\/2013\/10\/Tomi-Kanalec-Natural-forces.jpg?resize=495%2C400&ssl=1' class='first_thumb lightbox ' data-onclick='1' title='Tomi Kanalec - Natural forces'  itemprop=\"thumbnailUrl\" ><img  src='https:\/\/i0.wp.com\/www.vss-sezana.si\/wp-content\/uploads\/2013\/10\/Tomi-Kanalec-Natural-forces.jpg?resize=450%2C450&ssl=1' width='450' height='450'  title='Tomi Kanalec - Natural forces' alt='Tomi Kanalec - Natural forces' \/><\/a> <a href='https:\/\/i0.wp.com\/www.vss-sezana.si\/wp-content\/uploads\/2013\/10\/janja-%C5%A1inigoj-ow-yeah.jpg?fit=667%2C1000&ssl=1' data-rel='gallery-1' data-prev-img='https:\/\/i0.wp.com\/www.vss-sezana.si\/wp-content\/uploads\/2013\/10\/janja-%C5%A1inigoj-ow-yeah.jpg?resize=495%2C400&ssl=1' class='lightbox ' data-onclick='2' title='Janja \u0160inigoj - Ow yeah!'  itemprop=\"thumbnailUrl\" ><img  src='https:\/\/i0.wp.com\/www.vss-sezana.si\/wp-content\/uploads\/2013\/10\/janja-%C5%A1inigoj-ow-yeah.jpg?resize=450%2C450&ssl=1' width='450' height='450'  title='Janja \u0160inigoj - Ow yeah!' alt='Janja \u0160inigoj - Ow yeah!' \/><\/a> <a href='https:\/\/i0.wp.com\/www.vss-sezana.si\/wp-content\/uploads\/2013\/10\/Nu%C5%A1a-%C5%A0vara-%C4%8Devlji.jpg?fit=1000%2C666&ssl=1' data-rel='gallery-1' data-prev-img='https:\/\/i0.wp.com\/www.vss-sezana.si\/wp-content\/uploads\/2013\/10\/Nu%C5%A1a-%C5%A0vara-%C4%8Devlji.jpg?resize=495%2C400&ssl=1' class='lightbox ' data-onclick='3' title='Nu\u0161a \u0160vara - \u010cevlji'  itemprop=\"thumbnailUrl\" ><img  src='https:\/\/i0.wp.com\/www.vss-sezana.si\/wp-content\/uploads\/2013\/10\/Nu%C5%A1a-%C5%A0vara-%C4%8Devlji.jpg?resize=450%2C450&ssl=1' width='450' height='450'  title='Nu\u0161a \u0160vara - \u010cevlji' alt='Nu\u0161a \u0160vara - \u010cevlji' \/><\/a> <a href='https:\/\/i0.wp.com\/www.vss-sezana.si\/wp-content\/uploads\/2013\/10\/Tina-Kocjan-big-foot.jpg?fit=1000%2C668&ssl=1' data-rel='gallery-1' data-prev-img='https:\/\/i0.wp.com\/www.vss-sezana.si\/wp-content\/uploads\/2013\/10\/Tina-Kocjan-big-foot.jpg?resize=495%2C400&ssl=1' class='lightbox ' data-onclick='4' title='Tina Kocjan - Big foot'  itemprop=\"thumbnailUrl\" ><img  src='https:\/\/i0.wp.com\/www.vss-sezana.si\/wp-content\/uploads\/2013\/10\/Tina-Kocjan-big-foot.jpg?resize=450%2C450&ssl=1' width='450' height='450'  title='Tina Kocjan - Big foot' alt='Tina Kocjan - Big foot' \/><\/a> <a href='https:\/\/i0.wp.com\/www.vss-sezana.si\/wp-content\/uploads\/2013\/10\/Jasmina-Gladek-Umazane-noge.jpg?fit=664%2C1000&ssl=1' data-rel='gallery-1' data-prev-img='https:\/\/i0.wp.com\/www.vss-sezana.si\/wp-content\/uploads\/2013\/10\/Jasmina-Gladek-Umazane-noge.jpg?resize=495%2C400&ssl=1' class='lightbox ' data-onclick='5' title='Jasmina Gladek - Umazane noge!'  itemprop=\"thumbnailUrl\" ><img  src='https:\/\/i0.wp.com\/www.vss-sezana.si\/wp-content\/uploads\/2013\/10\/Jasmina-Gladek-Umazane-noge.jpg?resize=450%2C450&ssl=1' width='450' height='450'  title='Jasmina Gladek - Umazane noge!' alt='Jasmina Gladek - Umazane noge!' \/><\/a> <a href='https:\/\/i0.wp.com\/www.vss-sezana.si\/wp-content\/uploads\/2013\/10\/Jasmina-Gladek-Kje-se-to-v%C5%BEge.jpg?fit=1000%2C664&ssl=1' data-rel='gallery-1' data-prev-img='https:\/\/i0.wp.com\/www.vss-sezana.si\/wp-content\/uploads\/2013\/10\/Jasmina-Gladek-Kje-se-to-v%C5%BEge.jpg?resize=495%2C400&ssl=1' class='first_thumb lightbox ' data-onclick='6' title='Jasmina Gladek - Kje se to v\u017ege'  itemprop=\"thumbnailUrl\" ><img  src='https:\/\/i0.wp.com\/www.vss-sezana.si\/wp-content\/uploads\/2013\/10\/Jasmina-Gladek-Kje-se-to-v%C5%BEge.jpg?resize=450%2C450&ssl=1' width='450' height='450'  title='Jasmina Gladek - Kje se to v\u017ege' alt='Jasmina Gladek - Kje se to v\u017ege' \/><\/a> <a href='https:\/\/i0.wp.com\/www.vss-sezana.si\/wp-content\/uploads\/2013\/10\/Jasmina-Gladek-Po-delu-se-prile%C5%BEe-po%C4%8Ditek.jpg?fit=1000%2C664&ssl=1' data-rel='gallery-1' data-prev-img='https:\/\/i0.wp.com\/www.vss-sezana.si\/wp-content\/uploads\/2013\/10\/Jasmina-Gladek-Po-delu-se-prile%C5%BEe-po%C4%8Ditek.jpg?resize=495%2C400&ssl=1' class='lightbox ' data-onclick='7' title='Jasmina Gladek - Po delu se prile\u017ee po\u010ditek'  itemprop=\"thumbnailUrl\" ><img  src='https:\/\/i0.wp.com\/www.vss-sezana.si\/wp-content\/uploads\/2013\/10\/Jasmina-Gladek-Po-delu-se-prile%C5%BEe-po%C4%8Ditek.jpg?resize=450%2C450&ssl=1' width='450' height='450'  title='Jasmina Gladek - Po delu se prile\u017ee po\u010ditek' alt='Jasmina Gladek - Po delu se prile\u017ee po\u010ditek' \/><\/a> <a href='https:\/\/i0.wp.com\/www.vss-sezana.si\/wp-content\/uploads\/2013\/10\/Jasmina-Gladek-Greva-tudi-midva.jpg?fit=1000%2C664&ssl=1' data-rel='gallery-1' data-prev-img='https:\/\/i0.wp.com\/www.vss-sezana.si\/wp-content\/uploads\/2013\/10\/Jasmina-Gladek-Greva-tudi-midva.jpg?resize=495%2C400&ssl=1' class='lightbox ' data-onclick='8' title='Jasmina Gladek - Greva tudi midva'  itemprop=\"thumbnailUrl\" ><img  src='https:\/\/i0.wp.com\/www.vss-sezana.si\/wp-content\/uploads\/2013\/10\/Jasmina-Gladek-Greva-tudi-midva.jpg?resize=450%2C450&ssl=1' width='450' height='450'  title='Jasmina Gladek - Greva tudi midva' alt='Jasmina Gladek - Greva tudi midva' \/><\/a> <a href='https:\/\/i0.wp.com\/www.vss-sezana.si\/wp-content\/uploads\/2013\/10\/Tina-Kocjan-dust-in-the-wind.jpg?fit=1000%2C668&ssl=1' data-rel='gallery-1' data-prev-img='https:\/\/i0.wp.com\/www.vss-sezana.si\/wp-content\/uploads\/2013\/10\/Tina-Kocjan-dust-in-the-wind.jpg?resize=495%2C400&ssl=1' class='lightbox ' data-onclick='9' title='Tina Kocjan - Dust in the wind'  itemprop=\"thumbnailUrl\" ><img  src='https:\/\/i0.wp.com\/www.vss-sezana.si\/wp-content\/uploads\/2013\/10\/Tina-Kocjan-dust-in-the-wind.jpg?resize=450%2C450&ssl=1' width='450' height='450'  title='Tina Kocjan - Dust in the wind' alt='Tina Kocjan - Dust in the wind' \/><\/a> <a href='https:\/\/i0.wp.com\/www.vss-sezana.si\/wp-content\/uploads\/2013\/10\/Tomi-Kanalec-Two-sets-of-eyes.jpg?fit=999%2C665&ssl=1' data-rel='gallery-1' data-prev-img='https:\/\/i0.wp.com\/www.vss-sezana.si\/wp-content\/uploads\/2013\/10\/Tomi-Kanalec-Two-sets-of-eyes.jpg?resize=495%2C400&ssl=1' class='lightbox ' data-onclick='10' title='Tomi Kanalec - Two sets of eyes'  itemprop=\"thumbnailUrl\" ><img  src='https:\/\/i0.wp.com\/www.vss-sezana.si\/wp-content\/uploads\/2013\/10\/Tomi-Kanalec-Two-sets-of-eyes.jpg?resize=450%2C450&ssl=1' width='450' height='450'  title='Tomi Kanalec - Two sets of eyes' alt='Tomi Kanalec - Two sets of eyes' \/><\/a> <a href='https:\/\/i0.wp.com\/www.vss-sezana.si\/wp-content\/uploads\/2013\/10\/Tomi-Kanalec-Percision.jpg?fit=999%2C665&ssl=1' data-rel='gallery-1' data-prev-img='https:\/\/i0.wp.com\/www.vss-sezana.si\/wp-content\/uploads\/2013\/10\/Tomi-Kanalec-Percision.jpg?resize=495%2C400&ssl=1' class='first_thumb lightbox ' data-onclick='11' title='Tomi Kanalec - Percision'  itemprop=\"thumbnailUrl\" ><img  src='https:\/\/i0.wp.com\/www.vss-sezana.si\/wp-content\/uploads\/2013\/10\/Tomi-Kanalec-Percision.jpg?resize=450%2C450&ssl=1' width='450' height='450'  title='Tomi Kanalec - Percision' alt='Tomi Kanalec - Percision' \/><\/a> <a href='https:\/\/i0.wp.com\/www.vss-sezana.si\/wp-content\/uploads\/2013\/10\/Tomi-Kanalec-Another-perspective.jpg?fit=999%2C665&ssl=1' data-rel='gallery-1' data-prev-img='https:\/\/i0.wp.com\/www.vss-sezana.si\/wp-content\/uploads\/2013\/10\/Tomi-Kanalec-Another-perspective.jpg?resize=495%2C400&ssl=1' class='lightbox ' data-onclick='12' title='Tomi Kanalec - Another perspective'  itemprop=\"thumbnailUrl\" ><img  src='https:\/\/i0.wp.com\/www.vss-sezana.si\/wp-content\/uploads\/2013\/10\/Tomi-Kanalec-Another-perspective.jpg?resize=450%2C450&ssl=1' width='450' height='450'  title='Tomi Kanalec - Another perspective' alt='Tomi Kanalec - Another perspective' \/><\/a> <a href='https:\/\/i0.wp.com\/www.vss-sezana.si\/wp-content\/uploads\/2013\/10\/Tomi-Kanalec-Colaboration.jpg?fit=999%2C665&ssl=1' data-rel='gallery-1' data-prev-img='https:\/\/i0.wp.com\/www.vss-sezana.si\/wp-content\/uploads\/2013\/10\/Tomi-Kanalec-Colaboration.jpg?resize=495%2C400&ssl=1' class='lightbox ' data-onclick='13' title='Tomi Kanalec - Colaboration'  itemprop=\"thumbnailUrl\" ><img  src='https:\/\/i0.wp.com\/www.vss-sezana.si\/wp-content\/uploads\/2013\/10\/Tomi-Kanalec-Colaboration.jpg?resize=450%2C450&ssl=1' width='450' height='450'  title='Tomi Kanalec - Colaboration' alt='Tomi Kanalec - Colaboration' \/><\/a> <a href='https:\/\/i0.wp.com\/www.vss-sezana.si\/wp-content\/uploads\/2013\/10\/liana-montserrat4.jpg?fit=686%2C1030&ssl=1' data-rel='gallery-1' data-prev-img='https:\/\/i0.wp.com\/www.vss-sezana.si\/wp-content\/uploads\/2013\/10\/liana-montserrat4.jpg?resize=495%2C400&ssl=1' class='lightbox ' data-onclick='14' title='Liana Montserrat - Damjan in his element'  itemprop=\"thumbnailUrl\" ><img  src='https:\/\/i0.wp.com\/www.vss-sezana.si\/wp-content\/uploads\/2013\/10\/liana-montserrat4.jpg?resize=450%2C450&ssl=1' width='450' height='450'  title='Liana Montserrat - Damjan in his element' alt='Liana Montserrat - Damjan in his element' \/><\/a> <a href='https:\/\/i0.wp.com\/www.vss-sezana.si\/wp-content\/uploads\/2013\/10\/Alisa-Gonzalez-Girls.jpg?fit=1000%2C667&ssl=1' data-rel='gallery-1' data-prev-img='https:\/\/i0.wp.com\/www.vss-sezana.si\/wp-content\/uploads\/2013\/10\/Alisa-Gonzalez-Girls.jpg?resize=495%2C400&ssl=1' class='lightbox ' data-onclick='15' title='Alisa Gonzalez - Girls'  itemprop=\"thumbnailUrl\" ><img  src='https:\/\/i0.wp.com\/www.vss-sezana.si\/wp-content\/uploads\/2013\/10\/Alisa-Gonzalez-Girls.jpg?resize=450%2C450&ssl=1' width='450' height='450'  title='Alisa Gonzalez - Girls' alt='Alisa Gonzalez - Girls' \/><\/a><\/div><\/div>\n","protected":false},"excerpt":{"rendered":"<p>Ve\u0161 tisti \u010darobni ob\u010dutek, ko se zbudi\u0161 in ve\u0161 da bo super dan! Potem upa\u0161, da te zunaj \u010daka son\u010dek\u2026. in na koncu pristane\u0161 na realnih, od de\u017eja premo\u010denih tleh\u2026 kljub temu smo zakorakali v \u0161e en pre\u010dudovit dan. Dan je potekal po ustaljenem ritmu. Po zajtrku smo se nekateri napotili v na\u0161 \u00bbmini studio\u00ab, [&hellip;]<\/p>\n","protected":false},"author":10,"featured_media":2165,"comment_status":"open","ping_status":"open","sticky":false,"template":"","format":"standard","meta":{"_jetpack_newsletter_access":"","_jetpack_dont_email_post_to_subs":false,"_jetpack_newsletter_tier_id":0,"_jetpack_memberships_contains_paywalled_content":false,"_jetpack_memberships_contains_paid_content":false,"footnotes":""},"categories":[64],"tags":[],"class_list":["post-2123","post","type-post","status-publish","format-standard","has-post-thumbnail","hentry","category-erazmus-blog"],"aioseo_notices":[],"jetpack_featured_media_url":"https:\/\/i0.wp.com\/www.vss-sezana.si\/wp-content\/uploads\/2013\/10\/Nu%C5%A1a-%C5%A0vara-Kamnolom.jpg?fit=1000%2C666&ssl=1","jetpack_sharing_enabled":true,"jetpack_shortlink":"https:\/\/wp.me\/p6N9ot-yf","jetpack-related-posts":[],"_links":{"self":[{"href":"https:\/\/www.vss-sezana.si\/index.php?rest_route=\/wp\/v2\/posts\/2123","targetHints":{"allow":["GET"]}}],"collection":[{"href":"https:\/\/www.vss-sezana.si\/index.php?rest_route=\/wp\/v2\/posts"}],"about":[{"href":"https:\/\/www.vss-sezana.si\/index.php?rest_route=\/wp\/v2\/types\/post"}],"author":[{"embeddable":true,"href":"https:\/\/www.vss-sezana.si\/index.php?rest_route=\/wp\/v2\/users\/10"}],"replies":[{"embeddable":true,"href":"https:\/\/www.vss-sezana.si\/index.php?rest_route=%2Fwp%2Fv2%2Fcomments&post=2123"}],"version-history":[{"count":9,"href":"https:\/\/www.vss-sezana.si\/index.php?rest_route=\/wp\/v2\/posts\/2123\/revisions"}],"predecessor-version":[{"id":6516,"href":"https:\/\/www.vss-sezana.si\/index.php?rest_route=\/wp\/v2\/posts\/2123\/revisions\/6516"}],"wp:featuredmedia":[{"embeddable":true,"href":"https:\/\/www.vss-sezana.si\/index.php?rest_route=\/wp\/v2\/media\/2165"}],"wp:attachment":[{"href":"https:\/\/www.vss-sezana.si\/index.php?rest_route=%2Fwp%2Fv2%2Fmedia&parent=2123"}],"wp:term":[{"taxonomy":"category","embeddable":true,"href":"https:\/\/www.vss-sezana.si\/index.php?rest_route=%2Fwp%2Fv2%2Fcategories&post=2123"},{"taxonomy":"post_tag","embeddable":true,"href":"https:\/\/www.vss-sezana.si\/index.php?rest_route=%2Fwp%2Fv2%2Ftags&post=2123"}],"curies":[{"name":"wp","href":"https:\/\/api.w.org\/{rel}","templated":true}]}}