{"id":10969,"date":"2024-10-25T15:05:51","date_gmt":"2024-10-25T13:05:51","guid":{"rendered":"https:\/\/www.vss-sezana.si\/?p=10969"},"modified":"2024-10-25T15:08:57","modified_gmt":"2024-10-25T13:08:57","slug":"volitve-predstavnikov-studentov-v-studentski-svet-in-svet-zavoda-sc-sezana-3","status":"publish","type":"post","link":"https:\/\/www.vss-sezana.si\/?p=10969","title":{"rendered":"Volitve predstavnikov \u0161tudentov v \u0161tudentski svet in svet zavoda \u0160C Se\u017eana"},"content":{"rendered":"<section class=\"av_textblock_section \"  itemscope=\"itemscope\" itemtype=\"https:\/\/schema.org\/BlogPosting\" itemprop=\"blogPost\" ><div class='avia_textblock  '   itemprop=\"text\" ><h2>Volitve predstavnikov \u0161tudentov v \u0161tudentski svet in svet zavoda \u0160C Se\u017eana<\/h2>\n<p>V\u00a0<strong>ponedeljek, 28. 10. 2024<\/strong>, bodo potekale volitve predstavnikov \u0161tudentov Vi\u0161je strokovne \u0161ole v \u0161tudentski svet in svet zavoda \u0160olskega centra Sre\u010dka Kosovela Se\u017eana. Glasovanje bo potekalo med 11.30 in 14.30 uro, v \u0161tudentski sobi, pod nadzorom \u010dlanov \u0161tudentske volilne komisije. Volijo lahko vsi \u0161tudentje Vi\u0161je strokovne \u0161ole, tako da ob imenu kandidata obkro\u017eijo besedico da ali ne.<u><\/u><u><\/u><\/p>\n<p>Volitve so veljavne, \u010de se jih udele\u017ei vsaj polovica letos vpisanih \u0161tudentov.<u><\/u><u><\/u><\/p>\n<p><strong>\u0160tudentski svet<\/strong>\u00a0je edini reprezentativni organ skupnosti \u0161tudentov Vi\u0161je strokovne \u0161ole, ki jo sestavljajo vsi v teko\u010dem \u0161tudijskem letu v \u0161olo vpisani \u0161tudentje. Naloga \u0161tudentskega sveta, je predvsem\u00a0<strong>zastopanje interesov vseh \u0161tudentov Vi\u0161je strokovne \u0161ole in informiranje\u00a0<\/strong>kolegov o dejavnostih in odlo\u010ditvah vodstva \u0161ole.<u><\/u><u><\/u><\/p>\n<p>\u0160tudentje imajo v\u00a0<strong>svetu zavoda \u0160C Se\u017eana<\/strong>, ki je najvi\u0161ji organ \u0161olskega centra Sre\u010dka Kosovela Se\u017eana, tri predstavnike. Njihova naloga je zastopanje interesov vseh \u0161tudentov in vi\u0161je \u0161ole kot enote zavoda.<u><\/u><u><\/u><\/p>\n<p><u><\/u>\u00a0<u><\/u><\/p>\n<p>Za predstavnike \u0161tudentskega sveta in v svetu zavoda \u0160C Se\u017eana kandidirajo:<\/p>\n<ol>\n<li>Sara Emer\u0161i\u010d (redna \u0161tudentka fotografije, 2. letnik),<\/li>\n<li>Gaja Jej\u010di\u010d (redna \u0161tudentka fotografije, 2. letnik),<\/li>\n<li>Alja\u017e Gaj\u0161ek (redni \u0161tudent fotografije, 1. letnik),<u><\/u><u><\/u><\/li>\n<li>Matic Jontes (redni \u0161tudent oblikovanja materialov 1. letnik)<u><\/u><u><\/u><\/li>\n<li>Eli Pavlica (redna \u0161tudentka fotografije, 1. letnik),<u><\/u><u><\/u><\/li>\n<\/ol>\n<p>Vabljeni!<u><\/u><u><\/u><\/p>\n<\/div><\/section>\n","protected":false},"excerpt":{"rendered":"<p>V\u00a0ponedeljek, 28. 10. 2024, bodo potekale volitve predstavnikov \u0161tudentov Vi\u0161je strokovne \u0161ole v \u0161tudentski svet in svet zavoda \u0160olskega centra Sre\u010dka Kosovela Se\u017eana. Glasovanje bo potekalo med 11.30 in 14.30 uro, v \u0161tudentski sobi&#8230;<\/p>\n","protected":false},"author":4,"featured_media":0,"comment_status":"open","ping_status":"open","sticky":false,"template":"","format":"standard","meta":{"_jetpack_newsletter_access":"","_jetpack_dont_email_post_to_subs":false,"_jetpack_newsletter_tier_id":0,"_jetpack_memberships_contains_paywalled_content":false,"_jetpack_memberships_contains_paid_content":false,"footnotes":""},"categories":[12,13,1],"tags":[],"class_list":["post-10969","post","type-post","status-publish","format-standard","hentry","category-aktualno","category-obvestila","category-nekategorizirano"],"aioseo_notices":[],"jetpack_featured_media_url":"","jetpack_sharing_enabled":true,"jetpack_shortlink":"https:\/\/wp.me\/p6N9ot-2QV","jetpack-related-posts":[],"_links":{"self":[{"href":"https:\/\/www.vss-sezana.si\/index.php?rest_route=\/wp\/v2\/posts\/10969","targetHints":{"allow":["GET"]}}],"collection":[{"href":"https:\/\/www.vss-sezana.si\/index.php?rest_route=\/wp\/v2\/posts"}],"about":[{"href":"https:\/\/www.vss-sezana.si\/index.php?rest_route=\/wp\/v2\/types\/post"}],"author":[{"embeddable":true,"href":"https:\/\/www.vss-sezana.si\/index.php?rest_route=\/wp\/v2\/users\/4"}],"replies":[{"embeddable":true,"href":"https:\/\/www.vss-sezana.si\/index.php?rest_route=%2Fwp%2Fv2%2Fcomments&post=10969"}],"version-history":[{"count":4,"href":"https:\/\/www.vss-sezana.si\/index.php?rest_route=\/wp\/v2\/posts\/10969\/revisions"}],"predecessor-version":[{"id":10974,"href":"https:\/\/www.vss-sezana.si\/index.php?rest_route=\/wp\/v2\/posts\/10969\/revisions\/10974"}],"wp:attachment":[{"href":"https:\/\/www.vss-sezana.si\/index.php?rest_route=%2Fwp%2Fv2%2Fmedia&parent=10969"}],"wp:term":[{"taxonomy":"category","embeddable":true,"href":"https:\/\/www.vss-sezana.si\/index.php?rest_route=%2Fwp%2Fv2%2Fcategories&post=10969"},{"taxonomy":"post_tag","embeddable":true,"href":"https:\/\/www.vss-sezana.si\/index.php?rest_route=%2Fwp%2Fv2%2Ftags&post=10969"}],"curies":[{"name":"wp","href":"https:\/\/api.w.org\/{rel}","templated":true}]}}