{"id":10213,"date":"2022-08-18T07:21:00","date_gmt":"2022-08-18T05:21:00","guid":{"rendered":"https:\/\/www.vss-sezana.si\/?p=10213"},"modified":"2022-08-17T08:22:21","modified_gmt":"2022-08-17T06:22:21","slug":"informativni-dan-za-vpis-v-studijsko-leto-2022-2023","status":"publish","type":"post","link":"https:\/\/www.vss-sezana.si\/?p=10213","title":{"rendered":"Informativni dan za vpis v \u0161tudijsko leto 2022\/2023"},"content":{"rendered":"\n<p>Vabljeni na informativni dan za vpis na programa\u00a0<strong>Fotografija\u00a0<\/strong>in\u00a0<strong>Oblikovanje materialov<\/strong>\u00a0v \u0161tudijskem letu 2022\/23. Informativni dan bo potekal v\u00a0<strong>torek, 23. 8. 2022,<\/strong>\u00a0ob 16. uri, v prostorih \u0161ole na Kra\u0161ki ulici 2 v Se\u017eani.\u00a0<\/p>\n\n\n\n<p>Po uvodni predstavitvi \u0161tudijskih programov si bomo pogledali \u0161e delovne prostore \u0161ole in poklepetali s predavatelji.<\/p>\n\n\n\n<p>Koristne povezave:<\/p>\n\n\n\n<p>\u2013 vpis v jesenskem roku (2. vpisni rok): <a href=\"https:\/\/www.vss-sezana.si\/?page_id=82\">https:\/\/www.vss-sezana.si\/?page_id=82<\/a><br>\u2013 program Oblikovanje materialov:\u00a0<a href=\"https:\/\/www.vss-sezana.si\/?page_id=58\">https:\/\/www.vss-sezana.si\/?page_id=58<\/a><br>\u2013 program Fotografija:\u00a0<a href=\"https:\/\/www.vss-sezana.si\/?page_id=60\">https:\/\/www.vss-sezana.si\/?page_id=60<\/a><br>\u2013 podpora rednemu \u0161tudiju oblikovanja materialov na VS\u0160 Se\u017eana:\u00a0<a href=\"https:\/\/www.vss-sezana.si\/?p=6571\">https:\/\/www.vss-sezana.si\/?p=6571<\/a><br>\u2013 dogodki in aktivnosti VS\u0160 Se\u017eana: <a href=\"https:\/\/sl-si.facebook.com\/fotografijakamen\/\">Facebook<\/a> in <a href=\"https:\/\/www.instagram.com\/visja_sola_sezana\/\">Instagram\u00a0<\/a><\/p>\n\n\n\n<p>Veselimo se sre\u010danja z vami! <\/p>\n\n\n\n<figure class=\"wp-block-image size-large\"><img data-recalc-dims=\"1\" loading=\"lazy\" decoding=\"async\" width=\"1030\" height=\"334\" data-attachment-id=\"10214\" data-permalink=\"https:\/\/www.vss-sezana.si\/?attachment_id=10214\" data-orig-file=\"https:\/\/i0.wp.com\/www.vss-sezana.si\/wp-content\/uploads\/2022\/08\/299797969_1352802048461531_2299086737284826319_n.jpg?fit=2256%2C732&amp;ssl=1\" data-orig-size=\"2256,732\" data-comments-opened=\"1\" data-image-meta=\"{&quot;aperture&quot;:&quot;0&quot;,&quot;credit&quot;:&quot;&quot;,&quot;camera&quot;:&quot;&quot;,&quot;caption&quot;:&quot;&quot;,&quot;created_timestamp&quot;:&quot;0&quot;,&quot;copyright&quot;:&quot;&quot;,&quot;focal_length&quot;:&quot;0&quot;,&quot;iso&quot;:&quot;0&quot;,&quot;shutter_speed&quot;:&quot;0&quot;,&quot;title&quot;:&quot;&quot;,&quot;orientation&quot;:&quot;0&quot;}\" data-image-title=\"299797969_1352802048461531_2299086737284826319_n\" data-image-description=\"\" data-image-caption=\"\" data-large-file=\"https:\/\/i0.wp.com\/www.vss-sezana.si\/wp-content\/uploads\/2022\/08\/299797969_1352802048461531_2299086737284826319_n.jpg?fit=1030%2C334&amp;ssl=1\" src=\"https:\/\/i0.wp.com\/www.vss-sezana.si\/wp-content\/uploads\/2022\/08\/299797969_1352802048461531_2299086737284826319_n.jpg?resize=1030%2C334&#038;ssl=1\" alt=\"\" class=\"wp-image-10214\" srcset=\"https:\/\/i0.wp.com\/www.vss-sezana.si\/wp-content\/uploads\/2022\/08\/299797969_1352802048461531_2299086737284826319_n.jpg?resize=1030%2C334&amp;ssl=1 1030w, https:\/\/i0.wp.com\/www.vss-sezana.si\/wp-content\/uploads\/2022\/08\/299797969_1352802048461531_2299086737284826319_n.jpg?resize=300%2C97&amp;ssl=1 300w, https:\/\/i0.wp.com\/www.vss-sezana.si\/wp-content\/uploads\/2022\/08\/299797969_1352802048461531_2299086737284826319_n.jpg?resize=768%2C249&amp;ssl=1 768w, https:\/\/i0.wp.com\/www.vss-sezana.si\/wp-content\/uploads\/2022\/08\/299797969_1352802048461531_2299086737284826319_n.jpg?resize=1536%2C498&amp;ssl=1 1536w, https:\/\/i0.wp.com\/www.vss-sezana.si\/wp-content\/uploads\/2022\/08\/299797969_1352802048461531_2299086737284826319_n.jpg?resize=2048%2C665&amp;ssl=1 2048w, https:\/\/i0.wp.com\/www.vss-sezana.si\/wp-content\/uploads\/2022\/08\/299797969_1352802048461531_2299086737284826319_n.jpg?resize=1500%2C487&amp;ssl=1 1500w, https:\/\/i0.wp.com\/www.vss-sezana.si\/wp-content\/uploads\/2022\/08\/299797969_1352802048461531_2299086737284826319_n.jpg?resize=705%2C229&amp;ssl=1 705w, https:\/\/i0.wp.com\/www.vss-sezana.si\/wp-content\/uploads\/2022\/08\/299797969_1352802048461531_2299086737284826319_n.jpg?resize=450%2C146&amp;ssl=1 450w\" sizes=\"auto, (max-width: 1030px) 100vw, 1030px\" \/><\/figure>\n","protected":false},"excerpt":{"rendered":"<p>Vabljeni na informativni dan za vpis na programa\u00a0Fotografija\u00a0in\u00a0Oblikovanje materialov\u00a0v \u0161tudijskem letu 2022\/23. Informativni dan bo potekal v\u00a0torek, 23. 8. 2022,\u00a0ob 16. uri, v prostorih \u0161ole na Kra\u0161ki ulici 2 v Se\u017eani.\u00a0 Po uvodni predstavitvi \u0161tudijskih programov si bomo pogledali \u0161e delovne prostore \u0161ole in poklepetali s predavatelji. Koristne povezave: \u2013 vpis v jesenskem roku (2. [&hellip;]<\/p>\n","protected":false},"author":2,"featured_media":0,"comment_status":"open","ping_status":"open","sticky":false,"template":"","format":"standard","meta":{"_jetpack_newsletter_access":"","_jetpack_dont_email_post_to_subs":false,"_jetpack_newsletter_tier_id":0,"_jetpack_memberships_contains_paywalled_content":false,"_jetpack_memberships_contains_paid_content":false,"footnotes":""},"categories":[1],"tags":[],"class_list":["post-10213","post","type-post","status-publish","format-standard","hentry","category-nekategorizirano"],"aioseo_notices":[],"jetpack_featured_media_url":"","jetpack_sharing_enabled":true,"jetpack_shortlink":"https:\/\/wp.me\/p6N9ot-2EJ","jetpack-related-posts":[],"_links":{"self":[{"href":"https:\/\/www.vss-sezana.si\/index.php?rest_route=\/wp\/v2\/posts\/10213","targetHints":{"allow":["GET"]}}],"collection":[{"href":"https:\/\/www.vss-sezana.si\/index.php?rest_route=\/wp\/v2\/posts"}],"about":[{"href":"https:\/\/www.vss-sezana.si\/index.php?rest_route=\/wp\/v2\/types\/post"}],"author":[{"embeddable":true,"href":"https:\/\/www.vss-sezana.si\/index.php?rest_route=\/wp\/v2\/users\/2"}],"replies":[{"embeddable":true,"href":"https:\/\/www.vss-sezana.si\/index.php?rest_route=%2Fwp%2Fv2%2Fcomments&post=10213"}],"version-history":[{"count":1,"href":"https:\/\/www.vss-sezana.si\/index.php?rest_route=\/wp\/v2\/posts\/10213\/revisions"}],"predecessor-version":[{"id":10215,"href":"https:\/\/www.vss-sezana.si\/index.php?rest_route=\/wp\/v2\/posts\/10213\/revisions\/10215"}],"wp:attachment":[{"href":"https:\/\/www.vss-sezana.si\/index.php?rest_route=%2Fwp%2Fv2%2Fmedia&parent=10213"}],"wp:term":[{"taxonomy":"category","embeddable":true,"href":"https:\/\/www.vss-sezana.si\/index.php?rest_route=%2Fwp%2Fv2%2Fcategories&post=10213"},{"taxonomy":"post_tag","embeddable":true,"href":"https:\/\/www.vss-sezana.si\/index.php?rest_route=%2Fwp%2Fv2%2Ftags&post=10213"}],"curies":[{"name":"wp","href":"https:\/\/api.w.org\/{rel}","templated":true}]}}